{"id":564058,"date":"2025-11-28T08:13:20","date_gmt":"2025-11-28T08:13:20","guid":{"rendered":"https:\/\/www.europesays.com\/fr\/564058\/"},"modified":"2025-11-28T08:13:20","modified_gmt":"2025-11-28T08:13:20","slug":"le-nigeria-lance-un-plan-national-pour-securiser-ses-debouches-agricoles-en-europe","status":"publish","type":"post","link":"https:\/\/www.europesays.com\/fr\/564058\/","title":{"rendered":"Le Nigeria lance un plan national pour s\u00e9curiser ses d\u00e9bouch\u00e9s agricoles en Europe"},"content":{"rendered":"<p>Le Nigeria vient de d\u00e9voiler une nouvelle strat\u00e9gie nationale pour se conformer aux nouvelles exigences europ\u00e9ennes de lutte contre la d\u00e9forestation. D\u00e9nomm\u00e9e \u00ab\u00a0White Paper on Strategy for EUDR Compliance in Nigeria \u00bb, ce document officiel a \u00e9t\u00e9 pr\u00e9sent\u00e9 lors d\u2019une c\u00e9r\u00e9monie, \u00e0 Abuja, la capitale, ce jeudi 27 novembre.<\/p>\n<p>Concr\u00e8tement, ce document permet au minist\u00e8re de l\u2019Agriculture de poser un cadre de tra\u00e7abilit\u00e9, de surveillance des exploitations agricoles et de contr\u00f4le des cha\u00eenes d\u2019approvisionnement afin de pr\u00e9server l\u2019acc\u00e8s de ses exportations agricoles \u00e0 l\u2019Union europ\u00e9enne. D\u2019apr\u00e8s le gouvernement, l\u2019objectif est que les produits agricoles destin\u00e9s \u00e0 l\u2019exportation soient d\u00e9sormais \u00ab tra\u00e7ables jusqu\u2019\u00e0 la limite exacte de la ferme, produits l\u00e9galement et v\u00e9rifiables comme \u00e9tant exempts de d\u00e9forestation \u00bb.<\/p>\n<p><strong>Un protocole d&rsquo;entente strat\u00e9gique<\/strong>&#13;\n<\/p>\n<p>Pour d\u00e9ployer efficacement cette strat\u00e9gie, les autorit\u00e9s nig\u00e9rianes ont \u00e9galement annonc\u00e9 un protocole d\u2019entente (MoU) entre le minist\u00e8re de l\u2019Agriculture et la National Space Research and Development Agency (NASRDA), l\u2019agence spatiale du pays d\u2019Afrique de l\u2019Ouest. Gr\u00e2ce \u00e0 cet accord, l\u2019agence spatiale fournira des images satellitaires, un suivi en temps r\u00e9el des terres agricoles ainsi qu\u2019une expertise technique pour assurer le suivi des productions. De son c\u00f4t\u00e9, le minist\u00e8re coordonnera l\u2019engagement des producteurs, l\u2019int\u00e9gration des politiques et le d\u00e9ploiement national du dispositif.<\/p>\n<p>D\u2019apr\u00e8s le ministre de l&rsquo;Agriculture et de la S\u00e9curit\u00e9 alimentaire, Abubakar Kyari, cette d\u00e9marche est importante pour \u00ab prot\u00e9ger [les] agriculteurs, moderniser [les] cha\u00eenes de valeur et b\u00e2tir un secteur agricole capable de tenir sur la sc\u00e8ne mondiale \u00bb. Dans un contexte o\u00f9 l\u2019Union europ\u00e9enne impose des normes de durabilit\u00e9 de plus en plus strictes, ce type de r\u00e9forme s\u2019impose pour les pays exportateurs, sous peine de voir leurs d\u00e9bouch\u00e9s se restreindre, voire se fermer compl\u00e8tement.<\/p>\n<p><strong>Eviter des pertes potentielles<\/strong>&#13;\n<\/p>\n<p>Cette annonce intervient alors que le r\u00e8glement EUDR pourrait entrer en vigueur au 30 d\u00e9cembre 2026 pour les grandes et moyennes entreprises, et au 30 juin 2027 pour les micro et petites entreprises, sous r\u00e9serve de l\u2019adoption d\u00e9finitive du texte. Cette nouvelle r\u00e9glementation touche de nombreux produits agricoles comme le bois ou encore le caf\u00e9 et le cacao. Ces deux derniers produits dont le Nigeria est \u00e9galement producteur et exportateur, repr\u00e9sentaient en 2024, 8,3% des exportations de biens du pays vers l\u2019UE.<\/p>\n<p>D\u2019apr\u00e8s les autorit\u00e9s nig\u00e9rianes, le pays pourrait perdre \u00ab plus d\u2019un milliard de dollars de recettes d\u2019exportation directes et plus de trois milliards de dollars en valeur \u00e9conomique totale chaque ann\u00e9e \u00bb s\u2019il ne s\u2019adapte pas aux nouvelles r\u00e8glementations. Des pertes qui pourraient ajouter des pressions suppl\u00e9mentaires dans un contexte \u00e9conomique tendu et alors que l\u2019Etat continue de faire face \u00e0 des arbitrages difficiles pour pr\u00e9server le pouvoir d\u2019achat des populations tout en poursuivant ses projets de d\u00e9veloppement.<\/p>\n<p>Pour rappel, l\u2019Union europ\u00e9enne demeure le principal partenaire commercial multilat\u00e9ral du Nigeria, m\u00eame si cette relation reste largement domin\u00e9e par les hydrocarbures. Depuis 2021, Abuja affiche un exc\u00e9dent commercial moyen de 6 milliards d\u2019euros dans ses \u00e9changes avec le bloc, selon les donn\u00e9es de l\u2019Organisation mondiale du commerce (OMC). Mais, d\u2019apr\u00e8s la m\u00eame source, la valeur des \u00e9changes bilat\u00e9raux s\u2019est dans le m\u00eame temps r\u00e9duite au fil de la p\u00e9riode, passant de 41,7 milliards d\u2019euros en 2022 \u00e0 27,7 milliards en 2024.<\/p>\n","protected":false},"excerpt":{"rendered":"Le Nigeria vient de d\u00e9voiler une nouvelle strat\u00e9gie nationale pour se conformer aux nouvelles exigences europ\u00e9ennes de lutte&hellip;\n","protected":false},"author":2,"featured_media":564059,"comment_status":"","ping_status":"","sticky":false,"template":"","format":"standard","meta":{"footnotes":""},"categories":[1586],"tags":[930,17,11,14531,67996,1777,674,1011,27,59387,9447,3238,12,4778,5355,25,20230],"class_list":{"0":"post-564058","1":"post","2":"type-post","3":"status-publish","4":"format-standard","5":"has-post-thumbnail","7":"category-europe","8":"tag-le","9":"tag-17","10":"tag-actualites","11":"tag-agricoles","12":"tag-debouches","13":"tag-eu","14":"tag-europe","15":"tag-fr","16":"tag-france","17":"tag-la-tribune-afrique","18":"tag-lance","19":"tag-national","20":"tag-news","21":"tag-nigeria","22":"tag-plan","23":"tag-republique-francaise","24":"tag-securiser"},"share_on_mastodon":{"url":"https:\/\/pubeurope.com\/@fr\/115626325139671544","error":""},"_links":{"self":[{"href":"https:\/\/www.europesays.com\/fr\/wp-json\/wp\/v2\/posts\/564058","targetHints":{"allow":["GET"]}}],"collection":[{"href":"https:\/\/www.europesays.com\/fr\/wp-json\/wp\/v2\/posts"}],"about":[{"href":"https:\/\/www.europesays.com\/fr\/wp-json\/wp\/v2\/types\/post"}],"author":[{"embeddable":true,"href":"https:\/\/www.europesays.com\/fr\/wp-json\/wp\/v2\/users\/2"}],"replies":[{"embeddable":true,"href":"https:\/\/www.europesays.com\/fr\/wp-json\/wp\/v2\/comments?post=564058"}],"version-history":[{"count":0,"href":"https:\/\/www.europesays.com\/fr\/wp-json\/wp\/v2\/posts\/564058\/revisions"}],"wp:featuredmedia":[{"embeddable":true,"href":"https:\/\/www.europesays.com\/fr\/wp-json\/wp\/v2\/media\/564059"}],"wp:attachment":[{"href":"https:\/\/www.europesays.com\/fr\/wp-json\/wp\/v2\/media?parent=564058"}],"wp:term":[{"taxonomy":"category","embeddable":true,"href":"https:\/\/www.europesays.com\/fr\/wp-json\/wp\/v2\/categories?post=564058"},{"taxonomy":"post_tag","embeddable":true,"href":"https:\/\/www.europesays.com\/fr\/wp-json\/wp\/v2\/tags?post=564058"}],"curies":[{"name":"wp","href":"https:\/\/api.w.org\/{rel}","templated":true}]}}