{"id":564060,"date":"2025-11-28T08:14:10","date_gmt":"2025-11-28T08:14:10","guid":{"rendered":"https:\/\/www.europesays.com\/fr\/564060\/"},"modified":"2025-11-28T08:14:10","modified_gmt":"2025-11-28T08:14:10","slug":"lunion-europeenne-place-shein-sous-surveillance-accrue","status":"publish","type":"post","link":"https:\/\/www.europesays.com\/fr\/564060\/","title":{"rendered":"L\u2019Union europ\u00e9enne place Shein sous surveillance accrue"},"content":{"rendered":"<p class=\"chapo\">Apr\u00e8s avoir longtemps \u00e9chapp\u00e9 \u00e0 la vigilance des r\u00e9gulateurs, le g\u00e9ant chinois de la mode en ligne Shein fait d\u00e9sormais l\u2019objet d\u2019une surveillance accrue de la part des autorit\u00e9s europ\u00e9ennes, soucieuses de ses pratiques commerciales et environnementales.<\/p>\n<p>Tl;dr<\/p>\n<ul>\n<li>Shein cibl\u00e9e pour vente de produits ill\u00e9gaux et dangereux.<\/li>\n<li>L\u2019UE exige des mesures contre les risques pour les consommateurs.<\/li>\n<li>Vers un contr\u00f4le accru du e-commerce en Europe.<\/li>\n<\/ul>\n<p>Shein dans la tourmente\u00a0: le mod\u00e8le chinois sous la loupe europ\u00e9enne<\/p>\n<p>Depuis l\u2019automne, <a href=\"https:\/\/www.24matins.fr\/shein-quelle-est-la-veritable-prononciation-de-la-marque-de-mode-en-ligne-1397934\" target=\"_blank\" rel=\"noopener\">Shein<\/a> n\u2019en finit plus d\u2019attirer l\u2019attention des autorit\u00e9s europ\u00e9ennes. L\u2019entreprise, fond\u00e9e en Chine en 2012 et d\u00e9sormais bas\u00e9e \u00e0 Singapour, se retrouve au c\u0153ur d\u2019une temp\u00eate r\u00e9glementaire sur fond de produits jug\u00e9s dangereux et ill\u00e9gaux. En France, tout a commenc\u00e9 avec l\u2019apparition sur son site de poup\u00e9es sexuelles \u00e0 l\u2019apparence d\u2019enfant \u2013 une d\u00e9couverte gla\u00e7ante qui a imm\u00e9diatement provoqu\u00e9 l\u2019ouverture de plusieurs proc\u00e9dures gouvernementales.<\/p>\n<p>La pression monte sur les plateformes\u00a0: vers une suspension acc\u00e9l\u00e9r\u00e9e\u00a0?<\/p>\n<p>Face \u00e0 ces r\u00e9v\u00e9lations, la r\u00e9action politique ne s\u2019est pas fait attendre. Les eurod\u00e9put\u00e9s r\u00e9clament d\u00e9sormais que la suspension temporaire des places de march\u00e9 en ligne puisse devenir une mesure courante d\u00e8s qu\u2019une plateforme viole gravement le droit europ\u00e9en. Selon eux, il ne s\u2019agit plus de cas isol\u00e9s mais d\u2019un signe inqui\u00e9tant d\u2019un <strong>syst\u00e8me d\u00e9faillant<\/strong>. Une r\u00e9solution non contraignante, adopt\u00e9e mercredi au Parlement europ\u00e9en, appelle ainsi \u00e0 repenser l\u2019arsenal juridique face aux r\u00e9cidives constat\u00e9es sur des sites comme Shein.<\/p>\n<p>Une liste d\u2019exigences strictes a alors vu le jour\u00a0:<\/p>\n<ul>\n<li><strong>Protection accrue des mineurs<\/strong>, v\u00e9rification rigoureuse de l\u2019\u00e2ge des utilisateurs\u00a0;<\/li>\n<li>Suspension plus rapide des plateformes fautives\u00a0;<\/li>\n<li>Mise en conformit\u00e9 imm\u00e9diate avec le <strong>Digital Services Act (DSA)<\/strong>.<\/li>\n<\/ul>\n<p>L\u2019Union europ\u00e9enne active le Digital Services Act<\/p>\n<p>L\u2019affaire s\u2019inscrit parfaitement dans le cadre du nouveau r\u00e8glement europ\u00e9en. D\u00e9sign\u00e9e comme \u00ab tr\u00e8s grande plateforme \u00bb, Shein doit depuis avril 2024 se soumettre au <strong>DSA<\/strong>, qui impose un contr\u00f4le renforc\u00e9 contre les contenus ill\u00e9gaux ou dangereux. Ce texte ambitionne notamment d\u2019imposer une transparence accrue quant aux mesures prises par les g\u00e9ants du commerce en ligne pour prot\u00e9ger leurs utilisateurs \u2013 et Bruxelles vient justement de demander \u00e0 Shein des informations d\u00e9taill\u00e9es sur ses dispositifs internes, notamment autour de la question sensible des mineurs.<\/p>\n<p>Bient\u00f4t un durcissement du contr\u00f4le du e-commerce\u00a0?<\/p>\n<p>La vigilance des autorit\u00e9s fran\u00e7aises ne s\u2019arr\u00eate pas l\u00e0. Apr\u00e8s avoir saisi la justice pour obtenir la suspension temporaire du site \u2013 audience report\u00e9e r\u00e9cemment au 5 d\u00e9cembre \u2013 Paris entend \u00e9tendre sa surveillance \u00e0 d\u2019autres plateformes telles que <a href=\"https:\/\/www.24matins.fr\/lufc-que-choisir-accuse-les-20-plus-grand-sites-de-vente-en-ligne-de-procedes-manipulatoires-1376509\" target=\"_blank\" rel=\"noopener\">AliExpress<\/a>, Joom, mais aussi signaler eBay, Temu et Wish. Objectif affich\u00e9\u00a0: \u00e9radiquer la vente de produits ill\u00e9gaux ou dangereux.<\/p>\n<p>Dans ce climat tendu, une question demeure : l\u2019Europe est-elle enfin pr\u00eate \u00e0 serrer la vis aux g\u00e9ants du num\u00e9rique\u2009? Si \u00ab\u2009Syst\u00e9mique risque pour les consommateurs\u2009\u00bb dit Bruxelles, alors le tour de vis l\u00e9gislatif semble in\u00e9vitable \u2013 et pourrait bien redessiner le paysage du e-commerce sur le Vieux Continent.<\/p>\n","protected":false},"excerpt":{"rendered":"Apr\u00e8s avoir longtemps \u00e9chapp\u00e9 \u00e0 la vigilance des r\u00e9gulateurs, le g\u00e9ant chinois de la mode en ligne Shein&hellip;\n","protected":false},"author":2,"featured_media":564061,"comment_status":"","ping_status":"","sticky":false,"template":"","format":"standard","meta":{"footnotes":""},"categories":[1586],"tags":[11,1777,674,1779,1011,27,12,25,1778,364],"class_list":{"0":"post-564060","1":"post","2":"type-post","3":"status-publish","4":"format-standard","5":"has-post-thumbnail","7":"category-europe","8":"tag-actualites","9":"tag-eu","10":"tag-europe","11":"tag-european-union","12":"tag-fr","13":"tag-france","14":"tag-news","15":"tag-republique-francaise","16":"tag-ue","17":"tag-union-europeenne"},"share_on_mastodon":{"url":"https:\/\/pubeurope.com\/@fr\/115626329034107812","error":""},"_links":{"self":[{"href":"https:\/\/www.europesays.com\/fr\/wp-json\/wp\/v2\/posts\/564060","targetHints":{"allow":["GET"]}}],"collection":[{"href":"https:\/\/www.europesays.com\/fr\/wp-json\/wp\/v2\/posts"}],"about":[{"href":"https:\/\/www.europesays.com\/fr\/wp-json\/wp\/v2\/types\/post"}],"author":[{"embeddable":true,"href":"https:\/\/www.europesays.com\/fr\/wp-json\/wp\/v2\/users\/2"}],"replies":[{"embeddable":true,"href":"https:\/\/www.europesays.com\/fr\/wp-json\/wp\/v2\/comments?post=564060"}],"version-history":[{"count":0,"href":"https:\/\/www.europesays.com\/fr\/wp-json\/wp\/v2\/posts\/564060\/revisions"}],"wp:featuredmedia":[{"embeddable":true,"href":"https:\/\/www.europesays.com\/fr\/wp-json\/wp\/v2\/media\/564061"}],"wp:attachment":[{"href":"https:\/\/www.europesays.com\/fr\/wp-json\/wp\/v2\/media?parent=564060"}],"wp:term":[{"taxonomy":"category","embeddable":true,"href":"https:\/\/www.europesays.com\/fr\/wp-json\/wp\/v2\/categories?post=564060"},{"taxonomy":"post_tag","embeddable":true,"href":"https:\/\/www.europesays.com\/fr\/wp-json\/wp\/v2\/tags?post=564060"}],"curies":[{"name":"wp","href":"https:\/\/api.w.org\/{rel}","templated":true}]}}