{"id":564066,"date":"2025-11-28T08:17:11","date_gmt":"2025-11-28T08:17:11","guid":{"rendered":"https:\/\/www.europesays.com\/fr\/564066\/"},"modified":"2025-11-28T08:17:11","modified_gmt":"2025-11-28T08:17:11","slug":"le-nombre-de-loups-en-france-reste-relativement-stable-en-2025-estime-a-1082","status":"publish","type":"post","link":"https:\/\/www.europesays.com\/fr\/564066\/","title":{"rendered":"Le nombre de loups en France reste relativement stable en 2025, estim\u00e9 \u00e0 1082"},"content":{"rendered":"<p>\n    Ce chiffre est particuli\u00e8rement suivi par les syndicats d\u2019\u00e9leveurs de montagne, qui r\u00e9clament chaque ann\u00e9e une hausse du quota d\u2019abattage autoris\u00e9, actuellement fix\u00e9 \u00e0 19 % de la population, en raison de la multiplication des attaques de troupeaux.<\/p>\n<p class=\"fig-paragraph\">Le\u00a0<a href=\"http:\/\/www.lefigaro.fr\/sciences\/le-nombre-de-loups-en-france-estime-a-1013-en-2024-20241212\" data-fig-type=\"NewsFlash\" data-gtm-custom-categorie=\"navigation\" data-gtm-custom-action=\"crossclick\" data-gtm-custom-label=\"Contextuel\" data-gtm-event=\"customEventSPE\" data-fig-domain=\"LEFIGARO\" target=\"_blank\" rel=\"noopener\">nombre de loups<\/a>\u00a0est rest\u00e9 relativement stable en France en 2025, avec une population estim\u00e9e \u00e0 1082, soit 69 de plus en un an, selon l&rsquo;\u00e9tude annuelle de l&rsquo;Office fran\u00e7ais de la biodiversit\u00e9 (OFB) cit\u00e9e vendredi par la pr\u00e9fecture d&rsquo;<a href=\"http:\/\/www.lefigaro.fr\/lyon\/auvergne-rhone-alpes-63-cas-de-chikungunya-recenses-la-crainte-d-une-epidemie-dans-la-region-20250528\" data-fig-type=\"NewsFlash\" data-gtm-custom-categorie=\"navigation\" data-gtm-custom-action=\"crossclick\" data-gtm-custom-label=\"Contextuel\" data-gtm-event=\"customEventSPE\" data-fig-domain=\"LEFIGARO\" target=\"_blank\" rel=\"noopener\">Auvergne-Rh\u00f4ne-Alpes<\/a>.<\/p>\n<p class=\"fig-paragraph\">Ce chiffre est particuli\u00e8rement attendu chaque ann\u00e9e sur un sujet incandescent, pour<a href=\"http:\/\/www.lefigaro.fr\/nice\/je-n-ai-plus-rien-a-vendre-pour-la-saison-la-bergerie-d-un-eleveur-du-var-ravagee-par-les-attaques-de-loups-au-moins-140-brebis-tuees-20250722\" data-fig-type=\"NewsFlash\" data-gtm-custom-categorie=\"navigation\" data-gtm-custom-action=\"crossclick\" data-gtm-custom-label=\"Contextuel\" data-gtm-event=\"customEventSPE\" data-fig-domain=\"LEFIGARO\" target=\"_blank\" rel=\"noopener\">\u00a0les syndicats d&rsquo;\u00e9leveurs de montagne<\/a>\u00a0notamment, qui r\u00e9clament inlassablement une augmentation du quota d&rsquo;abattage annuel autoris\u00e9 par l&rsquo;\u00c9tat, actuellement de 19% de la population estim\u00e9e, en raison selon eux d&rsquo;une multiplication des attaques de troupeaux.<\/p>\n<p>                                            <a class=\"fig-a11y-skip\" href=\"#fig-a11y-skip-main-inarticle\" data-module=\"a11y-skip\" data-context=\"was @visible\"><br \/>\n    Passer la publicit\u00e9<br \/>\n<\/a>            <\/p>\n<p class=\"fig-paragraph\">Plus d\u2019informations \u00e0 venir&#8230;<\/p>\n","protected":false},"excerpt":{"rendered":"Ce chiffre est particuli\u00e8rement suivi par les syndicats d\u2019\u00e9leveurs de montagne, qui r\u00e9clament chaque ann\u00e9e une hausse du&hellip;\n","protected":false},"author":2,"featured_media":564067,"comment_status":"","ping_status":"","sticky":false,"template":"","format":"standard","meta":{"footnotes":""},"categories":[4],"tags":[11,1011,27,9772,12,25],"class_list":{"0":"post-564066","1":"post","2":"type-post","3":"status-publish","4":"format-standard","5":"has-post-thumbnail","7":"category-france","8":"tag-actualites","9":"tag-fr","10":"tag-france","11":"tag-loup","12":"tag-news","13":"tag-republique-francaise"},"share_on_mastodon":{"url":"https:\/\/pubeurope.com\/@fr\/115626340707242577","error":""},"_links":{"self":[{"href":"https:\/\/www.europesays.com\/fr\/wp-json\/wp\/v2\/posts\/564066","targetHints":{"allow":["GET"]}}],"collection":[{"href":"https:\/\/www.europesays.com\/fr\/wp-json\/wp\/v2\/posts"}],"about":[{"href":"https:\/\/www.europesays.com\/fr\/wp-json\/wp\/v2\/types\/post"}],"author":[{"embeddable":true,"href":"https:\/\/www.europesays.com\/fr\/wp-json\/wp\/v2\/users\/2"}],"replies":[{"embeddable":true,"href":"https:\/\/www.europesays.com\/fr\/wp-json\/wp\/v2\/comments?post=564066"}],"version-history":[{"count":0,"href":"https:\/\/www.europesays.com\/fr\/wp-json\/wp\/v2\/posts\/564066\/revisions"}],"wp:featuredmedia":[{"embeddable":true,"href":"https:\/\/www.europesays.com\/fr\/wp-json\/wp\/v2\/media\/564067"}],"wp:attachment":[{"href":"https:\/\/www.europesays.com\/fr\/wp-json\/wp\/v2\/media?parent=564066"}],"wp:term":[{"taxonomy":"category","embeddable":true,"href":"https:\/\/www.europesays.com\/fr\/wp-json\/wp\/v2\/categories?post=564066"},{"taxonomy":"post_tag","embeddable":true,"href":"https:\/\/www.europesays.com\/fr\/wp-json\/wp\/v2\/tags?post=564066"}],"curies":[{"name":"wp","href":"https:\/\/api.w.org\/{rel}","templated":true}]}}