{"id":564068,"date":"2025-11-28T08:20:17","date_gmt":"2025-11-28T08:20:17","guid":{"rendered":"https:\/\/www.europesays.com\/fr\/564068\/"},"modified":"2025-11-28T08:20:17","modified_gmt":"2025-11-28T08:20:17","slug":"rugby-pro-d2-un-jeune-bleu-appele-un-maillot-inedit-ce-quil-faut-savoir-avant-fcg","status":"publish","type":"post","link":"https:\/\/www.europesays.com\/fr\/564068\/","title":{"rendered":"Rugby &#8211; Pro D2. Un jeune Bleu appel\u00e9, un maillot in\u00e9dit\u2026 Ce qu\u2019il faut savoir avant FCG"},"content":{"rendered":"<p>  Les enjeux\u00a0: choisir entre le rouge et le vert<\/p>\n<p><a href=\"https:\/\/www.ledauphine.com\/sport\/2025\/11\/17\/il-n-y-a-pas-le-feu-apres-vannes-fcg-julien-farnoux-appelle-a-la-remobilisation\" target=\"_blank\" title=\"rugby Pro D2 Vannes - FCG rebond Farnoux\" rel=\"noopener\">La fin du 2e bloc a laiss\u00e9 le FC Grenoble (9e, 24 points) \u00e0 mi-chemin<\/a> , entre les zones de qualification (le 6e, Agen, est \u00e0 29 pts, mais le 4e, Provence, \u00e0 34 pts) et de rel\u00e9gation (Mont-de-Marsan, 15e avec 14 points). En affrontant le Biarritz Olympique (11e, 23 pts) \u2013 qui joue souvent en rouge et vert (les couleurs du Pays basque) \u00e0 l\u2019ext\u00e9rieur \u2013 le FCG aura le choix\u00a0: renouer avec un r\u00e9sultat positif et lancer une s\u00e9rie vertueuse, pour lorgner vers le top 6\u00a0; ou conc\u00e9der un second revers \u00e0 domicile, qui le contraindrait \u00e0 plonger dans le rouge et \u00e0 regarder derri\u00e8re lui.<\/p>\n<p>  L\u2019adversaire\u00a0: les Biarrots ont une revanche \u00e0 prendre<\/p>\n<p><a href=\"https:\/\/www.ledauphine.com\/sport\/2025\/11\/26\/points-retires-coulisses-agitees-et-parcours-irregulier-quel-biarritz-debarque-a-grenoble-cette-semaine\" target=\"_blank\" title=\"rugby Pro D2 FCG - BO mag adversaire\" rel=\"noopener\">Le Biarritz Olympique a r\u00e9alis\u00e9 une 2e bloc \u00e0 la fois remarquable et paradoxal<\/a>. Avec quatre r\u00e9sultats positifs pour commencer (succ\u00e8s avec bonus sur Mont-de-Marsan 35-13 et Agen 33-16\u00a0; victoire \u00e0 Soyaux\/Angoul\u00eame 21-20 et nul \u00e0 Carcassonne 23-23) mais une vilaine faute de go\u00fbt, \u00e0 Aguilera face \u00e0 Dax (d\u00e9faite 18-33), juste avant la tr\u00eave.<\/p>\n<p>Deux semaines plus tard, les Biarrots ont quitt\u00e9 le Pays basque avec une id\u00e9e en t\u00eate\u00a0: rattraper cette erreur. Avec un tr\u00e8s long p\u00e9riple en bus entam\u00e9 d\u00e8s mercredi, une pause \u00e0 Montpellier (pour la mise en place) et un effectif qui a retrouv\u00e9 des forces vives. Notamment les anciens Is\u00e9rois Yann David (ex-CSBJ, titulaire au centre) et Enzo Selponi (ex-FCG, rempla\u00e7ant \u00e0 l\u2019ouverture).<\/p>\n<p>  Le joueur \u00e0 suivre\u00a0: Hugo Avogadro<\/p>\n<p>Avec Hugo Avogadro, tout va tr\u00e8s vite. Ses d\u00e9bordements sur les c\u00f4t\u00e9s du stade Jean-de-Gregorio (le stade o\u00f9 il \u00e9volue avec l\u2019\u00e9quipe Reichel Espoirs \u00c9lite, sept essais marqu\u00e9s), <a href=\"https:\/\/www.ledauphine.com\/sport\/2025\/11\/12\/des-retours-de-blessure-une-semaine-gruyere-et-des-jeunes-en-vue-les-dernieres-infos-du-fcg\" target=\"_blank\" title=\"rugby FC \u00e9chos Lesdigui\u00e8res Avogadro VII\" rel=\"noopener\">un aller-retour \u00e0 Marcoussis<\/a> (pour effectuer, courant novembre, un stage avec l\u2019\u00e9quipe de France \u00e0 VII) et son incorporation dans le groupe professionnel. <a href=\"https:\/\/www.ledauphine.com\/p\/jean-frederic-dubois\" target=\"_blank\" rel=\"noopener\">Jeff Dubois<\/a>, par conviction (sur la qualit\u00e9 de la formation made in FCG) et par n\u00e9cessit\u00e9 (blessures des ailiers Mouton, Rasaku et Callandret) lui donne sa chance. \u00c0 18 ans, le pensionnaire du centre de formation grenoblois va d\u00e9couvrir le Stade des Alpes. L\u2019ailier ne devra pas avoir froid aux yeux, pour faire valoir ses qualit\u00e9s (vitesse, jeu a\u00e9rien, efficacit\u00e9).<\/p>\n<p>  L\u2019info en plus\u00a0: maillot collector et hommage<\/p>\n<p>\u00c0 l\u2019occasion de cette 12e journ\u00e9e, les joueurs du FCG porteront le maillot \u201cthird\u201d (noir et or) dessin\u00e9 par le nouvel \u00e9quipementier du FCG et d\u00e9voil\u00e9 cette semaine sur les r\u00e9seaux sociaux.<\/p>\n<p>Le club grenoblois rendra aussi un hommage \u00e0 Jean-Claude Pic, sponsor pendant trois d\u00e9cennies (via sa soci\u00e9t\u00e9 Work 2000), <a href=\"https:\/\/www.ledauphine.com\/societe\/2025\/11\/10\/isere-meylan-jean-claude-pic-s-en-est-alle\" target=\"_blank\" title=\"d\u00e9c\u00e8s Jean-Claude Pic\" rel=\"noopener\">d\u00e9c\u00e9d\u00e9 d\u00e9but novembre \u00e0 77 ans<\/a>.<\/p>\n<p>  La d\u00e9claration<\/p>\n<p>\u00ab\u00a0Collectivement, on a nos lancements, on les travaille, on sait bien les faire. Maintenant, \u00e0 l\u2019entra\u00eenement, c\u2019est beau, mais faut savoir les refaire en match. On a boss\u00e9, on sait ce qu\u2019on doit faire. Apr\u00e8s, ce sont des petits d\u00e9tails. Chacun doit conna\u00eetre son r\u00f4le et il faut qu\u2019\u00e0 la fin du match, on soit tous \u00e0 100\u00a0% l\u00e0-dessus.\u00a0\u00bb <strong>De Julien H\u00e9riteau, centre du FCG, sur le jeu offensif de son \u00e9quipe.<\/strong><\/p>\n<p class=\"note\">A NOTER\u00a0: la rencontre Grenoble &#8211; Biarritz sera \u00e0 suivre en direct comment\u00e9 sur <a href=\"http:\/\/www.ledauphine.com\/sport\" target=\"_blank\" rel=\"noopener\">www.ledauphine.com\/sport<\/a> vendredi \u00e0 partir de 18h30.<\/p>\n","protected":false},"excerpt":{"rendered":"Les enjeux\u00a0: choisir entre le rouge et le vert La fin du 2e bloc a laiss\u00e9 le FC&hellip;\n","protected":false},"author":2,"featured_media":564069,"comment_status":"","ping_status":"","sticky":false,"template":"","format":"standard","meta":{"footnotes":""},"categories":[1416],"tags":[112,113,114,2727,1701,1011,27,2731,2732,108,2308,479,1468,517,1947,60],"class_list":{"0":"post-564068","1":"post","2":"type-post","3":"status-publish","4":"format-standard","5":"has-post-thumbnail","7":"category-rugby","8":"tag-edition-grenoble-agglomeration","9":"tag-edition-gresivaudan-oisans","10":"tag-edition-voiron-saint-marcellin","11":"tag-fcg-fc-grenoble-rugby","12":"tag-fil-info-sport","13":"tag-fr","14":"tag-france","15":"tag-grenoble","16":"tag-grenoble-bassin","17":"tag-isere","18":"tag-pro-d2","19":"tag-rugby","20":"tag-rugby-football","21":"tag-sport","22":"tag-sport-national","23":"tag-sports"},"share_on_mastodon":{"url":"https:\/\/pubeurope.com\/@fr\/115626352660340776","error":""},"_links":{"self":[{"href":"https:\/\/www.europesays.com\/fr\/wp-json\/wp\/v2\/posts\/564068","targetHints":{"allow":["GET"]}}],"collection":[{"href":"https:\/\/www.europesays.com\/fr\/wp-json\/wp\/v2\/posts"}],"about":[{"href":"https:\/\/www.europesays.com\/fr\/wp-json\/wp\/v2\/types\/post"}],"author":[{"embeddable":true,"href":"https:\/\/www.europesays.com\/fr\/wp-json\/wp\/v2\/users\/2"}],"replies":[{"embeddable":true,"href":"https:\/\/www.europesays.com\/fr\/wp-json\/wp\/v2\/comments?post=564068"}],"version-history":[{"count":0,"href":"https:\/\/www.europesays.com\/fr\/wp-json\/wp\/v2\/posts\/564068\/revisions"}],"wp:featuredmedia":[{"embeddable":true,"href":"https:\/\/www.europesays.com\/fr\/wp-json\/wp\/v2\/media\/564069"}],"wp:attachment":[{"href":"https:\/\/www.europesays.com\/fr\/wp-json\/wp\/v2\/media?parent=564068"}],"wp:term":[{"taxonomy":"category","embeddable":true,"href":"https:\/\/www.europesays.com\/fr\/wp-json\/wp\/v2\/categories?post=564068"},{"taxonomy":"post_tag","embeddable":true,"href":"https:\/\/www.europesays.com\/fr\/wp-json\/wp\/v2\/tags?post=564068"}],"curies":[{"name":"wp","href":"https:\/\/api.w.org\/{rel}","templated":true}]}}