{"id":564074,"date":"2025-11-28T08:26:15","date_gmt":"2025-11-28T08:26:15","guid":{"rendered":"https:\/\/www.europesays.com\/fr\/564074\/"},"modified":"2025-11-28T08:26:15","modified_gmt":"2025-11-28T08:26:15","slug":"ca-pique-les-yeux-paixao-prend-un-enorme-tacle-sur-sa-technique","status":"publish","type":"post","link":"https:\/\/www.europesays.com\/fr\/564074\/","title":{"rendered":"\u00ab\u00a0Ca pique les yeux\u00a0\u00bb, Paixao prend un \u00e9norme tacle sur sa technique"},"content":{"rendered":"<p>Apr\u00e8s le match <a href=\"https:\/\/www.onzemondial.com\/france\/om.html\" target=\"_blank\" rel=\"noopener\">OM<\/a>-Newcastle, Walid Acherchour n\u2019a en effet pas cach\u00e9 son scepticisme envers Igor Paixao, l\u2019une des recrues estivales de l\u2019OM. Pour le journaliste, le Br\u00e9silien ne justifie pas encore le montant de son transfert (plus de 30 millions d&rsquo;euros) et peine \u00e0 convaincre par sa technique. \u00ab Paixao a une ou deux situations o\u00f9 il r\u00e9veille un peu le stade, mais il ne sait pas trop ce qu\u2019il fait \u00bb, a-t-il analys\u00e9 sur RMC, pointant un manque de clairvoyance dans le jeu de l\u2019attaquant.<\/p>\n<p>Si Acherchour reconna\u00eet un \u00e9tat d\u2019esprit irr\u00e9prochable et un investissement certain pour l\u2019\u00e9quipe \u2013 notamment en soutien \u00e0 Emerson \u2013, il critique sa ma\u00eetrise du ballon. \u00ab Je n\u2019ai pas de m\u00e9chancet\u00e9 envers Paixao, j\u2019ai beaucoup de sympathie pour lui mais le rapport au ballon de ce joueur techniquement, \u00e7a pique les yeux. Je suis oblig\u00e9 de dire ce que je ressens avec sinc\u00e9rit\u00e9. Je ne sais pas s\u2019il sait ce qu\u2019il fait avec le ballon. Il y a beaucoup d\u2019improvisation. \u00bb<\/p>\n<p>A lire aussi :\u00ab Je peux aller en chercher 10 000 en \u00cele-de-France \u00bb<\/p>\n<p>Le journaliste ne m\u00e2che pas ses mots sur la valeur financi\u00e8re du Br\u00e9silien. \u00ab Maintenant, les mecs qui d\u00e9fendent pour 30 millions d\u2019euros, je peux aller en chercher 10 000 en \u00cele-de-France. \u00bb Une d\u00e9claration qui ne manque pas de rappeler que, pour lui, le rendement de Paixao ne correspond pas encore \u00e0 l\u2019investissement r\u00e9alis\u00e9 par l\u2019OM.<\/p>\n<p>Pour Acherchour, ce manque de pr\u00e9cision technique contraste avec l\u2019implication du joueur. M\u00eame s\u2019il admet que toutes les recrues ont besoin de temps pour s\u2019adapter, la critique reste tout de m\u00eame acerbe&#8230;<\/p>\n<p>   Partagez cette info avec vos amis et vos proches en cliquant ici<br \/> Pour r\u00e9sumer<\/p>\n<p>Apr\u00e8s OM-Newcastle, Walid Acherchour critique vivement Igor Paixao : \u00ab \u00c7a pique les yeux \u00bb sur le plan technique. Malgr\u00e9 son \u00e9tat d\u2019esprit irr\u00e9prochable et son aide \u00e0 Emerson, le journaliste doute de sa ma\u00eetrise du ballon et estime que son transfert \u00e0 30 millions d\u2019euros n\u2019est pas encore justifi\u00e9.<\/p>\n<p>R\u00e9dacteur<\/p>\n<p><img decoding=\"async\" width=\"76\" height=\"76\" loading=\"lazy\" src=\"https:\/\/www.europesays.com\/fr\/wp-content\/uploads\/2025\/04\/logo-julien-pedebos.jpg\" alt=\"Julien P\u00e9debos\"\/><\/p>\n","protected":false},"excerpt":{"rendered":"Apr\u00e8s le match OM-Newcastle, Walid Acherchour n\u2019a en effet pas cach\u00e9 son scepticisme envers Igor Paixao, l\u2019une des&hellip;\n","protected":false},"author":2,"featured_media":564075,"comment_status":"","ping_status":"","sticky":false,"template":"","format":"standard","meta":{"footnotes":""},"categories":[1410],"tags":[63,1011,27,66,447,149,60],"class_list":{"0":"post-564074","1":"post","2":"type-post","3":"status-publish","4":"format-standard","5":"has-post-thumbnail","7":"category-football","8":"tag-football","9":"tag-fr","10":"tag-france","11":"tag-ligue-1","12":"tag-ligue-des-champions","13":"tag-om","14":"tag-sports"},"share_on_mastodon":{"url":"https:\/\/pubeurope.com\/@fr\/115626376734274944","error":""},"_links":{"self":[{"href":"https:\/\/www.europesays.com\/fr\/wp-json\/wp\/v2\/posts\/564074","targetHints":{"allow":["GET"]}}],"collection":[{"href":"https:\/\/www.europesays.com\/fr\/wp-json\/wp\/v2\/posts"}],"about":[{"href":"https:\/\/www.europesays.com\/fr\/wp-json\/wp\/v2\/types\/post"}],"author":[{"embeddable":true,"href":"https:\/\/www.europesays.com\/fr\/wp-json\/wp\/v2\/users\/2"}],"replies":[{"embeddable":true,"href":"https:\/\/www.europesays.com\/fr\/wp-json\/wp\/v2\/comments?post=564074"}],"version-history":[{"count":0,"href":"https:\/\/www.europesays.com\/fr\/wp-json\/wp\/v2\/posts\/564074\/revisions"}],"wp:featuredmedia":[{"embeddable":true,"href":"https:\/\/www.europesays.com\/fr\/wp-json\/wp\/v2\/media\/564075"}],"wp:attachment":[{"href":"https:\/\/www.europesays.com\/fr\/wp-json\/wp\/v2\/media?parent=564074"}],"wp:term":[{"taxonomy":"category","embeddable":true,"href":"https:\/\/www.europesays.com\/fr\/wp-json\/wp\/v2\/categories?post=564074"},{"taxonomy":"post_tag","embeddable":true,"href":"https:\/\/www.europesays.com\/fr\/wp-json\/wp\/v2\/tags?post=564074"}],"curies":[{"name":"wp","href":"https:\/\/api.w.org\/{rel}","templated":true}]}}