{"id":564076,"date":"2025-11-28T08:27:20","date_gmt":"2025-11-28T08:27:20","guid":{"rendered":"https:\/\/www.europesays.com\/fr\/564076\/"},"modified":"2025-11-28T08:27:20","modified_gmt":"2025-11-28T08:27:20","slug":"les-jumeaux-du-prince-albert-et-de-la-princesse-charlene-illuminent-le-grand-sapin-de-noel","status":"publish","type":"post","link":"https:\/\/www.europesays.com\/fr\/564076\/","title":{"rendered":"Les jumeaux du prince Albert et de la princesse Charl\u00e8ne illuminent le grand sapin de No\u00ebl"},"content":{"rendered":"<p>Le prince Albert II et la princesse Charl\u00e8ne ont plong\u00e9 le quartier de la Condamine dans l\u2019ambiance de No\u00ebl, ce jeudi 27 novembre. Le couple princier \u00e9tait accompagn\u00e9 du prince h\u00e9r\u00e9ditaire Jacques et de la princesse Gabriella pour donner le coup d\u2019envoi des illuminations de No\u00ebl.<\/p>\n<p><strong>Lire aussi : <a href=\"https:\/\/histoiresroyales.fr\/famille-princiere-de-monaco-apparition-balcon-assister-defile-fete-nationale\/\" target=\"_blank\" rel=\"noopener\">La famille princi\u00e8re de Monaco fait son apparition au balcon pour assister au d\u00e9fil\u00e9 de la f\u00eate nationale<\/a><\/strong><\/p>\n<p>Le prince Albert II, la princesse Charl\u00e8ne, le prince h\u00e9r\u00e9ditaire Jacques et la princesse Gabriella donnent le coup d\u2019envoi des illuminations<\/p>\n<p>La magie de No\u00ebl s\u2019est r\u00e9pandue dans la Principaut\u00e9 ce jeudi 27 novembre. Le souverain mon\u00e9gasque et sa famille ont donn\u00e9 le coup d\u2019envoi officiel des illuminations de la ville depuis le grand sapin \u00e9rig\u00e9 sur la place du march\u00e9 de la Condamine. Le prince Albert II, 67 ans, la princesse Charl\u00e8ne, 47 ans, ont fait leur apparition en fin de journ\u00e9e, accompagn\u00e9s de leurs jumeaux. <\/p>\n<p><img fetchpriority=\"high\" decoding=\"async\" width=\"1400\" height=\"1750\" src=\"https:\/\/www.europesays.com\/fr\/wp-content\/uploads\/2025\/11\/famillle-princiere-albert-jacques-gabriella-illuminations-de-noel.jpg\" alt=\"\" class=\"wp-image-229936 lazyload\" data-  \/>La famille princi\u00e8re arrive au march\u00e9 de la Condamine, ce 27 novembre 2025 en fin de journ\u00e9e (Photo : Fr\u00e9d\u00e9ric Nebinger \/ Palais princier)<\/p>\n<p><img loading=\"lazy\" decoding=\"async\" width=\"1400\" height=\"1750\" src=\"https:\/\/www.europesays.com\/fr\/wp-content\/uploads\/2025\/11\/famille-princiere-illuminations-de-noel-jacques-gabriella-albert-charlene.jpg\" alt=\"\" class=\"wp-image-229935 lazyload\" data-  \/>Le prince Albert II, la princesse Charl\u00e8ne, le prince h\u00e9r\u00e9ditaire Jacques et la princesse Gabriella de Monaco posent lors de la c\u00e9r\u00e9monie d\u2019envoi des illuminations de No\u00ebl (Photo : Fr\u00e9d\u00e9ric Nebinger \/ Palais princier)<\/p>\n<p><strong>Lire aussi : <a href=\"https:\/\/histoiresroyales.fr\/grimaldi-reunis-cour-dhonneur-palais-prince-albert-ii-celebrer-la-fete-nationale\/\" target=\"_blank\" rel=\"noopener\">Les Grimaldi r\u00e9unis dans la cour d\u2019honneur du palais autour du prince Albert II pour c\u00e9l\u00e9brer la f\u00eate nationale<\/a><\/strong><\/p>\n<p>Le <a href=\"https:\/\/histoiresroyales.fr\/famille-princiere-monegasque\/jacques-de-monaco\/\" target=\"_blank\" rel=\"noopener\">prince h\u00e9r\u00e9ditaire Jacques<\/a> et la princesse Gabriella, qui f\u00eateront leurs 11 ans dans deux semaines, ont pris l\u2019habitude d\u2019accompagner leurs parents lors des c\u00e9l\u00e9brations li\u00e9s \u00e0 No\u00ebl et \u00e0 la p\u00e9riode des f\u00eates de fin d\u2019ann\u00e9e. Le jeune h\u00e9ritier du tr\u00f4ne portait un gilet beige avec une doublure fausse peau de mouton de chez Armani avec un jean. Jacques \u00e9tait assorti \u00e0 sa s\u0153ur, qui portait \u00e9galement un jean et s\u2019\u00e9tait prot\u00e9g\u00e9e du froid avec une cape beige de la marque Fendi.<\/p>\n<p><img loading=\"lazy\" decoding=\"async\" width=\"1400\" height=\"1750\" src=\"https:\/\/www.europesays.com\/fr\/wp-content\/uploads\/2025\/11\/prince-gabriella-illuminations-de-noel-2025.jpg\" alt=\"\" class=\"wp-image-229931 lazyload\" data-  \/>Le prince h\u00e9r\u00e9ditaire Jacques, marquis des Baux, porte un gilet beige effet daim de chez Armani (Photo : Fr\u00e9d\u00e9ric Nebinger \/ Palais princier)<\/p>\n<p><img loading=\"lazy\" decoding=\"async\" width=\"1400\" height=\"1750\" src=\"https:\/\/www.europesays.com\/fr\/wp-content\/uploads\/2025\/11\/princesse-gabriella-cape-fendi-noel.jpg\" alt=\"\" class=\"wp-image-229932 lazyload\" data-  \/>La princesse Gabriella, comtesse de Carlad\u00e8s, porte un pull \u00e0 col roul\u00e9 beige et une cape Fendi beige (Photo : Fr\u00e9d\u00e9ric Nebinger \/ Palais princier)<\/p>\n<p><strong>Lire aussi : <a href=\"https:\/\/histoiresroyales.fr\/prince-hereditaire-jacques-dgabriella-albert-charlene-assister-embrasement-saint-jean\/\" target=\"_blank\" rel=\"noopener\">Le prince h\u00e9r\u00e9ditaire Jacques de plus en plus \u00e0 l\u2019aise lors de l\u2019embrasement du feu de la Saint-Jean en famille<\/a><\/strong><\/p>\n<p>La principaut\u00e9 de Monaco est dor\u00e9navant plong\u00e9e dans la magie de No\u00ebl<\/p>\n<p>La famille princi\u00e8re s\u2019est approch\u00e9e d\u2019un socle sur lequel se trouvait un gros bouton-poussoir rouge. En appuyant sur le bouton, Jacques et Gabriella ont illumin\u00e9 un faux sapin en structure m\u00e9tallique dor\u00e9, \u00e9rig\u00e9 au centre de la place du march\u00e9. Les plus hautes autorit\u00e9s de la Principaut\u00e9 \u00e9taient pr\u00e9sentes pour assister \u00e0 ce moment f\u00e9erique \u00e0 c\u00f4t\u00e9 de la famille princi\u00e8re et du maire de Monaco, Georges Marsan. <\/p>\n<p><img loading=\"lazy\" decoding=\"async\" width=\"1400\" height=\"1750\" src=\"https:\/\/www.europesays.com\/fr\/wp-content\/uploads\/2025\/11\/bouton-illuminations-prince-jacques-gabriella-2025.jpg\" alt=\"\" class=\"wp-image-229933 lazyload\" data-  \/>Les jumeaux du chef de l\u2019\u00c9tat mon\u00e9gasques appuient sur le bouton-poussoir rouge pour illuminer le grand sapin (Photo : Palais princier)<\/p>\n<p><img loading=\"lazy\" decoding=\"async\" width=\"1300\" height=\"1625\" src=\"https:\/\/www.europesays.com\/fr\/wp-content\/uploads\/2025\/11\/famille-princiere-emerveillement-condamine-illuminations.jpg\" alt=\"\" class=\"wp-image-229934 lazyload\" data-  \/>La famille princi\u00e8re admire le grand sapin dor\u00e9 du march\u00e9 de la Condamine (Photo : Fr\u00e9d\u00e9ric Nebinger \/ Palais princier)<\/p>\n<p><strong>Lire aussi : <a href=\"https:\/\/histoiresroyales.fr\/prince-albert-ii-fete-20-ans-de-regne-communion-monegasques\/\" target=\"_blank\" rel=\"noopener\">Le prince Albert II f\u00eate ses 20 ans de r\u00e8gne en communion avec les Mon\u00e9gasques<\/a><\/strong><\/p>\n<p>Tous les quartiers de Monaco ont \u00e9t\u00e9 d\u00e9cor\u00e9s d\u2019illuminations et les rues vont scintiller pendant un peu plus d\u2019un mois. La famille princi\u00e8re assurera plusieurs engagements dans l\u2019esprit de No\u00ebl dans les prochains jours et prochaines semaines, comme la distribution de cadeaux aux enfants de la principaut\u00e9 dans la cour du palais princier et des visites au march\u00e9 de No\u00ebl.<\/p>\n<p><img loading=\"lazy\" decoding=\"async\" width=\"1400\" height=\"1750\" src=\"https:\/\/www.europesays.com\/fr\/wp-content\/uploads\/2025\/11\/jacques-gabriella-emerveilles-sapin-de-noel-condamine.jpg\" alt=\"\" class=\"wp-image-229937 lazyload\" data-  \/>Jacques et Gabriella de Monaco plong\u00e9s dans la f\u00e9erie de No\u00ebl (Photo : Fr\u00e9d\u00e9ric Nebinger \/ Palais princier)<\/p>\n<p>\t\t\t\t<img loading=\"lazy\" alt=\"Avatar photo\" src=\"https:\/\/www.europesays.com\/fr\/wp-content\/uploads\/2025\/04\/1516945716303-164x164.jpeg\"  class=\"avatar avatar-164 photo lazyload\" height=\"164\" width=\"164\" decoding=\"async\"\/><br \/>\n\t\t<a href=\"https:\/\/histoiresroyales.fr\/author\/royaliste123\/\" target=\"_blank\" rel=\"noopener\">Nicolas Fontaine<\/a><br \/>\n\t\t\t\t\tR\u00e9dacteur en chef<\/p>\n<p>Nicolas Fontaine a \u00e9t\u00e9 concepteur-r\u00e9dacteur et auteur pour de nombreuses marques et m\u00e9dias belges et fran\u00e7ais. Sp\u00e9cialiste de l&rsquo;actualit\u00e9 des familles royales, Nicolas a fond\u00e9 le site Histoires royales dont il est le r\u00e9dacteur en chef.&#13;<br \/>\n&#13;<br \/>\nnicolas@histoiresroyales.fr<\/p>\n<p>\t\t\t\t\t\t\t<a href=\"https:\/\/twitter.com\/ActusRoyales\" class=\"boxed-icon fill twitter\" target=\"_blank\" rel=\"noopener\"><\/a><br \/>\n\t\t\t\t\t\t\t\t\t<a href=\"https:\/\/www.instagram.com\/histoiresroyales.fr\/\" class=\"boxed-icon fill instagram\" target=\"_blank\" rel=\"noopener\"><\/a><\/p>\n<p>\t\t\t\t\t\t\t\t\t\t\t\t\t<script async src=\"https:\/\/platform.twitter.com\/widgets.js\" charset=\"utf-8\"><\/script><script async src=\"\/\/www.instagram.com\/embed.js\"><\/script><\/p>\n","protected":false},"excerpt":{"rendered":"Le prince Albert II et la princesse Charl\u00e8ne ont plong\u00e9 le quartier de la Condamine dans l\u2019ambiance de&hellip;\n","protected":false},"author":2,"featured_media":564077,"comment_status":"","ping_status":"","sticky":false,"template":"","format":"standard","meta":{"footnotes":""},"categories":[1359],"tags":[20429,25250,58,59,1011,27,40066,40067,64981,973],"class_list":{"0":"post-564076","1":"post","2":"type-post","3":"status-publish","4":"format-standard","5":"has-post-thumbnail","7":"category-people","8":"tag-albert-ii-de-monaco","9":"tag-charlu00e8ne-de-monaco","10":"tag-divertissement","11":"tag-entertainment","12":"tag-fr","13":"tag-france","14":"tag-gabriella-de-monaco","15":"tag-jacques-de-monaco","16":"tag-nou00ebl","17":"tag-people"},"share_on_mastodon":{"url":"https:\/\/pubeurope.com\/@fr\/115626381408550837","error":""},"_links":{"self":[{"href":"https:\/\/www.europesays.com\/fr\/wp-json\/wp\/v2\/posts\/564076","targetHints":{"allow":["GET"]}}],"collection":[{"href":"https:\/\/www.europesays.com\/fr\/wp-json\/wp\/v2\/posts"}],"about":[{"href":"https:\/\/www.europesays.com\/fr\/wp-json\/wp\/v2\/types\/post"}],"author":[{"embeddable":true,"href":"https:\/\/www.europesays.com\/fr\/wp-json\/wp\/v2\/users\/2"}],"replies":[{"embeddable":true,"href":"https:\/\/www.europesays.com\/fr\/wp-json\/wp\/v2\/comments?post=564076"}],"version-history":[{"count":0,"href":"https:\/\/www.europesays.com\/fr\/wp-json\/wp\/v2\/posts\/564076\/revisions"}],"wp:featuredmedia":[{"embeddable":true,"href":"https:\/\/www.europesays.com\/fr\/wp-json\/wp\/v2\/media\/564077"}],"wp:attachment":[{"href":"https:\/\/www.europesays.com\/fr\/wp-json\/wp\/v2\/media?parent=564076"}],"wp:term":[{"taxonomy":"category","embeddable":true,"href":"https:\/\/www.europesays.com\/fr\/wp-json\/wp\/v2\/categories?post=564076"},{"taxonomy":"post_tag","embeddable":true,"href":"https:\/\/www.europesays.com\/fr\/wp-json\/wp\/v2\/tags?post=564076"}],"curies":[{"name":"wp","href":"https:\/\/api.w.org\/{rel}","templated":true}]}}