{"id":564078,"date":"2025-11-28T08:28:19","date_gmt":"2025-11-28T08:28:19","guid":{"rendered":"https:\/\/www.europesays.com\/fr\/564078\/"},"modified":"2025-11-28T08:28:19","modified_gmt":"2025-11-28T08:28:19","slug":"la-hausse-des-tarifs-au-louvre-pour-les-visiteurs-extra-europeens-est-une-discrimination-aberrante-denonce-la-cgt","status":"publish","type":"post","link":"https:\/\/www.europesays.com\/fr\/564078\/","title":{"rendered":"La hausse des tarifs au Louvre pour les visiteurs extra-europ\u00e9ens \u00ab\u00a0est une discrimination aberrante\u00a0\u00bb, d\u00e9nonce la CGT"},"content":{"rendered":"\n<p class=\"c-chapo \">\n  Cette hausse tarifaire pour les visiteurs extra-europ\u00e9ens avait \u00e9t\u00e9 propos\u00e9e en janvier par la ministre de la Culture, Rachida Dati, pour \u00ab\u00a0d\u00e9gager de nouvelles ressources\u00a0\u00bb.\n<\/p>\n<p>      lire plus tard<\/p>\n<p id=\"dialog__title\" class=\"dialog__title\">Pour sauvegarder cet article, connectez-vous ou cr\u00e9ez un compte franceinfo<\/p>\n<p class=\"dialog__description\">Sans paiement. Sans abonnement.<\/p>\n<p>        Fermer la fen\u00eatre d\u2019activation des notifications France Info<\/p>\n<p>      cr\u00e9er votre compte<\/p>\n<p>      se connecter<\/p>\n<p>        Fermer la fen\u00eatre de pr\u00e9sentation<\/p>\n<p>    <img loading=\"lazy\" decoding=\"async\" class=\"signature__image lazyload\" width=\"100\" height=\"100\" data- alt=\"\" src=\"https:\/\/www.europesays.com\/fr\/wp-content\/uploads\/2025\/05\/64a7df4c5fe71_placeholder-36b69ec8.png\"\/><\/p>\n<p>    Publi\u00e9 le 28\/11\/2025 07:55<\/p>\n<p>        Temps de lecture : 2min<\/p>\n<p>    <img decoding=\"async\"  alt=\"Une entr\u00e9e du Louvre, \u00e0 Paris. (LEYLA VIDAL \/ MAXPPP)\" width=\"432\" height=\"243\" src=\"https:\/\/www.europesays.com\/fr\/wp-content\/uploads\/2025\/11\/maxnewsfrsix027679-692946bd88220598405454.jpg\" fetchpriority=\"high\"\/><\/p>\n<p>      Une entr\u00e9e du Louvre, \u00e0 Paris. (LEYLA VIDAL \/ MAXPPP)<\/p>\n<p>\u00ab\u00a0On est sur une discrimination tarifaire aberrante et qui mesure un petit peu la direction que prennent les politiques actuellement\u00a0\u00bb, d\u00e9nonce vendredi 28 novembre <a href=\"https:\/\/www.radiofrance.fr\/franceculture\" target=\"_blank\" rel=\"noopener\">sur France Culture<\/a> Gary Guillaud, secr\u00e9taire de la section CGT-Louvre. La veille, cinq grands \u00e9tablissements culturels fran\u00e7ais, dont le mus\u00e9e du Louvre, ont d\u00e9cid\u00e9 d&rsquo;augmenter leurs tarifs pour les visiteurs extra-europ\u00e9ens.<\/p>\n<p>Ces derniers devront payer 32\u00a0euros pour entrer au Louvre \u00e0 partir du 14\u00a0janvier 2026, soit 10\u00a0euros de plus que le prix d&rsquo;entr\u00e9e actuel. \u00ab\u00a0Ils veulent faire porter une partie de la maintenance et des r\u00e9parations et du sch\u00e9ma directeur du mus\u00e9e du Louvre sur les ressortissants \u00e9trangers\u00a0\u00bb, note Gary Guillaud, alors que \u00ab\u00a0\u00e7a fait des ann\u00e9es\u00a0\u00bb que \u00ab\u00a0l&rsquo;\u00c9tat s&rsquo;est d\u00e9sengag\u00e9 de ses obligations\u00a0\u00bb. \u00ab\u00a0Ce n&rsquo;est pas admissible, ce n&rsquo;est pas normal\u00a0\u00bb, regrette le d\u00e9l\u00e9gu\u00e9 syndical.<\/p>\n<p>Selon ce dernier, un mus\u00e9e est cens\u00e9 \u00ab\u00a0pr\u00f4ner l&rsquo;universalit\u00e9 d&rsquo;acc\u00e8s \u00e0 la culture\u00a0\u00bb et donc \u00ab\u00a0faire une diff\u00e9rence nationale, ce n&rsquo;est pas entendable\u00a0\u00bb. \u00ab\u00a0Si on pr\u00f4ne l&rsquo;universalit\u00e9 de l&rsquo;acc\u00e8s \u00e0 la culture, l&rsquo;universalit\u00e9 des \u0153uvres, l&rsquo;universalit\u00e9 de l&rsquo;art, ce n&rsquo;est pas pour dire dans tel pays vous allez devoir payer plus que dans d&rsquo;autres\u00a0\u00bb, compl\u00e8te-t-il.<\/p>\n<p>Contact\u00e9 jeudi par franceinfo, le mus\u00e9e du Louvre estime que cette mesure tarifaire permettra notamment \u00ab\u00a0des investissements\u00a0\u00bb afin de \u00ab\u00a0moderniser et transformer le Louvre en r\u00e9ponse aux probl\u00e8mes structurels du mus\u00e9e\u00a0\u00bb. \u00ab\u00a0Elle devrait accro\u00eetre les ressources de l\u2019\u00e9tablissement de 15 \u00e0 20\u00a0millions d&rsquo;euros par an\u00a0\u00bb.<\/p>\n<p>Le ch\u00e2teau de Versailles, le Centre des monuments nationaux (Sainte-Chapelle), l\u2019Op\u00e9ra de Paris et le ch\u00e2teau de Chambord sont les quatre autres \u00e9tablissements culturels \u00e0 augmenter leurs tarifs en janvier pour les visiteurs extra-europ\u00e9ens. Cette hausse tarifaire pour les visiteurs extra-europ\u00e9ens avait \u00e9t\u00e9 propos\u00e9e en janvier par Rachida Dati. La ministre de la Culture assurait vouloir \u00eatre \u00ab\u00a0innovante\u00a0\u00bb pour d\u00e9gager de nouvelles ressources apr\u00e8s l&rsquo;alerte lanc\u00e9e par la pr\u00e9sidente du Louvre, Laurence des Cars, sur la v\u00e9tust\u00e9 de l&rsquo;\u00e9tablissement.<\/p>\n","protected":false},"excerpt":{"rendered":"Cette hausse tarifaire pour les visiteurs extra-europ\u00e9ens avait \u00e9t\u00e9 propos\u00e9e en janvier par la ministre de la Culture,&hellip;\n","protected":false},"author":2,"featured_media":564079,"comment_status":"","ping_status":"","sticky":false,"template":"","format":"standard","meta":{"footnotes":""},"categories":[1358],"tags":[1348,1384,1385,1386,58,59,1011,27],"class_list":{"0":"post-564078","1":"post","2":"type-post","3":"status-publish","4":"format-standard","5":"has-post-thumbnail","7":"category-arts-et-design","8":"tag-arts","9":"tag-arts-and-design","10":"tag-arts-et-design","11":"tag-design","12":"tag-divertissement","13":"tag-entertainment","14":"tag-fr","15":"tag-france"},"share_on_mastodon":{"url":"https:\/\/pubeurope.com\/@fr\/115626384393847510","error":""},"_links":{"self":[{"href":"https:\/\/www.europesays.com\/fr\/wp-json\/wp\/v2\/posts\/564078","targetHints":{"allow":["GET"]}}],"collection":[{"href":"https:\/\/www.europesays.com\/fr\/wp-json\/wp\/v2\/posts"}],"about":[{"href":"https:\/\/www.europesays.com\/fr\/wp-json\/wp\/v2\/types\/post"}],"author":[{"embeddable":true,"href":"https:\/\/www.europesays.com\/fr\/wp-json\/wp\/v2\/users\/2"}],"replies":[{"embeddable":true,"href":"https:\/\/www.europesays.com\/fr\/wp-json\/wp\/v2\/comments?post=564078"}],"version-history":[{"count":0,"href":"https:\/\/www.europesays.com\/fr\/wp-json\/wp\/v2\/posts\/564078\/revisions"}],"wp:featuredmedia":[{"embeddable":true,"href":"https:\/\/www.europesays.com\/fr\/wp-json\/wp\/v2\/media\/564079"}],"wp:attachment":[{"href":"https:\/\/www.europesays.com\/fr\/wp-json\/wp\/v2\/media?parent=564078"}],"wp:term":[{"taxonomy":"category","embeddable":true,"href":"https:\/\/www.europesays.com\/fr\/wp-json\/wp\/v2\/categories?post=564078"},{"taxonomy":"post_tag","embeddable":true,"href":"https:\/\/www.europesays.com\/fr\/wp-json\/wp\/v2\/tags?post=564078"}],"curies":[{"name":"wp","href":"https:\/\/api.w.org\/{rel}","templated":true}]}}