{"id":564085,"date":"2025-11-28T08:34:10","date_gmt":"2025-11-28T08:34:10","guid":{"rendered":"https:\/\/www.europesays.com\/fr\/564085\/"},"modified":"2025-11-28T08:34:10","modified_gmt":"2025-11-28T08:34:10","slug":"boire-du-cafe-permet-il-vraiment-de-ralentir-le-vieillissement","status":"publish","type":"post","link":"https:\/\/www.europesays.com\/fr\/564085\/","title":{"rendered":"Boire du caf\u00e9 permet-il vraiment de ralentir le vieillissement\u00a0?"},"content":{"rendered":"\n<p>\n    R\u00e9serv\u00e9 aux abonn\u00e9s\n<\/p>\n<p>    Plusieurs travaux r\u00e9cents ont notamment \u00e9tabli un lien entre la consommation &#8211; raisonnable &#8211; de caf\u00e9 et un effet sur le vieillissement biologique.<br \/>\n                Halfpoint \/ stock.adobe.com<\/p>\n<p class=\"fig-standfirst\">\n    Boire trois \u00e0 quatre caf\u00e9s par jour ralentirait le vieillissement pr\u00e9matur\u00e9 de personnes schizophr\u00e8nes ou bipolaires, selon une \u00e9tude. Si d\u2019autres travaux ont fait le lien entre caf\u00e9ine et vieillissement en population g\u00e9n\u00e9rale, plusieurs limites relativisent ces r\u00e9sultats.<\/p>\n<p class=\"fig-paragraph\">En mati\u00e8re de caf\u00e9, il y a le camp des \u00ab\u00a0pour\u00a0\u00bb et celui des \u00ab\u00a0contre\u00a0\u00bb. \u00c0 grand renfort d\u2019\u00e9tudes scientifiques, chacun esp\u00e8re prouver qu\u2019en consommer serait tr\u00e8s bon pour la sant\u00e9 ou, au contraire, fort n\u00e9faste. Et pour cause\u00a0: dans ce domaine tr\u00e8s populaire &#8211; plus de 2 milliards de tasses de caf\u00e9 par jour sont consomm\u00e9es dans le monde -, les \u00e9tudes scientifiques abondent&#8230; et se contredisent. Parmi les bienfaits cit\u00e9s, plusieurs travaux r\u00e9cents ont notamment \u00e9tabli un lien entre la consommation &#8211; raisonnable &#8211; de caf\u00e9 et un effet sur le vieillissement biologique. Une m\u00e9ta-analyse a ainsi montr\u00e9 que la consommation quotidienne d\u2019environ trois tasses de caf\u00e9 \u00e9tait associ\u00e9e \u00e0\u00a0<a href=\"https:\/\/www.sciencedirect.com\/science\/article\/pii\/S1568163724003994?via%3Dihub\" target=\"_blank\" rel=\"sponsored noopener\" data-gtm-custom-categorie=\"navigation\" data-gtm-custom-action=\"crossclick\" data-gtm-custom-label=\"Contextuel\" data-gtm-event=\"customEventSPE\">un allongement moyen de la vie de pr\u00e8s de deux ans<\/a>. Et une exp\u00e9rience in vitro a montr\u00e9 que la seule caf\u00e9ine (\u00e0 diff\u00e9rencier du caf\u00e9, qui implique d\u2019autres composants)\u00a0<a href=\"https:\/\/microbialcell.com\/researcharticles\/2025a-alao-microbial-cell\/\" target=\"_blank\" rel=\"sponsored noopener\" data-gtm-custom-categorie=\"navigation\" data-gtm-custom-action=\"crossclick\" data-gtm-custom-label=\"Contextuel\" data-gtm-event=\"customEventSPE\">prolongeait la dur\u00e9e de vie de nos cellules<\/a>, en activant des m\u00e9canismes de gestion du stress et de r\u00e9paration.<\/p>\n<p class=\"fig-paragraph\">Or, les personnes atteintes\u2026<\/p>\n<p class=\"fig-premium-paywall__infos\">\n        Cet article est r\u00e9serv\u00e9 aux abonn\u00e9s.        Il vous reste 85% \u00e0 d\u00e9couvrir.\n    <\/p>\n<p>                <img  data- alt=\"Le Figaro\" class=\"fig-img--complete fig-img\"\/><\/p>\n<p class=\"fig-premium-paywall__title\">Black Friday<\/p>\n<p class=\"fig-premium-paywall__subtitle\">-70% sur l&rsquo;abonnement num\u00e9rique<\/p>\n<p class=\"fig-premium-paywall__connect\">\n                D\u00e9j\u00e0 abonn\u00e9\u00a0?                <a class=\"fig-premium-paywall__connect-link\" href=\"https:\/\/connect.lefigaro.fr\/login?client=sante_web&amp;type=main&amp;redirect_uri=https%3A%2F%2Fsante.lefigaro.fr%2Fmieux-etre%2Fnutrition-aliments%2Fboire-du-cafe-permet-il-vraiment-de-ralentir-le-vieillissement-20251128\" data-js-gtm=\"{&quot;customCategorie&quot;: &quot;conversion&quot;, &quot;customAction&quot;: &quot;before_Landing_Connexion_paywall_auto&quot;, &quot;customLabel&quot;: &quot;c2FudGUubGVmaWdhcm8uZnJfXzFmMGNiYWE1LTdkZWQtNjZiMi04OWQzLTJkOWM0YjBiYjFkN19fQXJ0aWNsZQ==_Boire du caf\u00e9 permet-il vraiment de ralentir le vieillissement\u00a0?_22&quot;, &quot;customIDSPE&quot;: &quot;c2FudGUubGVmaWdhcm8uZnJfXzFmMGNiYWE1LTdkZWQtNjZiMi04OWQzLTJkOWM0YjBiYjFkN19fQXJ0aWNsZQ==&quot;, &quot;event&quot;: &quot;customEventSPE&quot;}\" target=\"_blank\" rel=\"noopener\"><br \/>\n                    Connectez-vous<br \/>\n                <\/a>\n            <\/p>\n<p>La r\u00e9daction vous conseille<\/p>\n<p class=\"fig-headline-tabbar\">\n        Boire du caf\u00e9 permet-il vraiment de ralentir le vieillissement\u00a0?\n    <\/p>\n<p>            <a href=\"https:\/\/abonnement.lefigaro.fr\/lefigaro-black-friday?app=Figaro&amp;source=sticky-mobile&amp;redirect_uri=https%3A%2F%2Fsante.lefigaro.fr%2Fmieux-etre%2Fnutrition-aliments%2Fboire-du-cafe-permet-il-vraiment-de-ralentir-le-vieillissement-20251128\" class=\"fig-subscription-button fig-subscription-button--mobile\" data-gtm=\"{&quot;customCategorie&quot;:&quot;conversion&quot;,&quot;customAction&quot;:&quot;before_Landing_Premium_Tapbar&quot;,&quot;customLabel&quot;:&quot;c2FudGUubGVmaWdhcm8uZnJfXzFmMGNiYWE1LTdkZWQtNjZiMi04OWQzLTJkOWM0YjBiYjFkN19fQXJ0aWNsZQ==_boire_du_cafe_permet_il_vraiment_de_ralentir_le_vieillissement&quot;,&quot;customIDSPE&quot;:&quot;c2FudGUubGVmaWdhcm8uZnJfXzFmMGNiYWE1LTdkZWQtNjZiMi04OWQzLTJkOWM0YjBiYjFkN19fQXJ0aWNsZQ==&quot;,&quot;event&quot;:&quot;customEventSPE&quot;}\" referrerpolicy=\"unsafe-url\" target=\"_blank\" rel=\"noopener\"><br \/>\n    S&rsquo;ABONNER<br \/>\n<\/a><\/p>\n<p>        Fermer<\/p>\n<p>            <a href=\"https:\/\/abonnement.lefigaro.fr\/lefigaro-black-friday?app=Figaro&amp;source=sticky-desktop&amp;redirect_uri=https%3A%2F%2Fsante.lefigaro.fr%2Fmieux-etre%2Fnutrition-aliments%2Fboire-du-cafe-permet-il-vraiment-de-ralentir-le-vieillissement-20251128\" class=\"fig-subscription-button fig-subscription-button--desktop\" data-gtm=\"{&quot;customCategorie&quot;:&quot;conversion&quot;,&quot;customAction&quot;:&quot;before_Landing_Premium_Tapbar&quot;,&quot;customLabel&quot;:&quot;c2FudGUubGVmaWdhcm8uZnJfXzFmMGNiYWE1LTdkZWQtNjZiMi04OWQzLTJkOWM0YjBiYjFkN19fQXJ0aWNsZQ==_boire_du_cafe_permet_il_vraiment_de_ralentir_le_vieillissement&quot;,&quot;customIDSPE&quot;:&quot;c2FudGUubGVmaWdhcm8uZnJfXzFmMGNiYWE1LTdkZWQtNjZiMi04OWQzLTJkOWM0YjBiYjFkN19fQXJ0aWNsZQ==&quot;,&quot;event&quot;:&quot;customEventSPE&quot;}\" referrerpolicy=\"unsafe-url\" target=\"_blank\" rel=\"noopener\"><br \/>\n    S&rsquo;abonner<br \/>\n<\/a><\/p>\n<p>        <a class=\"fig-a11y-skip\" href=\"#fig-a11y-skip-bottom-taboola-new-site-below-article-thumbnails-premium-paywall\" data-module=\"a11y-skip\" data-context=\"was @visible\"><br \/>\n    Passer la publicit\u00e9<br \/>\n<\/a>        <\/p>\n<p>    <a class=\"fig-a11y-skip\" href=\"#fig-a11y-skip-bottom-taboola-new-site-mobile-feed-article-premium-paywall\" data-module=\"a11y-skip\" data-context=\"was @visible\"><br \/>\n    Passer la publicit\u00e9<br \/>\n<\/a>        <\/p>\n<ol class=\"fig-related-content__list\">\n<li class=\"fig-related-content__item\">\n<p>                                                                                                                                                                                                                                                            <a href=\"https:\/\/sante.lefigaro.fr\/article\/deux-tasses-et-demie-de-cafe-pour-soigner-une-maladie-orpheline\/\" class=\"fig-ranking-profile-link\" data-gtm=\"{&quot;event&quot;:&quot;customEventGA4&quot;,&quot;eventName&quot;:&quot;click_navigation&quot;,&quot;location&quot;:&quot;bloc_sur_lememe_theme&quot;,&quot;feature&quot;:&quot;new_article_blocs&quot;,&quot;feature_details&quot;:&quot;Sur le m\\u00eame th\\u00e8me&quot;,&quot;button_action&quot;:&quot;crossclick&quot;}\" data-fig-domain=\"LEFIGARO\" target=\"_blank\" rel=\"noopener\"><\/p>\n<p>        Boire trois tasses de caf\u00e9 pour soigner une maladie orpheline<\/p>\n<p>                                                <\/a><\/p>\n<p>        <img   class=\"fig-img fig-ranking-profile-media-small-picture__photo\" alt=\"Boire trois tasses de caf\u00e9 pour soigner une maladie orpheline\" height=\"1365\" width=\"1390\"\/><\/p>\n<p class=\"fig-ranking-profile-standfirst\">\n    Un enfant atteint d\u2019une maladie neurologique rare a pu \u00eatre pris en charge gr\u00e2ce \u00e0 trois tasses de caf\u00e9 par jour, un traitement dont l\u2019efficacit\u00e9 a \u00e9t\u00e9 montr\u00e9e gr\u00e2ce \u00e0 une erreur de sa famille.\n<\/p>\n<\/li>\n<li class=\"fig-related-content__item\">\n<p>                                                                                                                                                                                                                                                            <a href=\"https:\/\/sante.lefigaro.fr\/article\/pourquoi-le-cafe-nous-tient-il-eveille\/\" class=\"fig-ranking-profile-link\" data-gtm=\"{&quot;event&quot;:&quot;customEventGA4&quot;,&quot;eventName&quot;:&quot;click_navigation&quot;,&quot;location&quot;:&quot;bloc_sur_lememe_theme&quot;,&quot;feature&quot;:&quot;new_article_blocs&quot;,&quot;feature_details&quot;:&quot;Sur le m\\u00eame th\\u00e8me&quot;,&quot;button_action&quot;:&quot;crossclick&quot;}\" data-fig-domain=\"LEFIGARO\" target=\"_blank\" rel=\"noopener\"><\/p>\n<p>        Pourquoi le caf\u00e9 nous tient-il \u00e9veill\u00e9?<\/p>\n<p>                                                <\/a><\/p>\n<p>        <img   class=\"fig-img fig-ranking-profile-media-small-picture__photo\" alt=\"Pourquoi le caf\u00e9 nous tient-il \u00e9veill\u00e9?\" height=\"925\" width=\"1628\"\/><\/p>\n<p class=\"fig-ranking-profile-standfirst\">\n    Routine matinale de bien des adultes, le caf\u00e9 nous tient alertes et \u00e9veill\u00e9s. Mais comment s\u2019y prend-il? \u00abLe Figaro\u00bb plonge dans votre tasse pour vous l\u2019expliquer.\n<\/p>\n<\/li>\n<li class=\"fig-related-content__item\">\n<p>                                                                                                                                                                                                                                                            <a href=\"https:\/\/sante.lefigaro.fr\/article\/l-angleterre-veut-interdire-la-vente-de-boissons-energisantes-aux-enfants\/\" class=\"fig-ranking-profile-link\" data-gtm=\"{&quot;event&quot;:&quot;customEventGA4&quot;,&quot;eventName&quot;:&quot;click_navigation&quot;,&quot;location&quot;:&quot;bloc_sur_lememe_theme&quot;,&quot;feature&quot;:&quot;new_article_blocs&quot;,&quot;feature_details&quot;:&quot;Sur le m\\u00eame th\\u00e8me&quot;,&quot;button_action&quot;:&quot;crossclick&quot;}\" data-fig-domain=\"LEFIGARO\" target=\"_blank\" rel=\"noopener\"><\/p>\n<p>        L\u2019Angleterre veut interdire la vente de boissons \u00e9nergisantes aux enfants<\/p>\n<p>                                                <\/a><\/p>\n<p>        <img   class=\"fig-img fig-ranking-profile-media-small-picture__photo\" alt=\"L\u2019Angleterre veut interdire la vente de boissons \u00e9nergisantes aux enfants\" height=\"1359\" width=\"2040\"\/><\/p>\n<p class=\"fig-ranking-profile-standfirst\">\n    Le gouvernement britannique souhaite interdire la vente des boissons \u00e9nergisantes aux plus jeunes, en raison de leurs concentrations importantes en caf\u00e9ine, taurine et sucres.\n<\/p>\n<\/li>\n<li class=\"fig-related-content__item\">\n<p>                                                                                                                                                                                                                                                            <a href=\"https:\/\/sante.lefigaro.fr\/article\/cafe-le-breuvage-miracle-\/\" class=\"fig-ranking-profile-link\" data-gtm=\"{&quot;event&quot;:&quot;customEventGA4&quot;,&quot;eventName&quot;:&quot;click_navigation&quot;,&quot;location&quot;:&quot;bloc_sur_lememe_theme&quot;,&quot;feature&quot;:&quot;new_article_blocs&quot;,&quot;feature_details&quot;:&quot;Sur le m\\u00eame th\\u00e8me&quot;,&quot;button_action&quot;:&quot;crossclick&quot;}\" data-fig-domain=\"LEFIGARO\" target=\"_blank\" rel=\"noopener\"><\/p>\n<p>        Cinq effets b\u00e9n\u00e9fiques du caf\u00e9 pour la sant\u00e9<\/p>\n<p>                                                <\/a><\/p>\n<p>        <img   class=\"fig-img fig-ranking-profile-media-small-picture__photo\" alt=\"Cinq effets b\u00e9n\u00e9fiques du caf\u00e9 pour la sant\u00e9\" height=\"1379\" width=\"2040\"\/><\/p>\n<p class=\"fig-ranking-profile-standfirst\">\n    Boire trois \u00e0 quatre caf\u00e9s par jour r\u00e9duit les risques de morts pr\u00e9coces et permet de pr\u00e9venir certaines maladies.\n<\/p>\n<\/li>\n<li class=\"fig-related-content__item\">\n<p>                                                                                                                                                                                                                                                            <a href=\"https:\/\/sante.lefigaro.fr\/article\/quelle-dose-de-cafeine-par-jour-ne-faut-il-pas-depasser-\/\" class=\"fig-ranking-profile-link\" data-gtm=\"{&quot;event&quot;:&quot;customEventGA4&quot;,&quot;eventName&quot;:&quot;click_navigation&quot;,&quot;location&quot;:&quot;bloc_sur_lememe_theme&quot;,&quot;feature&quot;:&quot;new_article_blocs&quot;,&quot;feature_details&quot;:&quot;Sur le m\\u00eame th\\u00e8me&quot;,&quot;button_action&quot;:&quot;crossclick&quot;}\" data-fig-domain=\"LEFIGARO\" target=\"_blank\" rel=\"noopener\"><\/p>\n<p>        Quelle dose de caf\u00e9ine par jour ne faut-il pas d\u00e9passer\u00a0?<\/p>\n<p>                                                <\/a><\/p>\n<p>        <img   class=\"fig-img fig-ranking-profile-media-small-picture__photo\" alt=\"Quelle dose de caf\u00e9ine par jour ne faut-il pas d\u00e9passer\u00a0?\" height=\"816\" width=\"1952\"\/><\/p>\n<p class=\"fig-ranking-profile-standfirst\">\n    Par ses effets sur le foetus, la caf\u00e9ine est d\u00e9conseill\u00e9 pendant la grossesse. Pouvoir calculer sa consommation journali\u00e8re de caf\u00e9ine n\u2019est pas toujours chose ais\u00e9e.\n<\/p>\n<\/li>\n<li class=\"fig-related-content__item\">\n<p>                                                                                                                                                                                                                                                            <a href=\"https:\/\/sante.lefigaro.fr\/actualite\/2015\/05\/28\/23779-trop-cafe-nuit-sante\" class=\"fig-ranking-profile-link\" data-gtm=\"{&quot;event&quot;:&quot;customEventGA4&quot;,&quot;eventName&quot;:&quot;click_navigation&quot;,&quot;location&quot;:&quot;bloc_sur_lememe_theme&quot;,&quot;feature&quot;:&quot;new_article_blocs&quot;,&quot;feature_details&quot;:&quot;Sur le m\\u00eame th\\u00e8me&quot;,&quot;button_action&quot;:&quot;crossclick&quot;}\" data-fig-domain=\"LEFIGARO\" target=\"_blank\" rel=\"noopener\"><\/p>\n<p>        Trop de caf\u00e9 nuit \u00e0 la sant\u00e9<\/p>\n<p>                                                <\/a><\/p>\n<p>        <img   class=\"fig-img fig-ranking-profile-media-small-picture__photo\" alt=\"Trop de caf\u00e9 nuit \u00e0 la sant\u00e9\"\/><\/p>\n<p class=\"fig-ranking-profile-standfirst\">\n    Au-del\u00e0 d&rsquo;une certaine quantit\u00e9, la caf\u00e9ine peut provoquer maladies cardiovasculaires et probl\u00e8mes nerveux, ou induire des risques pour le foetus.\n<\/p>\n<\/li>\n<li class=\"fig-related-content__item\">\n<p>                                                                                                                                                                                                                                                            <a href=\"https:\/\/sante.lefigaro.fr\/actualite\/2014\/09\/23\/22816-cafeine-ce-que-lon-sait-ce-que-lon-cherche\" class=\"fig-ranking-profile-link\" data-gtm=\"{&quot;event&quot;:&quot;customEventGA4&quot;,&quot;eventName&quot;:&quot;click_navigation&quot;,&quot;location&quot;:&quot;bloc_sur_lememe_theme&quot;,&quot;feature&quot;:&quot;new_article_blocs&quot;,&quot;feature_details&quot;:&quot;Sur le m\\u00eame th\\u00e8me&quot;,&quot;button_action&quot;:&quot;crossclick&quot;}\" data-fig-domain=\"LEFIGARO\" target=\"_blank\" rel=\"noopener\"><\/p>\n<p>        Caf\u00e9ine: ce que l&rsquo;on sait, ce que l&rsquo;on cherche<\/p>\n<p>                                                <\/a><\/p>\n<p>        <img   class=\"fig-img fig-ranking-profile-media-small-picture__photo\" alt=\"Caf\u00e9ine: ce que l'on sait, ce que l'on cherche\"\/><\/p>\n<p class=\"fig-ranking-profile-standfirst\">\n    Une \u00e9tude r\u00e9alis\u00e9e sur plus d&rsquo;un million de personnes en 2014 a permis d&rsquo;\u00e9liminer toute inqui\u00e9tude sur un risque cardiovasculaire de la consommation de caf\u00e9.\n<\/p>\n<\/li>\n<li class=\"fig-related-content__item\">\n<p>                                                                                                                                                                                                                                                            <a href=\"https:\/\/sante.lefigaro.fr\/actualite\/2014\/09\/19\/22803-cafeine-alliee-dose-moderee\" class=\"fig-ranking-profile-link\" data-gtm=\"{&quot;event&quot;:&quot;customEventGA4&quot;,&quot;eventName&quot;:&quot;click_navigation&quot;,&quot;location&quot;:&quot;bloc_sur_lememe_theme&quot;,&quot;feature&quot;:&quot;new_article_blocs&quot;,&quot;feature_details&quot;:&quot;Sur le m\\u00eame th\\u00e8me&quot;,&quot;button_action&quot;:&quot;crossclick&quot;}\" data-fig-domain=\"LEFIGARO\" target=\"_blank\" rel=\"noopener\"><\/p>\n<p>        La caf\u00e9ine, une alli\u00e9e \u00e0 dose mod\u00e9r\u00e9e<\/p>\n<p>                                                <\/a><\/p>\n<p>        <img   class=\"fig-img fig-ranking-profile-media-small-picture__photo\" alt=\"La caf\u00e9ine, une alli\u00e9e \u00e0 dose mod\u00e9r\u00e9e\"\/><\/p>\n<p class=\"fig-ranking-profile-standfirst\">\n    Les effets de cette substance psychoactive varient d&rsquo;un individu \u00e0 l&rsquo;autre.\n<\/p>\n<\/li>\n<li class=\"fig-related-content__item\">\n<p>                                                                                                                                                                                                                                                            <a href=\"https:\/\/sante.lefigaro.fr\/actualite\/2014\/05\/07\/22318-minceur-attention-complements-alimentaires\" class=\"fig-ranking-profile-link\" data-gtm=\"{&quot;event&quot;:&quot;customEventGA4&quot;,&quot;eventName&quot;:&quot;click_navigation&quot;,&quot;location&quot;:&quot;bloc_sur_lememe_theme&quot;,&quot;feature&quot;:&quot;new_article_blocs&quot;,&quot;feature_details&quot;:&quot;Sur le m\\u00eame th\\u00e8me&quot;,&quot;button_action&quot;:&quot;crossclick&quot;}\" data-fig-domain=\"LEFIGARO\" target=\"_blank\" rel=\"noopener\"><\/p>\n<p>        Minceur\u00a0: attention aux compl\u00e9ments alimentaires<\/p>\n<p>                                                <\/a><\/p>\n<p>        <img   class=\"fig-img fig-ranking-profile-media-small-picture__photo\" alt=\"Minceur\u00a0: attention aux compl\u00e9ments alimentaires\"\/><\/p>\n<p class=\"fig-ranking-profile-standfirst\">\n    Dans ses derni\u00e8res recommandations, l&rsquo;Anses met en garde contre la p -syn\u00e9phrine, une substance extraite de l&rsquo;\u00e9corce d&rsquo;orange am\u00e8re utilis\u00e9e dans les compl\u00e9ments alimentaires.\n<\/p>\n<\/li>\n<li class=\"fig-related-content__item\">\n<p>                                                                                                                                                                                                                                                            <a href=\"https:\/\/sante.lefigaro.fr\/actualite\/2014\/04\/18\/22248-cafe-pour-lutter-contre-maladie-dalzheimer\" class=\"fig-ranking-profile-link\" data-gtm=\"{&quot;event&quot;:&quot;customEventGA4&quot;,&quot;eventName&quot;:&quot;click_navigation&quot;,&quot;location&quot;:&quot;bloc_sur_lememe_theme&quot;,&quot;feature&quot;:&quot;new_article_blocs&quot;,&quot;feature_details&quot;:&quot;Sur le m\\u00eame th\\u00e8me&quot;,&quot;button_action&quot;:&quot;crossclick&quot;}\" data-fig-domain=\"LEFIGARO\" target=\"_blank\" rel=\"noopener\"><\/p>\n<p>        Le caf\u00e9 pour lutter contre la maladie d&rsquo;Alzheimer<\/p>\n<p>                                                <\/a><\/p>\n<p>        <img   class=\"fig-img fig-ranking-profile-media-small-picture__photo\" alt=\"Le caf\u00e9 pour lutter contre la maladie d'Alzheimer\"\/><\/p>\n<p class=\"fig-ranking-profile-standfirst\">\n    L&rsquo;administration de caf\u00e9ine a diminu\u00e9 les pertes de m\u00e9moire chez des souris. Des r\u00e9sultats \u00e0 confirmer chez l&rsquo;homme.\n<\/p>\n<\/li>\n<\/ol>\n","protected":false},"excerpt":{"rendered":"R\u00e9serv\u00e9 aux abonn\u00e9s Plusieurs travaux r\u00e9cents ont notamment \u00e9tabli un lien entre la consommation &#8211; raisonnable &#8211; de&hellip;\n","protected":false},"author":2,"featured_media":564086,"comment_status":"","ping_status":"","sticky":false,"template":"","format":"standard","meta":{"footnotes":""},"categories":[10],"tags":[772,35244,1011,27,72,67997,71],"class_list":{"0":"post-564085","1":"post","2":"type-post","3":"status-publish","4":"format-standard","5":"has-post-thumbnail","7":"category-sante","8":"tag-alzheimer","9":"tag-cafeine","10":"tag-fr","11":"tag-france","12":"tag-health","13":"tag-le-stress-cellulaire-les-anti-oxydants","14":"tag-sante"},"share_on_mastodon":{"url":"https:\/\/pubeurope.com\/@fr\/115626407725760202","error":""},"_links":{"self":[{"href":"https:\/\/www.europesays.com\/fr\/wp-json\/wp\/v2\/posts\/564085","targetHints":{"allow":["GET"]}}],"collection":[{"href":"https:\/\/www.europesays.com\/fr\/wp-json\/wp\/v2\/posts"}],"about":[{"href":"https:\/\/www.europesays.com\/fr\/wp-json\/wp\/v2\/types\/post"}],"author":[{"embeddable":true,"href":"https:\/\/www.europesays.com\/fr\/wp-json\/wp\/v2\/users\/2"}],"replies":[{"embeddable":true,"href":"https:\/\/www.europesays.com\/fr\/wp-json\/wp\/v2\/comments?post=564085"}],"version-history":[{"count":0,"href":"https:\/\/www.europesays.com\/fr\/wp-json\/wp\/v2\/posts\/564085\/revisions"}],"wp:featuredmedia":[{"embeddable":true,"href":"https:\/\/www.europesays.com\/fr\/wp-json\/wp\/v2\/media\/564086"}],"wp:attachment":[{"href":"https:\/\/www.europesays.com\/fr\/wp-json\/wp\/v2\/media?parent=564085"}],"wp:term":[{"taxonomy":"category","embeddable":true,"href":"https:\/\/www.europesays.com\/fr\/wp-json\/wp\/v2\/categories?post=564085"},{"taxonomy":"post_tag","embeddable":true,"href":"https:\/\/www.europesays.com\/fr\/wp-json\/wp\/v2\/tags?post=564085"}],"curies":[{"name":"wp","href":"https:\/\/api.w.org\/{rel}","templated":true}]}}