{"id":564091,"date":"2025-11-28T08:37:18","date_gmt":"2025-11-28T08:37:18","guid":{"rendered":"https:\/\/www.europesays.com\/fr\/564091\/"},"modified":"2025-11-28T08:37:18","modified_gmt":"2025-11-28T08:37:18","slug":"le-meilleur-smartphone-apple-du-moment-atteint-un-prix-inedit-en-ce-black-friday-frandroid","status":"publish","type":"post","link":"https:\/\/www.europesays.com\/fr\/564091\/","title":{"rendered":"le meilleur smartphone Apple du moment atteint un prix in\u00e9dit en ce Black Friday \u2014 Frandroid"},"content":{"rendered":"<p>Le Black Friday officiel, c\u2019est maintenant. L\u2019une des meilleures offres du jour, c\u2019est l\u2019iPhone 17, aka le meilleur mod\u00e8le actuel de la Pomme, qui est propos\u00e9 \u00e0 829 euros au lieu de 969 euros chez Rakuten.<\/p>\n<p><a target=\"_blank\" href=\"https:\/\/images.frandroid.com\/wp-content\/uploads\/2025\/11\/iphone-17-black-friday-2025.jpg\" class=\"article-content__figure\" rel=\"noopener\"><img fetchpriority=\"high\" decoding=\"async\" loading=\"eager\" width=\"1200\" height=\"675\" src=\"https:\/\/www.europesays.com\/fr\/wp-content\/uploads\/2025\/11\/iphone-17-black-friday-2025.jpg\" alt=\"\" class=\"wp-image-2888897 wp-image wp-image\"  \/><\/a><\/p>\n<p>Design ultra-r\u00e9ussi, \u00e9cran 120 Hz (enfin !), performances de haut vol\u2026 Avec <a href=\"https:\/\/www.frandroid.com\/produits\/smartphones\/apple\/2788411-apple-iphone-17\" target=\"_blank\" rel=\"noopener\">l\u2019iPhone 17<\/a>, Apple a livr\u00e9 un smartphone hyper abouti et pourrait m\u00eame convaincre les aficionados d\u2019Android, c\u2019est dire. Celui qui occupe actuellement la premi\u00e8re place de notre classement des meilleurs iPhone est en plus disponible \u00e0 un <a href=\"https:\/\/shop.frandroid.com\/n8wvvbpx\" target=\"_blank\" rel=\"noreferrer noopener affiliate nofollow\" data-gtm=\"{&quot;event&quot;:&quot;afficlic&quot;,&quot;nom_marchand&quot;:&quot;rakuten&quot;,&quot;nom_produit&quot;:&quot;inconnu&quot;,&quot;categorie_produit&quot;:&quot;inconnu&quot;,&quot;module_produit&quot;:&quot;editolink&quot;,&quot;position_marchand&quot;:0,&quot;texte&quot;:&quot;excellent-prix&quot;,&quot;offer_url&quot;:&quot;https:\/\/shop.frandroid.com\/n8wvvbpx&quot;,&quot;zone&quot;:&quot;contenu-page&quot;}\">excellent prix<\/a> en ce <a href=\"https:\/\/www.frandroid.com\/bons-plans\/2885171_voici-les-20-meilleures-offres-du-black-friday-tout-simplement\" target=\"_blank\" rel=\"noopener\">Black Friday<\/a>. Attention, \u00e7a ne va pas durer.<\/p>\n<p>Les atouts de l\u2019iPhone 17<\/p>\n<ul class=\"wp-block-list\">\n<li>Un design aux petits oignons<\/li>\n<li>Une dalle OLED de 6,3 pouces + 120 Hz<\/li>\n<li>Une puce performante, l\u2019A19<\/li>\n<\/ul>\n<p>Lanc\u00e9 \u00e0 969 euros, l\u2019iPhone 17 est <a href=\"https:\/\/shop.frandroid.com\/n8wvvbpx\" target=\"_blank\" rel=\"noreferrer noopener affiliate nofollow\" data-gtm=\"{&quot;event&quot;:&quot;afficlic&quot;,&quot;nom_marchand&quot;:&quot;rakuten&quot;,&quot;nom_produit&quot;:&quot;inconnu&quot;,&quot;categorie_produit&quot;:&quot;inconnu&quot;,&quot;module_produit&quot;:&quot;editolink&quot;,&quot;position_marchand&quot;:0,&quot;texte&quot;:&quot;affiche-a-829-euros-chez-rakuten&quot;,&quot;offer_url&quot;:&quot;https:\/\/shop.frandroid.com\/n8wvvbpx&quot;,&quot;zone&quot;:&quot;contenu-page&quot;}\">affich\u00e9 \u00e0 829 euros chez Rakuten<\/a>.<\/p>\n<p>L\u2019iPhone 16, l\u2019ancien fleuron d\u2019Apple, est quant \u00e0 lui <a href=\"https:\/\/shop.frandroid.com\/osu47ob6\" target=\"_blank\" rel=\"noreferrer noopener affiliate nofollow\" data-gtm=\"{&quot;event&quot;:&quot;afficlic&quot;,&quot;nom_marchand&quot;:&quot;rakuten&quot;,&quot;nom_produit&quot;:&quot;inconnu&quot;,&quot;categorie_produit&quot;:&quot;inconnu&quot;,&quot;module_produit&quot;:&quot;editolink&quot;,&quot;position_marchand&quot;:0,&quot;texte&quot;:&quot;propose-a-639-euros-au-lieu-de-969-euros&quot;,&quot;offer_url&quot;:&quot;https:\/\/shop.frandroid.com\/osu47ob6&quot;,&quot;zone&quot;:&quot;contenu-page&quot;}\">propos\u00e9 \u00e0 639 euros au lieu de 969 euros chez Rakuten<\/a>.<\/p>\n<p>                <img decoding=\"async\" width=\"1200\" height=\"446\" loading=\"lazy\" alt=\"Affiliates_1325x492_Frandroid\" title=\"Affiliates_1325x492_Frandroid\" class=\"is-radiusless placeholder-default wp-image\" src=\"https:\/\/www.europesays.com\/fr\/wp-content\/uploads\/2025\/11\/affiliates-1325x492-frandroid-1200x446.jpg\" \/>            <\/p>\n<p>\n                    Oubliez le neuf, Back Market lance son Black Friday                <\/p>\n<p class=\"has-text-weight-medium is-size-6 is-line-height-normal\">\n                    En ce moment, profitez d\u2019offres exclusives sur un large choix d\u2019appareils reconditionn\u00e9s : d\u00e9j\u00e0 bien moins chers que le neuf, certains b\u00e9n\u00e9ficient de remises suppl\u00e9mentaires ! Acc\u00e9dez \u00e0 des produits performants, contr\u00f4l\u00e9s et garantis d\u00e8s maintenant.                 <\/p>\n<p>Si, par la suite, l\u2019offre mentionn\u00e9e dans cet article n\u2019est plus disponible, merci de jeter un coup d\u2019\u0153il ci-dessous afin de d\u00e9nicher d\u2019autres offres concernant l\u2019iPhone 17. Le tableau s\u2019actualise automatiquement. <\/p>\n<p>    <a href=\"https:\/\/www.frandroid.com\/produits\/smartphones\/apple\/2788411-apple-iphone-17\" class=\"product-resume__prices-title__product-name has-text-weight-bold\" target=\"_blank\" rel=\"noopener\"><br \/>\n    Apple iPhone 17    <\/a><br \/>\n        au meilleur prix<\/p>\n<p>                Voir plus d\u2019offres \u00e0 partir de 829\u00a0\u20ac<br \/>\n                Voir moins d\u2019offres<\/p>\n<p>\n                iPhone 17<br \/>\n                L\u2019iPhone 17 \u00e0 petit prix en location sans engagement\n            <\/p>\n<p>Un design toujours aussi soign\u00e9 et bien plus encore<\/p>\n<p>Soign\u00e9 et raffin\u00e9 : voici comment nous avions qualifi\u00e9 le tr\u00e8s bel iPhone 17 lors de notre test. Il faut dire qu\u2019avec sa finition mate au dos, ses bordures plates mais jamais tranchantes, son poids bien r\u00e9parti et son \u00e9cran qui occupe toute la surface avant, ce smartphone nous flatte la r\u00e9tine et offre une prise en main agr\u00e9able et confortable. On se serait toutefois bien pass\u00e9 du bouton \u00ab\u00a0Camera Control\u00a0\u00bb sur la tranche, trop gadget selon nous.<\/p>\n<p>Concernant son \u00e9cran, on a ici droit \u00e0 une dalle OLED de 6,3 pouces, qui a b\u00e9n\u00e9fici\u00e9 d\u2019une grande nouveaut\u00e9 que l\u2019on a (trop) longtemps attendue sur les mod\u00e8les non Pro d\u2019Apple : le taux de rafra\u00eechissement qui peut atteindre 120 Hz. Oui, la technologie ProMotion est bel et bien disponible, un changement qui dope la fluidit\u00e9 de l\u2019affichage et permet d\u2019optimiser l\u2019autonomie. Attention, <a href=\"https:\/\/www.frandroid.com\/marques\/2795145_mauvaise-surprise-lecran-de-liphone-17-coute-beaucoup-plus-cher-a-remplacer\" target=\"_blank\" rel=\"noopener\">sa r\u00e9paration peut \u00eatre on\u00e9reuse<\/a>, mais \u00e0 l\u2019usage, c\u2019est un vrai plaisir.<\/p>\n<p>Mention sp\u00e9ciale aussi pour la belle luminosit\u00e9 de cet \u00e9cran, qui atteint un pic \u00e9lev\u00e9 sur les contenus HDR avec 2 500 nits. En SDR, c\u2019est plus faible, avec 904 nits. Mais globalement, vous ne devriez souffrir d\u2019aucun manque de lisibilit\u00e9. <\/p>\n<p>La puissance de l\u2019A19<\/p>\n<p>Sur la partie logicielle, on retrouve iOS 26, avec la fameuse nouvelle interface \u00ab\u00a0Liquid Glass\u00a0\u00bb et les fonctions d\u2019Apple Intelligence, qui sont malheureusement <a href=\"https:\/\/www.frandroid.com\/os\/ios\/2516453_jai-teste-apple-intelligence-en-francais-sur-mon-iphone-et-voici-ce-que-jen-pense\" target=\"_blank\" rel=\"noopener\">toujours tr\u00e8s limit\u00e9es dans notre pays<\/a>. Apple peine \u00e0 faire le poids face \u00e0 Android, qui est bien plus au point c\u00f4t\u00e9 IA. On se console avec la puce A19, tr\u00e8s puissante, m\u00eame si elle ne surpasse naturellement pas celle des mod\u00e8les Pro de la gamme. Elle promet en tout cas une excellente fluidit\u00e9 dans chaque t\u00e2che. En revanche, le smartphone a tendance \u00e0 chauffer quand il est pouss\u00e9 dans ses retranchements\u2026<\/p>\n<p>C\u00f4t\u00e9 photo, l\u2019iPhone 17 se contente de deux capteurs de 48 Mpx \u00e0 l\u2019arri\u00e8re : un grand-angle et un ultra grand-angle. Pour la polyvalence, on repassera (o\u00f9 est le t\u00e9l\u00e9objectif ?), mais les images produites sont tr\u00e8s d\u00e9taill\u00e9es et la gestion de la dynamique tr\u00e8s bonne. En faible luminosit\u00e9, on perd toutefois un peu en d\u00e9tail. Enfin, pour ce qui est de son autonomie, l\u2019iPhone 17 int\u00e8gre une batterie de 3 692 mAh, qui ne permet pas d\u2019aller au-del\u00e0 d\u2019une journ\u00e9e d\u2019utilisation. Et la charge reste un peu trop lente. <\/p>\n<p>Pour en savoir encore plus, n\u2019h\u00e9sitez pas \u00e0 lire <a href=\"https:\/\/www.frandroid.com\/marques\/apple\/2811765_test-de-liphone-17-le-meilleur-moment-pour-passer-chez-apple\" target=\"_blank\" rel=\"noopener\">notre test complet de l\u2019iPhone 17<\/a>.<\/p>\n<p class=\"shortcode-container see-more\">\n    \u00c0 lire aussi : <br \/><a href=\"https:\/\/www.frandroid.com\/guide-dachat\/smartphones\/705312_meilleur-iphone\" target=\"_blank\" rel=\"noopener\">Quel est le meilleur des iPhone : la s\u00e9lection 2025 des mod\u00e8les \u00e0 acheter (et ceux \u00e0 \u00e9viter)<\/a>\n<\/p>\n<p>Black Friday : pour ne rien rater des offres<\/p>\n<p>Le v\u00e9ritable Black Friday commence enfin ce 28 novembre. Pour l\u2019occasion, les e-commer\u00e7ants partagent leurs meilleures offres pendant toute la dur\u00e9e du week-end. Une aubaine si vous voulez anticiper vos achats de fin d\u2019ann\u00e9e.<\/p>\n<p>Si vous n\u2019avez pas trouv\u00e9 votre bonheur dans les s\u00e9lections pr\u00e9c\u00e9demment cit\u00e9es, voici ce qu\u2019il vous reste \u00e0 faire : <\/p>\n<ul class=\"wp-block-list\">\n<li>T\u00e9l\u00e9chargez notre nouvelle extension Chrome Frandroid Check afin de comparer facilement et sans intrusion les prix des produits : <a href=\"https:\/\/www.frandroid.com\/humanoid\/2877567_telechargez-frandroid-check-le-comparateur-de-prix-et-de-tests-integre-a-votre-navigateur\" target=\"_blank\" rel=\"noreferrer noopener\">tout est expliqu\u00e9 ici<\/a>. <\/li>\n<li>Suivez notre compte X\u00a0<a href=\"https:\/\/twitter.com\/FrandroidPromos\" target=\"_blank\" rel=\"noreferrer noopener\">@FrandroidPromos<\/a> uniquement d\u00e9di\u00e9 aux bons plans (pensez \u00e0 activer la cloche pour recevoir les notifications en temps r\u00e9el)<\/li>\n<li><a href=\"https:\/\/whatsapp.com\/channel\/0029VabYxm5LI8YhSlD8xc05\" target=\"_blank\" rel=\"noreferrer noopener\">Rejoignez notre canal WhatsApp<\/a> pour recevoir une fois par jour un condens\u00e9 des meilleures offres<\/li>\n<li>T\u00e9l\u00e9chargez notre <a href=\"https:\/\/www.frandroid.com\/telecharger\/apps\/frandroid\" target=\"_blank\" rel=\"noreferrer noopener\">application Frandroid<\/a> (disponible sur iOS et Android) pour activer les notifications de la cat\u00e9gorie \u00ab Bons Plans \u00bb et ainsi recevoir en temps r\u00e9el les nouveaux articles li\u00e9s au Black Friday 2025<\/li>\n<li>Abonnez-vous \u00e0 notre newsletter pour \u00eatre s\u00fbr de recevoir les offres en avant-premi\u00e8re (pas plus d\u2019un mail par jour, d\u00e9sinscription en 1 clic, aucune diffusion \u00e0 des tiers) :<\/li>\n<\/ul>\n<p class=\"newsletter-form__title is-size-6 is-size-7-mobile is-uppercase has-text-good-deals has-text-weight-semibold mb-4 px-5\">Frandroid Bons plans<\/p>\n<p class=\"has-text-centered-tablet newsletter-form__subtitle is-size-4 has-text-weight-bold has-text-primary column is-9-tablet is-10-mobile\">\n                C\u2019est enregistr\u00e9 ! Surveillez votre bo\u00eete aux lettres, vous allez entendre parler de nous\u00a0!\n            <\/p>\n<p class=\"newsletter-form__subtitle is-size-4 has-text-weight-bold has-text-gradient-pink\">Ne manquez aucun bon plan avec notre newsletter<\/p>\n<p class=\"is-size-7\">\n                Les donn\u00e9es transmises par le biais de ce formulaire sont destin\u00e9es \u00e0 Humanoid,<br \/>\n                soci\u00e9t\u00e9 \u00e9ditrice du site Frandroid en sa qualit\u00e9 de responsable de traitement.<br \/>\n                Elles ne seront en aucun cas c\u00e9d\u00e9es \u00e0 des tiers. Ces donn\u00e9es sont trait\u00e9es sous r\u00e9serve d\u2019obtention de<br \/>\n                votre consentement pour vous envoyer par e-mail des actualit\u00e9s et informations relatives aux contenus<br \/>\n                \u00e9ditoriaux publi\u00e9s sur Frandroid. Vous pouvez vous opposer \u00e0 tout moment \u00e0 ces e-mails<br \/>\n                en cliquant sur les liens de d\u00e9sinscriptions pr\u00e9sents dans chacun d\u2019eux. Pour plus d\u2019informations, vous<br \/>\n                pouvez consulter l\u2019int\u00e9gralit\u00e9 de notre <a href=\"https:\/\/www.frandroid.com\/politique-donnees-personnelles\" target=\"_blank\" rel=\"noopener\"><br \/>\n                politique de traitement de vos donn\u00e9es personnelles<\/a>.<br \/>\n                Vous disposez d\u2019un droit d\u2019acc\u00e8s, de rectification, d\u2019effacement, de limitation, de portabilit\u00e9 et<br \/>\n                d\u2019opposition pour motif l\u00e9gitime aux donn\u00e9es personnelles vous concernant. Pour exercer l\u2019un de ces droits,<br \/>\n                merci d\u2019effectuer votre demande via notre <a href=\"https:\/\/www.frandroid.com\/contact\/#RGPD\" target=\"_blank\" rel=\"noopener\">formulaire<br \/>\n                de demandes d\u2019exercices de droits d\u00e9di\u00e9<\/a>.\n            <\/p>\n<p>Retrouvez tous les articles de Frandroid directement sur Google. Abonnez-vous \u00e0 <a target=\"_blank\" href=\"https:\/\/shop.frandroid.com\/gpfrandroid\" rel=\"noopener\">notre profil Google<\/a> pour ne rien manquer !<\/p>\n<p>            <script async src=\"https:\/\/platform.twitter.com\/widgets.js\" charset=\"utf-8\"><\/script><\/p>\n","protected":false},"excerpt":{"rendered":"Le Black Friday officiel, c\u2019est maintenant. L\u2019une des meilleures offres du jour, c\u2019est l\u2019iPhone 17, aka le meilleur&hellip;\n","protected":false},"author":2,"featured_media":564092,"comment_status":"","ping_status":"","sticky":false,"template":"","format":"standard","meta":{"footnotes":""},"categories":[7],"tags":[12575,62374,13052,1011,27,43,40,41,39,42,44],"class_list":{"0":"post-564091","1":"post","2":"type-post","3":"status-publish","4":"format-standard","5":"has-post-thumbnail","7":"category-sciences-et-technologies","8":"tag-apple-iphone-17","9":"tag-black-friday-2025","10":"tag-bons-plans-rakuten","11":"tag-fr","12":"tag-france","13":"tag-science","14":"tag-science-and-technology","15":"tag-sciences","16":"tag-sciences-et-technologies","17":"tag-technologies","18":"tag-technology"},"share_on_mastodon":{"url":"https:\/\/pubeurope.com\/@fr\/115626420202721655","error":""},"_links":{"self":[{"href":"https:\/\/www.europesays.com\/fr\/wp-json\/wp\/v2\/posts\/564091","targetHints":{"allow":["GET"]}}],"collection":[{"href":"https:\/\/www.europesays.com\/fr\/wp-json\/wp\/v2\/posts"}],"about":[{"href":"https:\/\/www.europesays.com\/fr\/wp-json\/wp\/v2\/types\/post"}],"author":[{"embeddable":true,"href":"https:\/\/www.europesays.com\/fr\/wp-json\/wp\/v2\/users\/2"}],"replies":[{"embeddable":true,"href":"https:\/\/www.europesays.com\/fr\/wp-json\/wp\/v2\/comments?post=564091"}],"version-history":[{"count":0,"href":"https:\/\/www.europesays.com\/fr\/wp-json\/wp\/v2\/posts\/564091\/revisions"}],"wp:featuredmedia":[{"embeddable":true,"href":"https:\/\/www.europesays.com\/fr\/wp-json\/wp\/v2\/media\/564092"}],"wp:attachment":[{"href":"https:\/\/www.europesays.com\/fr\/wp-json\/wp\/v2\/media?parent=564091"}],"wp:term":[{"taxonomy":"category","embeddable":true,"href":"https:\/\/www.europesays.com\/fr\/wp-json\/wp\/v2\/categories?post=564091"},{"taxonomy":"post_tag","embeddable":true,"href":"https:\/\/www.europesays.com\/fr\/wp-json\/wp\/v2\/tags?post=564091"}],"curies":[{"name":"wp","href":"https:\/\/api.w.org\/{rel}","templated":true}]}}