{"id":564093,"date":"2025-11-28T08:38:14","date_gmt":"2025-11-28T08:38:14","guid":{"rendered":"https:\/\/www.europesays.com\/fr\/564093\/"},"modified":"2025-11-28T08:38:14","modified_gmt":"2025-11-28T08:38:14","slug":"il-ny-aura-pas-demplois-supprimes-car-cest-un-projet-de-developpement-assure-la-direction","status":"publish","type":"post","link":"https:\/\/www.europesays.com\/fr\/564093\/","title":{"rendered":"\u00ab\u00a0Il n&rsquo;y aura pas d&#8217;emplois supprim\u00e9s\u00a0\u00bb car \u00ab\u00a0c&rsquo;est un projet de d\u00e9veloppement\u00a0\u00bb, assure la direction"},"content":{"rendered":"\n<p class=\"c-chapo \">\n  \u00ab\u00a0Nous restons propri\u00e9taires de ces magasins que nous allons exploiter sous pavillon Intermarch\u00e9 et les collaborateurs restent des collaborateurs du groupe Auchan\u00a0\u00bb, assure sur franceinfo Guillaume Darrasse, directeur g\u00e9n\u00e9ral d&rsquo;Auchan Retail.\n<\/p>\n<p>      lire plus tard<\/p>\n<p id=\"dialog__title\" class=\"dialog__title\">Pour sauvegarder cet article, connectez-vous ou cr\u00e9ez un compte franceinfo<\/p>\n<p class=\"dialog__description\">Sans paiement. Sans abonnement.<\/p>\n<p>        Fermer la fen\u00eatre d\u2019activation des notifications France Info<\/p>\n<p>      cr\u00e9er votre compte<\/p>\n<p>      se connecter<\/p>\n<p>        Fermer la fen\u00eatre de pr\u00e9sentation<\/p>\n<p>    <img loading=\"lazy\" decoding=\"async\" class=\"signature__image lazyload\" width=\"100\" height=\"100\" data- alt=\"\" src=\"https:\/\/www.europesays.com\/fr\/wp-content\/uploads\/2025\/05\/64a7df4c5fe71_placeholder-36b69ec8.png\"\/><\/p>\n<p>    Publi\u00e9 le 28\/11\/2025 08:19<\/p>\n<p>      Mis \u00e0 jour le 28\/11\/2025 08:55<\/p>\n<p>        Temps de lecture : 3min<\/p>\n<p>    <img decoding=\"async\"  alt=\"Guillaume Darrasse, directeur g\u00e9n\u00e9ral d'Auchan Retail, le 28 novembre 2025 sur franceinfo. (FRANCEINFO \/ RADIO FRANCE)\" width=\"432\" height=\"243\" src=\"https:\/\/www.europesays.com\/fr\/wp-content\/uploads\/2025\/11\/nouveau-projet-69294cb0aaf67890686869.jpg\" fetchpriority=\"high\"\/><\/p>\n<p>      Guillaume Darrasse, directeur g\u00e9n\u00e9ral d&rsquo;Auchan Retail, le 28 novembre 2025 sur franceinfo. (FRANCEINFO \/ RADIO FRANCE)<\/p>\n<p>\u00ab\u00a0Il n&rsquo;y aura pas d&#8217;emplois supprim\u00e9s, ce n&rsquo;est pas un projet de diminution des co\u00fbts, c&rsquo;est un projet de d\u00e9veloppement et de croissance\u00a0\u00bb, assure vendredi 28 novembre sur franceinfo Guillaume Darrasse, directeur g\u00e9n\u00e9ral d&rsquo;Auchan Retail, alors que <a href=\"https:\/\/www.franceinfo.fr\/economie\/commerce\/auchan-veut-passer-presque-tous-ses-supermarches-sous-enseigne-intermarche-ou-netto_7638815.html\" target=\"_blank\" rel=\"noopener\">la multinationale compte basculer \u00e0 partir de fin 2026 ses supermarch\u00e9s en franchise<\/a>, sous banni\u00e8re Intermarch\u00e9 et Netto.<\/p>\n<p>\u00ab\u00a0Nous sommes au d\u00e9but du projet qui va \u00eatre soumis, bien \u00e9videmment, aux autorit\u00e9s de la concurrence, on va se donner le temps et le rythme pour travailler tout cela dans les semaines et les mois qui viennent\u00a0\u00bb, a poursuivi Guillaume Darrasse quand il a \u00e9t\u00e9 interrog\u00e9 sur la fermeture possible de certains magasins.<\/p>\n<blockquote class=\"twitter-tweet\">\n<p lang=\"fr\" dir=\"ltr\">\ud83d\udd34294 supermarch\u00e9s Auchan sous pavillon Intermarch\u00e9 \u27a1\ufe0f\u00a0\u00bbIl n&rsquo;y aura pas d&#8217;emploi supprim\u00e9. Ce n&rsquo;est pas un projet de diminution des co\u00fbts. C&rsquo;est un projet de d\u00e9veloppement et de croissance. [&#8230;] Nous entrons dans une s\u00e9quence de dialogue social d\u00e9sormais\u00a0\u00bb, dit Guillaume Darrasse <a href=\"https:\/\/t.co\/Iuphz3josA\">pic.twitter.com\/Iuphz3josA<\/a><\/p>\n<p>\u2014 franceinfo (@franceinfo) <a href=\"https:\/\/twitter.com\/franceinfo\/status\/1994303337995423798?ref_src=twsrc%5Etfw\" target=\"_blank\" rel=\"noopener\">November 28, 2025<\/a><\/p><\/blockquote>\n<p>Mercredi <a href=\"https:\/\/www.francebleu.fr\/emissions\/l-info-d-ici-ici-nord\/supermarches-auchan-sous-banniere-intermarche-ou-netto-7689643\" target=\"_blank\" rel=\"noopener\">sur Ici Nord <\/a>(ex-France Bleu), Ren\u00e9 Carette, d\u00e9l\u00e9gu\u00e9 CFDT chez Auchan Retail, demandait \u00e0 ce que la direction s&rsquo;engage \u00ab\u00a0par \u00e9crit sur le maintien de ces salari\u00e9s\u00a0\u00bb. \u00ab\u00a0On parle de 11\u00a0200\u00a0salari\u00e9s, de leur devenir. On ne peut plus accepter aujourd&rsquo;hui que notre direction nous dise qu&rsquo;ils n&rsquo;ont pas encore travaill\u00e9 sur certains sujets qui ne peuvent pas nous r\u00e9pondre, c&rsquo;est inentendable\u00a0\u00bb. Le d\u00e9l\u00e9gu\u00e9 CFDT r\u00e9clamait aussi\u00a0\u00ab\u00a0des garanties sur les acquis sociaux\u00a0\u00bb des personnes qui travaillent dans les supermarch\u00e9s de la multinationale fran\u00e7aise, propri\u00e9t\u00e9 de la famille Mulliez. \u00ab\u00a0Tous les supermarch\u00e9s vont basculer dans une entit\u00e9 s\u00e9par\u00e9e, ind\u00e9pendante, autonome, et donc les salari\u00e9s vont perdre sous 15\u00a0mois tous leurs acquis sociaux pour revenir \u00e0 la convention collective, a expos\u00e9 Ren\u00e9 Carette au micro d&rsquo;ICI Nord. Et apr\u00e8s, ce sera \u00e0 eux, site par site, d&rsquo;essayer de n\u00e9gocier avec leur nouvelle direction Intermarch\u00e9 des augmentations de salaire ou des tickets-resto, de la mutuelle\u2026 pour essayer de gagner un peu plus que la convention collective\u00a0\u00bb.<\/p>\n<p>Auchan Retail, la branche distribution du groupe, compte cr\u00e9er une \u00ab\u00a0entit\u00e9 juridique d\u00e9di\u00e9e\u00a0\u00bb pour exploiter les magasins changeant d&rsquo;enseigne, via un contrat de franchise conclu avec Intermarch\u00e9\/Mousquetaires. Si les diff\u00e9rentes autorit\u00e9s de la concurrence valident le projet, \u00e0 partir de fin 2026, tous les supermarch\u00e9s Auchan en France (sauf ceux de Corse) passeront sous banni\u00e8re Intermarch\u00e9 ou Netto.\u00a0\u00ab\u00a0Nous restons propri\u00e9taires de ces magasins que nous allons exploiter sous pavillon Intermarch\u00e9 et les collaborateurs restent des collaborateurs du groupe Auchan\u00a0\u00bb, a assur\u00e9 Guillaume Darrasse.\u00a0<\/p>\n<blockquote class=\"twitter-tweet\">\n<p lang=\"fr\" dir=\"ltr\">\ud83d\udd34 Passage de 294 supermarch\u00e9s Auchan sous pavillon Intermarch\u00e9 \u27a1\ufe0f\u00a0\u00bbNous restons propri\u00e9taires de ces magasins, que nous allons exploiter sous pavillon Intermarch\u00e9. Les collaborateurs restent des collaborateurs du groupe Auchan\u00a0\u00bb, dit Guillaume Darrasse, directeur g\u00e9n\u00e9ral d&rsquo;Auchan <a href=\"https:\/\/t.co\/HsoAQm8KVk\">pic.twitter.com\/HsoAQm8KVk<\/a><\/p>\n<p>\u2014 franceinfo (@franceinfo) <a href=\"https:\/\/twitter.com\/franceinfo\/status\/1994299370947174661?ref_src=twsrc%5Etfw\" target=\"_blank\" rel=\"noopener\">November 28, 2025<\/a><\/p><\/blockquote>\n<p>\u00ab\u00a0Dans ce mouvement avec Intermarch\u00e9, nos supermarch\u00e9s pourront baisser les prix de 6 \u00e0 7%\u00a0\u00bb, promet Guillaume Darrasse sur franceinfo, \u00ab\u00a0un alignement\u00a0\u00bb des prix avec Intermarch\u00e9 qui \u00ab\u00a0se fera progressivement et dans le temps\u00a0\u00bb. Il explique qu&rsquo;Auchan \u00ab\u00a0a \u00e9t\u00e9 maltrait\u00e9 par ses fournisseurs\u00a0\u00bb. \u00ab\u00a0Nous avons d\u00e9croch\u00e9, peut-\u00eatre que le groupe a fait quelques erreurs sur le pass\u00e9\u00a0\u00bb, observe le DG d&rsquo;Auchan Retail. La cons\u00e9quence \u00e9tant que, face \u00e0 un \u00ab\u00a0consommateur qui attend des prix\u00a0\u00bb, cette alliance avec Intermarch\u00e9 va permettre \u00e0 Auchan \u00ab\u00a0de retrouver la capacit\u00e9 \u00e0 faire des prix\u00a0\u00bb.<\/p>\n<p>Nomm\u00e9 en ao\u00fbt 2024 directeur g\u00e9n\u00e9ral d&rsquo;Auchan Retail France, Guillaume Darrasse avoue que \u00ab\u00a0\u00e7a peut para\u00eetre curieux\u00a0\u00bb qu&rsquo;un groupe aussi puissant qu&rsquo;Auchan ait \u00e9t\u00e9 \u00ab\u00a0maltrait\u00e9 par ses fournisseurs\u00a0\u00bb alors que c&rsquo;est son c\u0153ur de m\u00e9tier. \u00ab\u00a0C&rsquo;est un \u00e9tat de fait\u00a0\u00bb, constate-t-il, \u00ab\u00a0ces \u00e9carts de prix faits par les fournisseurs sont tout \u00e0 fait surprenants et il faudra, qu&rsquo;\u00e0 un moment, on ait une explication\u00a0\u00bb avec eux, ajoute-t-il. \u00ab\u00a0Il y a une comp\u00e9tition des prix, on est pr\u00eat \u00e0 la mener\u00a0\u00bb, compl\u00e8te Guillaume Darrasse.<\/p>\n<p><script async src=\"https:\/\/platform.twitter.com\/widgets.js\" charset=\"utf-8\"><\/script><\/p>\n","protected":false},"excerpt":{"rendered":"\u00ab\u00a0Nous restons propri\u00e9taires de ces magasins que nous allons exploiter sous pavillon Intermarch\u00e9 et les collaborateurs restent des&hellip;\n","protected":false},"author":2,"featured_media":564094,"comment_status":"","ping_status":"","sticky":false,"template":"","format":"standard","meta":{"footnotes":""},"categories":[6],"tags":[35,33,34,1011,27],"class_list":{"0":"post-564093","1":"post","2":"type-post","3":"status-publish","4":"format-standard","5":"has-post-thumbnail","7":"category-economie","8":"tag-business","9":"tag-economie","10":"tag-economy","11":"tag-fr","12":"tag-france"},"share_on_mastodon":{"url":"https:\/\/pubeurope.com\/@fr\/115626423669344176","error":""},"_links":{"self":[{"href":"https:\/\/www.europesays.com\/fr\/wp-json\/wp\/v2\/posts\/564093","targetHints":{"allow":["GET"]}}],"collection":[{"href":"https:\/\/www.europesays.com\/fr\/wp-json\/wp\/v2\/posts"}],"about":[{"href":"https:\/\/www.europesays.com\/fr\/wp-json\/wp\/v2\/types\/post"}],"author":[{"embeddable":true,"href":"https:\/\/www.europesays.com\/fr\/wp-json\/wp\/v2\/users\/2"}],"replies":[{"embeddable":true,"href":"https:\/\/www.europesays.com\/fr\/wp-json\/wp\/v2\/comments?post=564093"}],"version-history":[{"count":0,"href":"https:\/\/www.europesays.com\/fr\/wp-json\/wp\/v2\/posts\/564093\/revisions"}],"wp:featuredmedia":[{"embeddable":true,"href":"https:\/\/www.europesays.com\/fr\/wp-json\/wp\/v2\/media\/564094"}],"wp:attachment":[{"href":"https:\/\/www.europesays.com\/fr\/wp-json\/wp\/v2\/media?parent=564093"}],"wp:term":[{"taxonomy":"category","embeddable":true,"href":"https:\/\/www.europesays.com\/fr\/wp-json\/wp\/v2\/categories?post=564093"},{"taxonomy":"post_tag","embeddable":true,"href":"https:\/\/www.europesays.com\/fr\/wp-json\/wp\/v2\/tags?post=564093"}],"curies":[{"name":"wp","href":"https:\/\/api.w.org\/{rel}","templated":true}]}}