{"id":56410,"date":"2025-04-27T08:38:09","date_gmt":"2025-04-27T08:38:09","guid":{"rendered":"https:\/\/www.europesays.com\/fr\/56410\/"},"modified":"2025-04-27T08:38:09","modified_gmt":"2025-04-27T08:38:09","slug":"a-toulon-un-parfum-de-tahiti-flotte-dans-les-restaurants","status":"publish","type":"post","link":"https:\/\/www.europesays.com\/fr\/56410\/","title":{"rendered":"A Toulon, un parfum de Tahiti flotte dans les restaurants"},"content":{"rendered":"<p>Quel est le point commun entre le port de Toulon, les halles municipales et le cours Lafayette? En plus d\u2019\u00eatre des lieux embl\u00e9matiques du centre-ville, ils accueillent tous, directement ou \u00e0 quelques m\u00e8tres seulement, au moins un commerce polyn\u00e9sien. Signe, sans doute, que les produits des archipels ont conquis Toulon et &#8211; au moins &#8211; une partie de ses habitants.<\/p>\n<p>En une dizaine d\u2019ann\u00e9es \u00e0 peine, quatre boutiques ont en effet ouvert leurs portes dans un rayon de 600m\u00e8tres. Cela a commenc\u00e9 en 2012 avec le restaurant de Jonathan, n\u00e9 \u00e0 Toulon d\u2019un p\u00e8re marin et d\u2019une m\u00e8re tahitienne. Aujourd\u2019hui install\u00e9 au 41 rue du M\u00fbrier, <a href=\"https:\/\/www.varmatin.com\/conso-shopping\/ou-deguster-des-specialites-culinaires-de-la-polynesie-a-toulon-et-frejus-423533\" rel=\"nofollow noopener\" target=\"_blank\">Ma\u2019a Tahiti<\/a> (pour \u00ab\u00a0cuisine tahitienne\u00a0\u00bb) propose une carte faisant la part belle aux sp\u00e9cialit\u00e9s du Pacifique.<\/p>\n<p>\u00ab\u00a0Des gens arrivent de Paris\u00a0\u00bb<\/p>\n<p>Du ma\u2019a tinito au sashimi de thon en passant par le chao men, le poisson cru \u00e0 la chinoise ou encore le poe banane, l\u2019\u00e9tablissement entend faire voyager avec la cuisine polyn\u00e9sienne\u2026 Et pas que. \u00ab\u00a0L\u2019id\u00e9e, c\u2019est de t\u2019immerger dans ma culture, pr\u00e9sente le g\u00e9rant. La musique, les odeurs, la d\u00e9coration\u2026 Tu ne viens pas seulement manger une salade tahitienne!\u00a0\u00bb<\/p>\n<p>Dans ce lieu ax\u00e9 sur le d\u00e9paysement, qui accueille occasionnellement des groupes de danse et de musique traditionnelles, on s\u2019adresse aussi bien aux Polyn\u00e9siens qu\u2019aux simples curieux ou amoureux de Tahiti. \u00ab\u00a0Certains veulent juste une chose: retourner l\u00e0-bas\u00a0\u00bb, remarque Jonathan. \u00c0 chaque trimestre, il leur en offre d\u2019ailleurs la possibilit\u00e9, avec un concours mettant en jeu un voyage vers les \u00eeles. \u00ab\u00a0Il y a douze ans, reprend le commer\u00e7ant, c\u2019\u00e9tait un pari de revenir dans le centre-ville. Mais je pense que ce concept qui n\u2019\u00e9tait pas du tout connu est devenu fort au fil du temps.\u00a0\u00bb Si bien qu\u2019il compte d\u00e9sormais l\u2019exporter dans d\u2019autres villes fran\u00e7aises\u2026<\/p>\n<p>Dans le local voisin, en revanche, la question de se d\u00e9velopper ailleurs ne semble m\u00eame pas s\u2019\u00eatre pos\u00e9e. \u00ab\u00a0En France, Toulon est l\u2019un des endroits o\u00f9 il y a le plus de Tahitiens. Je n\u2019aurais pas d\u2019int\u00e9r\u00eat \u00e0 faire ma boutique \u00e0 Montpellier!\u00a0\u00bb, l\u00e2che Temehani. Arriv\u00e9e sur la c\u00f4te varoise pour suivre son mari militaire, elle a ouvert <a href=\"https:\/\/www.varmatin.com\/commerce\/la-polynesie-prend-ses-quartiers-a-toulon-844919\" rel=\"nofollow noopener\" target=\"_blank\">Temehani<\/a> cr\u00e9ations en 2023. L\u00e0, dans ce commerce o\u00f9 le tutoiement est de mise, elle vend toutes sortes de produits faisant \u00e9cho \u00e0 l\u2019\u00eele d\u2019amour. Et entre v\u00eatements, accessoires, fleurs, cosm\u00e9tiques, rames et ukul\u00e9l\u00e9s, les inconditionnels du territoire ultramarin ont tout pour trouver leur bonheur.<\/p>\n<p>\u00ab\u00a0Je fabrique m\u00eame des bijoux avec des perles de Taha\u2019a\u00a0\u00bb, ajoute la vendeuse, qui assure recevoir r\u00e9guli\u00e8rement des Polyn\u00e9siens venus des quatre coins de France. \u00ab\u00a0Parfois, des gens arrivent de Paris juste pour manger au restaurant tahitien et passer \u00e0 la boutique, affirme-t-elle. En fait, la plupart des clients sont des militaires, qui viennent faire un tour lorsqu\u2019ils descendent dans le Var. Ils aiment bien retrouver l\u2019\u00e9tat d\u2019esprit du Pacifique\u2026\u00a0\u00bb<\/p>\n<p>Cuisine \u00ab\u00a0riche\u00a0\u00bb et \u00ab\u00a0saine\u00a0\u00bb<\/p>\n<p>Les traditions et odeurs du fenua (la \u00ab\u00a0terre\u00a0\u00bb, en tahitien), c\u2019est aussi ce qui am\u00e8ne les gourmands \u00e0 rallier le restaurant Fenua Food by te Aki, sur le port. La Tahitienne Mahi &#8211; \u00ab\u00a0tomb\u00e9e amoureuse des fromages et saucisses\u00a0\u00bb de la M\u00e9tropole &#8211; et son mari marquisien ont repris l\u2019affaire l\u2019an dernier. \u00ab\u00a0On a chang\u00e9 la carte et les recettes. On va aussi modifier la d\u00e9coration petit \u00e0 petit\u00a0\u00bb, souffle la restauratrice.<\/p>\n<p>Les classiques de la cuisine d\u2019outre-mer sont pr\u00e9par\u00e9s du mardi au dimanche. Mentions sp\u00e9ciales pour le pua\u2019a sauce hu\u00eetre (qui a fait son apparition au menu), les produits frais de te miti (\u00ab\u00a0la mer\u00a0\u00bb, en tahitien) et le traditionnel g\u00e2teau mimosa. \u00ab\u00a0Ici, c\u2019est le retour aux sources, pr\u00f4ne Cynthia, s\u0153ur de Mahi. Les gens se sentent comme \u00e0 la maison.\u00a0\u00bb La client\u00e8le, compos\u00e9e en majorit\u00e9 de marins et Tahitiens, vient y chercher une atmosph\u00e8re famili\u00e8re. Organis\u00e9es tous les mois, les soir\u00e9es musicales sont, par exemple, particuli\u00e8rement appr\u00e9ci\u00e9es. \u00ab\u00a0Les 28 et 29 mai prochains, on va faire venir des stars de Tahiti, annonce la g\u00e9rante. \u00c7a va rassembler 200 \u00e0 300 personnes!\u00a0\u00bb Mieux vaut donc bloquer sa place d\u00e8s \u00e0 pr\u00e9sent\u2026<\/p>\n<p>Chez Tiki Food, par contre, pas besoin de r\u00e9server&#8230; Mentalit\u00e9 street food et roulotte oblige! Amar, restaurateur vivant entre le Var et la Polyn\u00e9sie, a ouvert il y a quelques mois ce stand aux halles de Toulon. On y retrouve la plupart des mets polyn\u00e9siens, tels que \u00ab\u00a0le poulet fafa, le poisson cru au lait de coco, ou m\u00eame des sandwichs avec du chao men dedans\u00a0\u00bb.<\/p>\n<p>\u00ab\u00a0La cuisine polyn\u00e9sienne n\u2019est pas tr\u00e8s connue, mais elle est saine et a une vraie richesse, explique Amar. Avec le flux monstrueux des halles, on a cette chance de pouvoir faire d\u00e9couvrir cela \u00e0 une client\u00e8le diversifi\u00e9e. Et, au final, la curiosit\u00e9 fait revenir les gens. On repr\u00e9sente ici la Polyn\u00e9sie, son c\u00f4t\u00e9 convivial, bonne franquette, et c\u2019est tr\u00e8s plaisant!\u00a0\u00bb<\/p>\n<p>Dans le prochain \u00e9pisode: Toulon, un deuxi\u00e8me fenua?<\/p>\n","protected":false},"excerpt":{"rendered":"Quel est le point commun entre le port de Toulon, les halles municipales et le cours Lafayette? En&hellip;\n","protected":false},"author":2,"featured_media":56411,"comment_status":"","ping_status":"","sticky":false,"template":"","format":"standard","meta":{"footnotes":""},"categories":[9619],"tags":[1111,11,215,33,1777,674,1011,27,1661,12,882,25,2310,3366],"class_list":{"0":"post-56410","1":"post","2":"type-post","3":"status-publish","4":"format-standard","5":"has-post-thumbnail","7":"category-toulon","8":"tag-actu","9":"tag-actualites","10":"tag-commerce","11":"tag-economie","12":"tag-eu","13":"tag-europe","14":"tag-fr","15":"tag-france","16":"tag-gastronomie","17":"tag-news","18":"tag-provence-alpes-cote-dazur","19":"tag-republique-francaise","20":"tag-toulon","21":"tag-vie-locale"},"share_on_mastodon":{"url":"https:\/\/pubeurope.com\/@fr\/114409026643448959","error":""},"_links":{"self":[{"href":"https:\/\/www.europesays.com\/fr\/wp-json\/wp\/v2\/posts\/56410","targetHints":{"allow":["GET"]}}],"collection":[{"href":"https:\/\/www.europesays.com\/fr\/wp-json\/wp\/v2\/posts"}],"about":[{"href":"https:\/\/www.europesays.com\/fr\/wp-json\/wp\/v2\/types\/post"}],"author":[{"embeddable":true,"href":"https:\/\/www.europesays.com\/fr\/wp-json\/wp\/v2\/users\/2"}],"replies":[{"embeddable":true,"href":"https:\/\/www.europesays.com\/fr\/wp-json\/wp\/v2\/comments?post=56410"}],"version-history":[{"count":0,"href":"https:\/\/www.europesays.com\/fr\/wp-json\/wp\/v2\/posts\/56410\/revisions"}],"wp:featuredmedia":[{"embeddable":true,"href":"https:\/\/www.europesays.com\/fr\/wp-json\/wp\/v2\/media\/56411"}],"wp:attachment":[{"href":"https:\/\/www.europesays.com\/fr\/wp-json\/wp\/v2\/media?parent=56410"}],"wp:term":[{"taxonomy":"category","embeddable":true,"href":"https:\/\/www.europesays.com\/fr\/wp-json\/wp\/v2\/categories?post=56410"},{"taxonomy":"post_tag","embeddable":true,"href":"https:\/\/www.europesays.com\/fr\/wp-json\/wp\/v2\/tags?post=56410"}],"curies":[{"name":"wp","href":"https:\/\/api.w.org\/{rel}","templated":true}]}}