{"id":564101,"date":"2025-11-28T08:42:12","date_gmt":"2025-11-28T08:42:12","guid":{"rendered":"https:\/\/www.europesays.com\/fr\/564101\/"},"modified":"2025-11-28T08:42:12","modified_gmt":"2025-11-28T08:42:12","slug":"le-sdis-de-la-loire-organise-une-grande-vente-aux-encheres","status":"publish","type":"post","link":"https:\/\/www.europesays.com\/fr\/564101\/","title":{"rendered":"Le SDIS de la Loire organise une grande vente aux ench\u00e8res"},"content":{"rendered":"\n<p>SI vous avez toujours r\u00eav\u00e9 de vous procurer un ancien camion de pompier, c&rsquo;est votre moment ! Le SDIS de la Loire organise une vente aux ench\u00e8res en ligne qui se d\u00e9roule exclusivement<a href=\"https:\/\/encheres-domaine.gouv.fr\/vente\/122?page=1\" rel=\"noopener\" target=\"_blank\"> sur le site des domaines<\/a> d\u00e8s 10h00 ce vendredi 28 novembre jusqu\u2019\u00e0 mardi 2 d\u00e9cembre, 10h \u00e9galement.\u00a0<\/p>\n<p>Parmi les biens propos\u00e9s, vous pourrez retrouver des camions incendies, des ambulances, des remorques ou encore du mat\u00e9riel comme des g\u00e9n\u00e9rateurs, de l\u2019outillage et des \u00e9quipements informatique et bureautique. Bien s\u00fbr, tout est d\u00e9sarm\u00e9s, banalis\u00e9s et vendus en l\u2019\u00e9tat. Par ailleurs, une visite sur site est organis\u00e9e aujourd\u2019hui de 14h30 \u00e0 16h00, au SDIS de la Loire \u00e0 Saint-Etienne pour permettre aux int\u00e9ress\u00e9s de voit certaines des pi\u00e8ces mises \u00e0 la vente.<\/p>\n","protected":false},"excerpt":{"rendered":"SI vous avez toujours r\u00eav\u00e9 de vous procurer un ancien camion de pompier, c&rsquo;est votre moment ! Le&hellip;\n","protected":false},"author":2,"featured_media":564102,"comment_status":"","ping_status":"","sticky":false,"template":"","format":"standard","meta":{"footnotes":""},"categories":[9653],"tags":[1111,11,2430,13677,1777,674,1011,27,1757,3367,12,1311,25,4001,21197,67998,4100],"class_list":{"0":"post-564101","1":"post","2":"type-post","3":"status-publish","4":"format-standard","5":"has-post-thumbnail","7":"category-saint-etienne","8":"tag-actu","9":"tag-actualites","10":"tag-auvergne-rhone-alpes","11":"tag-encheres","12":"tag-eu","13":"tag-europe","14":"tag-fr","15":"tag-france","16":"tag-insolite","17":"tag-loire","18":"tag-news","19":"tag-pompiers","20":"tag-republique-francaise","21":"tag-saint-etienne","22":"tag-sdis","23":"tag-sdis42","24":"tag-vente"},"share_on_mastodon":{"url":"","error":""},"_links":{"self":[{"href":"https:\/\/www.europesays.com\/fr\/wp-json\/wp\/v2\/posts\/564101","targetHints":{"allow":["GET"]}}],"collection":[{"href":"https:\/\/www.europesays.com\/fr\/wp-json\/wp\/v2\/posts"}],"about":[{"href":"https:\/\/www.europesays.com\/fr\/wp-json\/wp\/v2\/types\/post"}],"author":[{"embeddable":true,"href":"https:\/\/www.europesays.com\/fr\/wp-json\/wp\/v2\/users\/2"}],"replies":[{"embeddable":true,"href":"https:\/\/www.europesays.com\/fr\/wp-json\/wp\/v2\/comments?post=564101"}],"version-history":[{"count":0,"href":"https:\/\/www.europesays.com\/fr\/wp-json\/wp\/v2\/posts\/564101\/revisions"}],"wp:featuredmedia":[{"embeddable":true,"href":"https:\/\/www.europesays.com\/fr\/wp-json\/wp\/v2\/media\/564102"}],"wp:attachment":[{"href":"https:\/\/www.europesays.com\/fr\/wp-json\/wp\/v2\/media?parent=564101"}],"wp:term":[{"taxonomy":"category","embeddable":true,"href":"https:\/\/www.europesays.com\/fr\/wp-json\/wp\/v2\/categories?post=564101"},{"taxonomy":"post_tag","embeddable":true,"href":"https:\/\/www.europesays.com\/fr\/wp-json\/wp\/v2\/tags?post=564101"}],"curies":[{"name":"wp","href":"https:\/\/api.w.org\/{rel}","templated":true}]}}