{"id":564103,"date":"2025-11-28T08:43:14","date_gmt":"2025-11-28T08:43:14","guid":{"rendered":"https:\/\/www.europesays.com\/fr\/564103\/"},"modified":"2025-11-28T08:43:14","modified_gmt":"2025-11-28T08:43:14","slug":"en-cas-de-condamnation-comment-le-nouveau-maire-serait-il-elu","status":"publish","type":"post","link":"https:\/\/www.europesays.com\/fr\/564103\/","title":{"rendered":"en cas de condamnation, comment le nouveau maire serait-il \u00e9lu\u00a0?"},"content":{"rendered":"<p>Le 29\u00a0septembre dernier, au tribunal correctionnel de Lyon, la procureure Audrey Quey a requis cinq ans de prison, dont deux avec sursis, et 50\u00a0000\u00a0euros d\u2019amende, \u00e0 l\u2019encontre de <a href=\"https:\/\/www.leprogres.fr\/p\/gael-perdriau\" target=\"_blank\" rel=\"noopener\">Ga\u00ebl Perdriau<\/a> dans l\u2019affaire du chantage \u00e0 la mairie de Saint-\u00c9tienne. \u00ab\u00a0Ga\u00ebl Perdriau ne peut pas rester maire\u00a0\u00bb, a-t-elle estim\u00e9, en demandant cinq ans d\u2019in\u00e9ligibilit\u00e9 avec ex\u00e9cution provisoire.<\/p>\n<p>Trois jours avant, \u00e0 la barre, Ga\u00ebl Perdriau, tout en r\u00e9p\u00e9tant qu\u2019il \u00e9tait innocent tout au long du proc\u00e8s, avait annonc\u00e9 qu\u2019il d\u00e9missionnerait en cas de condamnation.<\/p>\n<p><strong>&gt;&gt;\u00a0<a href=\"https:\/\/www.leprogres.fr\/faits-divers-justice\/2025\/09\/24\/gael-perdriau-des-le-debut-il-fallait-que-je-sois-coupable\" target=\"_blank\" rel=\"noopener\">Proc\u00e8s Perdriau : \u00ab D\u00e8s le d\u00e9but, il fallait que je sois coupable \u00bb, d\u00e9nonce le maire<\/a><\/strong><\/p>\n<p>Pour avoir le fin mot de l\u2019affaire, il faudra patienter jusqu\u2019au 1er\u00a0d\u00e9cembre, date du&#8230;<\/p>\n","protected":false},"excerpt":{"rendered":"Le 29\u00a0septembre dernier, au tribunal correctionnel de Lyon, la procureure Audrey Quey a requis cinq ans de prison,&hellip;\n","protected":false},"author":2,"featured_media":564104,"comment_status":"","ping_status":"","sticky":false,"template":"","format":"standard","meta":{"footnotes":""},"categories":[9653],"tags":[1111,11,42797,2430,1984,271,272,7539,36284,4188,1777,674,274,107,1011,27,3367,12,316,25,4001,7538],"class_list":{"0":"post-564103","1":"post","2":"type-post","3":"status-publish","4":"format-standard","5":"has-post-thumbnail","7":"category-saint-etienne","8":"tag-actu","9":"tag-actualites","10":"tag-affaire-perdriau","11":"tag-auvergne-rhone-alpes","12":"tag-conseil-municipal","13":"tag-crime","14":"tag-delit-et-contravention","15":"tag-edition-loire-sud","16":"tag-elections-metropolitaines","17":"tag-elections-municipales","18":"tag-eu","19":"tag-europe","20":"tag-faits-divers-justice","21":"tag-fil-info","22":"tag-fr","23":"tag-france","24":"tag-loire","25":"tag-news","26":"tag-politique","27":"tag-republique-francaise","28":"tag-saint-etienne","29":"tag-saint-etienne-ville"},"share_on_mastodon":{"url":"https:\/\/pubeurope.com\/@fr\/115626443155546769","error":""},"_links":{"self":[{"href":"https:\/\/www.europesays.com\/fr\/wp-json\/wp\/v2\/posts\/564103","targetHints":{"allow":["GET"]}}],"collection":[{"href":"https:\/\/www.europesays.com\/fr\/wp-json\/wp\/v2\/posts"}],"about":[{"href":"https:\/\/www.europesays.com\/fr\/wp-json\/wp\/v2\/types\/post"}],"author":[{"embeddable":true,"href":"https:\/\/www.europesays.com\/fr\/wp-json\/wp\/v2\/users\/2"}],"replies":[{"embeddable":true,"href":"https:\/\/www.europesays.com\/fr\/wp-json\/wp\/v2\/comments?post=564103"}],"version-history":[{"count":0,"href":"https:\/\/www.europesays.com\/fr\/wp-json\/wp\/v2\/posts\/564103\/revisions"}],"wp:featuredmedia":[{"embeddable":true,"href":"https:\/\/www.europesays.com\/fr\/wp-json\/wp\/v2\/media\/564104"}],"wp:attachment":[{"href":"https:\/\/www.europesays.com\/fr\/wp-json\/wp\/v2\/media?parent=564103"}],"wp:term":[{"taxonomy":"category","embeddable":true,"href":"https:\/\/www.europesays.com\/fr\/wp-json\/wp\/v2\/categories?post=564103"},{"taxonomy":"post_tag","embeddable":true,"href":"https:\/\/www.europesays.com\/fr\/wp-json\/wp\/v2\/tags?post=564103"}],"curies":[{"name":"wp","href":"https:\/\/api.w.org\/{rel}","templated":true}]}}