{"id":564106,"date":"2025-11-28T08:46:17","date_gmt":"2025-11-28T08:46:17","guid":{"rendered":"https:\/\/www.europesays.com\/fr\/564106\/"},"modified":"2025-11-28T08:46:17","modified_gmt":"2025-11-28T08:46:17","slug":"ou-et-quand-voir-le-match-de-coupe-de-france","status":"publish","type":"post","link":"https:\/\/www.europesays.com\/fr\/564106\/","title":{"rendered":"o\u00f9 et quand voir le match de Coupe de France ?"},"content":{"rendered":"<p data-path-to-node=\"2\">Pour tous les passionn\u00e9s de football et les supporters qui ne pourront pas \u00eatre dans les tribunes, une excellente nouvelle est \u00e0 noter : la rencontre du huiti\u00e8me tour de la Coupe de France entre le Sarreguemines FC (R\u00e9gional 1) et l&rsquo;AS Nancy Lorraine (Ligue 2) sera diffus\u00e9e en direct et gratuitement ce vendredi 28 novembre.<\/p>\n<p><strong>Diffusion en direct et gratuite<\/strong><\/p>\n<p data-path-to-node=\"4\">Le match sera en effet retransmis par la plateforme de la cha\u00eene r\u00e9gionale France 3 Grand Est. De plus, pour ceux qui pr\u00e9f\u00e8rent le direct sur leurs appareils connect\u00e9s, la rencontre sera \u00e9galement propos\u00e9e\u00a0sur la cha\u00eene YouTube de France 3 Grand Est. C&rsquo;est une opportunit\u00e9 unique de suivre ce choc des extr\u00eames, o\u00f9 l&rsquo;\u00e9quipe amateur de Sarreguemines tentera de r\u00e9aliser l&rsquo;exploit face \u00e0 un club professionnel de Ligue 2. Ne manquez pas ce rendez-vous de Coupe de France ce vendredi soir \u00e0 20h !<\/p>\n<p data-path-to-node=\"4\"><a href=\"https:\/\/www.foot-national.com\/coupe-de-france\/coupe-de-france-sarreguemines-cet-habitue-des-chocs-face-aux-ligue-2-931452\" target=\"_blank\" rel=\"noopener\">Coupe de France : Sarreguemines, cet habitu\u00e9 des chocs face aux Ligue 2<\/a><\/p>\n","protected":false},"excerpt":{"rendered":"Pour tous les passionn\u00e9s de football et les supporters qui ne pourront pas \u00eatre dans les tribunes, une&hellip;\n","protected":false},"author":2,"featured_media":564107,"comment_status":"","ping_status":"","sticky":false,"template":"","format":"standard","meta":{"footnotes":""},"categories":[9635],"tags":[1111,11,61432,1777,674,1011,27,775,1702,12,25],"class_list":{"0":"post-564106","1":"post","2":"type-post","3":"status-publish","4":"format-standard","5":"has-post-thumbnail","7":"category-nancy","8":"tag-actu","9":"tag-actualites","10":"tag-coupes-coupe-de-france","11":"tag-eu","12":"tag-europe","13":"tag-fr","14":"tag-france","15":"tag-grand-est","16":"tag-nancy","17":"tag-news","18":"tag-republique-francaise"},"share_on_mastodon":{"url":"https:\/\/pubeurope.com\/@fr\/115626454903702470","error":""},"_links":{"self":[{"href":"https:\/\/www.europesays.com\/fr\/wp-json\/wp\/v2\/posts\/564106","targetHints":{"allow":["GET"]}}],"collection":[{"href":"https:\/\/www.europesays.com\/fr\/wp-json\/wp\/v2\/posts"}],"about":[{"href":"https:\/\/www.europesays.com\/fr\/wp-json\/wp\/v2\/types\/post"}],"author":[{"embeddable":true,"href":"https:\/\/www.europesays.com\/fr\/wp-json\/wp\/v2\/users\/2"}],"replies":[{"embeddable":true,"href":"https:\/\/www.europesays.com\/fr\/wp-json\/wp\/v2\/comments?post=564106"}],"version-history":[{"count":0,"href":"https:\/\/www.europesays.com\/fr\/wp-json\/wp\/v2\/posts\/564106\/revisions"}],"wp:featuredmedia":[{"embeddable":true,"href":"https:\/\/www.europesays.com\/fr\/wp-json\/wp\/v2\/media\/564107"}],"wp:attachment":[{"href":"https:\/\/www.europesays.com\/fr\/wp-json\/wp\/v2\/media?parent=564106"}],"wp:term":[{"taxonomy":"category","embeddable":true,"href":"https:\/\/www.europesays.com\/fr\/wp-json\/wp\/v2\/categories?post=564106"},{"taxonomy":"post_tag","embeddable":true,"href":"https:\/\/www.europesays.com\/fr\/wp-json\/wp\/v2\/tags?post=564106"}],"curies":[{"name":"wp","href":"https:\/\/api.w.org\/{rel}","templated":true}]}}