{"id":564118,"date":"2025-11-28T08:53:59","date_gmt":"2025-11-28T08:53:59","guid":{"rendered":"https:\/\/www.europesays.com\/fr\/564118\/"},"modified":"2025-11-28T08:53:59","modified_gmt":"2025-11-28T08:53:59","slug":"grenoble-le-chantier-de-la-place-de-metz-encore-retarde-a-cause-de-terres-polluees","status":"publish","type":"post","link":"https:\/\/www.europesays.com\/fr\/564118\/","title":{"rendered":"Grenoble : le chantier de la place de Metz encore retard\u00e9 \u00e0 cause de terres pollu\u00e9es"},"content":{"rendered":"<p>26\/11\/2025 &#8211; 14:33<\/p>\n<p>\t\t\t\t\t\t\t\t&#13;<br \/>\n&#13;<br \/>\n&#13;<br \/>\n&#13;<br \/>\n&#13;<\/p>\n<p>D\u00e9couverte de terres trop pollu\u00e9es en m\u00e9taux et hydrocarbures : c\u2019est la raison de l&rsquo;allongement du chantier de la place de Metz \u00e0 Grenoble. Le r\u00e9am\u00e9nagement de cet ancien parking en espace v\u00e9g\u00e9talis\u00e9 et pi\u00e9ton, d\u00e9j\u00e0 marqu\u00e9 par de nombreux rebondissements, prend encore deux mois de retard. La fin des travaux est d\u00e9sormais annonc\u00e9e pour ao\u00fbt 2026.<\/p>\n<p><strong>Des d\u00e9blais trop charg\u00e9s en m\u00e9taux et hydrocarbures<\/strong><\/p>\n<p>C\u2019est la M\u00e9tropole de Grenoble, ma\u00eetre d\u2019ouvrage du chantier, qui l\u2019explique : une partie des d\u00e9blais de terre doit \u00eatre \u00e9vacu\u00e9e <strong>\u00ab dans une fili\u00e8re de traitement sp\u00e9cialis\u00e9e,<\/strong> du fait de leur teneur trop forte en certains m\u00e9taux et hydrocarbures \u00bb.\u00a0En clair, le sol de cet ancien parking s\u2019est r\u00e9v\u00e9l\u00e9 plus pollu\u00e9 que pr\u00e9vu. Impossible, dans ces conditions, d\u2019\u00e9vacuer les terres par des circuits classiques.<strong> Il a fallu interrompre le chantier, organiser des analyses et trouver une solution<\/strong> de traitement adapt\u00e9e, ce qui a m\u00e9caniquement rallong\u00e9 le calendrier. Les travaux ont pu reprendre ce lundi 24 novembre, mais avec une nouvelle \u00e9ch\u00e9ance : la livraison du projet est d\u00e9sormais programm\u00e9e pour <strong>ao\u00fbt 2026.<\/strong><\/p>\n<p><strong>Un ancien parking appel\u00e9 \u00e0 devenir un espace v\u00e9g\u00e9talis\u00e9<\/strong><\/p>\n<p>Lanc\u00e9 officiellement le lundi 29 septembre, le chantier devait durer neuf mois. Ce sera donc finalement onze, au minimum. Le projet pr\u00e9voit de transformer un parking enti\u00e8rement min\u00e9ral en <strong>espace plus frais, plus agr\u00e9able et mieux adapt\u00e9 aux enjeux climatiques<\/strong> et de qualit\u00e9 de vie en centre-ville. Ce nouveau retard s\u2019ajoute \u00e0 une longue s\u00e9rie de p\u00e9rip\u00e9ties. plusieurs modifications de projet, des<a href=\"https:\/\/www.telegrenoble.net\/informations-grenoble\/actualite\/grenoble-le-reamenagement-de-la-place-de-metz-confirme-par-la-justice_7036.html\" target=\"_blank\" rel=\"noopener\"> recours administratifs<\/a>, des manifestations de <a href=\"https:\/\/www.telegrenoble.net\/informations-grenoble\/actualite\/grenoble-les-commercants-tentent-de-bloquer-les-travaux-de-la-place-de-metz_7165.html\" target=\"_blank\" rel=\"noopener\">commer\u00e7ants oppos\u00e9s<\/a> \u00e0 la suppression du stationnement et inquiets pour leur activit\u00e9.<\/p>\n<p>Entre enjeux de mobilit\u00e9, de v\u00e9g\u00e9talisation et de dynamisation commerciale, le dossier est devenu embl\u00e9matique des tensions autour de la transformation de l\u2019espace public \u00e0 Grenoble. Alain Carignon, candidat aux municipales pour la droite, demande \u00e0 ce que ce dossier en particulier soit trait\u00e9 apr\u00e8s les \u00e9lections de mars 2026 en fonction du choix des \u00e9lecteurs.<\/p>\n<p>\u00a0<\/p>\n","protected":false},"excerpt":{"rendered":"26\/11\/2025 &#8211; 14:33 &#13; &#13; &#13; &#13; &#13; D\u00e9couverte de terres trop pollu\u00e9es en m\u00e9taux et hydrocarbures :&hellip;\n","protected":false},"author":2,"featured_media":564119,"comment_status":"","ping_status":"","sticky":false,"template":"","format":"standard","meta":{"footnotes":""},"categories":[9566],"tags":[1111,11,2430,1777,674,1011,27,2731,12,25],"class_list":{"0":"post-564118","1":"post","2":"type-post","3":"status-publish","4":"format-standard","5":"has-post-thumbnail","7":"category-grenoble","8":"tag-actu","9":"tag-actualites","10":"tag-auvergne-rhone-alpes","11":"tag-eu","12":"tag-europe","13":"tag-fr","14":"tag-france","15":"tag-grenoble","16":"tag-news","17":"tag-republique-francaise"},"share_on_mastodon":{"url":"https:\/\/pubeurope.com\/@fr\/115626486237862210","error":""},"_links":{"self":[{"href":"https:\/\/www.europesays.com\/fr\/wp-json\/wp\/v2\/posts\/564118","targetHints":{"allow":["GET"]}}],"collection":[{"href":"https:\/\/www.europesays.com\/fr\/wp-json\/wp\/v2\/posts"}],"about":[{"href":"https:\/\/www.europesays.com\/fr\/wp-json\/wp\/v2\/types\/post"}],"author":[{"embeddable":true,"href":"https:\/\/www.europesays.com\/fr\/wp-json\/wp\/v2\/users\/2"}],"replies":[{"embeddable":true,"href":"https:\/\/www.europesays.com\/fr\/wp-json\/wp\/v2\/comments?post=564118"}],"version-history":[{"count":0,"href":"https:\/\/www.europesays.com\/fr\/wp-json\/wp\/v2\/posts\/564118\/revisions"}],"wp:featuredmedia":[{"embeddable":true,"href":"https:\/\/www.europesays.com\/fr\/wp-json\/wp\/v2\/media\/564119"}],"wp:attachment":[{"href":"https:\/\/www.europesays.com\/fr\/wp-json\/wp\/v2\/media?parent=564118"}],"wp:term":[{"taxonomy":"category","embeddable":true,"href":"https:\/\/www.europesays.com\/fr\/wp-json\/wp\/v2\/categories?post=564118"},{"taxonomy":"post_tag","embeddable":true,"href":"https:\/\/www.europesays.com\/fr\/wp-json\/wp\/v2\/tags?post=564118"}],"curies":[{"name":"wp","href":"https:\/\/api.w.org\/{rel}","templated":true}]}}