{"id":564120,"date":"2025-11-28T08:55:17","date_gmt":"2025-11-28T08:55:17","guid":{"rendered":"https:\/\/www.europesays.com\/fr\/564120\/"},"modified":"2025-11-28T08:55:17","modified_gmt":"2025-11-28T08:55:17","slug":"municipales-2026-allan-brunon-le-candidat-a-grenoble-archetype-de-la-nouvelle-generation-melenchon","status":"publish","type":"post","link":"https:\/\/www.europesays.com\/fr\/564120\/","title":{"rendered":"Municipales 2026 : Allan Brunon, le candidat \u00e0 Grenoble arch\u00e9type de la nouvelle g\u00e9n\u00e9ration M\u00e9lenchon"},"content":{"rendered":"<p>\u00a0\u00ab On l\u2019a vu d\u00e9barquer tr\u00e8s r\u00e9cemment \u00e0 Grenoble \u00bb. Cette petite main de la politique grenobloise n\u2019a d\u00e9couvert que r\u00e9cemment la personnalit\u00e9 d\u2019Allan Brunon. \u00ab\u00a0Je l\u2019ai d\u00e9couvert lors de sa r\u00e9union de lancement de campagne dans la ville\u00a0\u00bb, souffle une ancienne \u00e9lue de l\u2019Is\u00e8re.<a href=\"https:\/\/www.placegrenet.fr\/2025\/10\/28\/alan-confesson-candidat-a-la-candidature-lfi-a-grenoble-lelu-dement-les-affirmations-dallan-brunon\/663226\" target=\"_blank\" rel=\"noopener\"> Pour l\u2019ancien cadre LFI grenoblois Alan Confesson<\/a>, Allan Brunon aurait\u00a0\u00ab\u00a0d\u00e9cid\u00e9 soudainement de venir faire carri\u00e8re \u00e0 Grenoble, terre nettement plus favorable \u00e0 la gauche \u00bb, apr\u00e8s plusieurs d\u00e9faites sur le secteur de Villefontaine, plus pr\u00e8s de Lyon.<\/p>\n<p><a href=\"https:\/\/www.valeursactuelles.com\/regions\/auvergne-rhone-alpes\/isere\/grenoble\/politique\/municipales-a-grenoble-mon-equipe-naura-pas-vocation-a-faire-la-chasse-aux-dealers-affirme-le-candidat-lfi\" class=\"h-flex h-align-items-center h-border-tb h-ptb-15\" target=\"_blank\" rel=\"noopener\">A\u00a0LIRE\u00a0Municipales \u00e0 Grenoble : \u00ab Mon \u00e9quipe n\u2019aura pas vocation \u00e0 faire la chasse aux dealers \u00bb, affirme le candidat LFI<\/a><\/p>\n<p>Pourtant, l\u2019ancien collaborateur parlementaire a bel et bien mis en avant ses origines grenobloises.\u00a0 Le 20\u00a0septembre dernier, ce jeune militant insoumis s\u2019est dit\u00a0\u00ab\u00a0honor\u00e9\u00a0\u00bb\u00a0de devenir t\u00eate de liste \u00e0 Grenoble afin de\u00a0\u00ab\u00a0porter une liste insoumise et citoyenne\u00a0\u00bb, lors d\u2019une prise de parole \u00e0 La Villeneuve,\u00a0l\u2019un des quartiers les plus chauds de la ville, o\u00f9 sa famille,\u00a0\u00ab\u00a0engag\u00e9e dans la lib\u00e9ration du peuple alg\u00e9rien\u00a0\u00bb, s\u2019est\u00a0\u00ab\u00a0install\u00e9e il y a 65\u00a0ans\u00a0\u00bb. Un choix judicieux, tant dans ces quartiers, M\u00e9lenchon obtient des scores impressionnants \u00e0 chaque \u00e9lection. Un choix loin d\u2019\u00eatre anodin. Dans ce quartier, on y compte plus de points de deals que de bureaux de vote. Allan Brunon le sait.<\/p>\n<p>Mont\u00e9e en puissance d\u2019un apparatchik<\/p>\n<p>Cheveu sombre. Petite barbe. L\u00e9ger z\u00e9zaiement et costume-cravate impeccable. Allan Brunon a 26 ans et s\u2019est d\u00e9j\u00e0 fait une place dans la sph\u00e8re Insoumise. Ce 4 novembre 2022, deux journalistes de Boulevard Voltaire tentent de couvrir la manifestation de soutien de la France Insoumise au d\u00e9put\u00e9 Carlos Mertens Bilongo. Devant le refus des cadres Insoumis de parler \u00e0 ces journalistes, deux collaborateurs parlementaires les repoussent en usant de violence physique. Parmi eux, Brunon. Il \u00e9tait \u00e0 l\u2019\u00e9poque le collaborateur du d\u00e9put\u00e9 de l\u2019Is\u00e8re Gabriel Amard. L\u2019ancien maire de Viry-Chatillon par ailleurs conjoint de la fille de Jean-Luc M\u00e9lenchon a \u00e9t\u00e9 victorieusement parachut\u00e9 dans l\u2019Is\u00e8re en 2022 et a rapidement embauch\u00e9 Allan Brunon qui suivait quant \u00e0 lui un cursus \u00e0 Science Po Grenoble, sans pour autant s\u2019investir politiquement dans la ville d\u2019\u00c9ric Piolle.<\/p>\n<p>Le jeune homme fait ses armes dans la galaxie Insoumise. Il se distingue par des tweets provocateurs, souvent injurieux. Alors que le RN rendait hommage \u00e0 un militant dijonnais emport\u00e9 par un cancer, celui qui travaillait d\u00e9j\u00e0 \u00e0 l\u2019Assembl\u00e9e <a href=\"https:\/\/www.valeursactuelles.com\/no_rubrique\/un-collaborateur-parlementaire-lfi-affirme-quun-militant-rn-mort-dun-cancer-retrouvera-en-enfer-ses-idoles-waffen-ss\" target=\"_blank\" rel=\"noopener\">r\u00e9agissait ainsi<\/a>\u00a0:\u00a0\u00ab\u00a0Il retrouvera en enfer ses idoles. Les L\u00e9on Gautier, les Pierre Bousquet et les autres Waffen-SS, fondateurs du RN.\u00a0\u00bb Un message qui suscitera la col\u00e8re des r\u00e9seaux sociaux. Mais c\u2019est tout ce qu\u2019il esp\u00e9rait. Tr\u00e8s proche de la d\u00e9put\u00e9e de Grenoble Elisa Martin, elle-m\u00eame tr\u00e8s proche de Jean-Luc M\u00e9lenchon, Brunon gravit rapidement les marches de la tr\u00e8s verticale France Insoumise. Candidat pour la Nupes dans une circonscription peu acquise, il \u00e9choue aux portes du second tour en juin 2022. Pendant la campagne pr\u00e9sidentielle de 2022, il \u00ab\u00a0entrera de force\u00a0\u00bb (selon ses propres mots) dans la mairie de Charvieu-Chavagneux parce que son maire a re\u00e7u le candidat Eric Zemmour. Il sera poursuivi pour cela. Son avocat est d\u2019ailleurs Me Rafik Chekkat, qui prend r\u00e9guli\u00e8rement la d\u00e9fense des Fr\u00e8res Musulmans.<\/p>\n<p><a href=\"https:\/\/www.valeursactuelles.com\/regions\/auvergne-rhone-alpes\/isere\/grenoble\/faits-divers\/grenoble-un-adolescent-de-12-ans-touche-par-balle-pres-dun-point-de-deal\" class=\"h-flex h-align-items-center h-border-tb h-ptb-15\" target=\"_blank\" rel=\"noopener\">A\u00a0LIRE\u00a0Grenoble : un adolescent de 12 ans touch\u00e9 par balle pr\u00e8s d\u2019un point de deal<\/a>Plusieurs proc\u00e9dures judiciaires en diffamation et injure publique<\/p>\n<p>Peu importe. Il prend des fonctions nationales au sein du parti puisque il est \u00ab co-animateur du p\u00f4le antifasciste au sein de LFI \u00bb. Un espace dans lequel, il fait bon se l\u00e2cher. Sa co-animatrice, Imane El Hamzaoui avait d\u00e9clar\u00e9 en octobre dernier que l\u2019identit\u00e9 fran\u00e7aise est une \u00ab\u00a0identit\u00e9 scl\u00e9ros\u00e9e\u00a0\u00bb. \u00a0Brunon a par ailleurs affront\u00e9 plusieurs proc\u00e9dures judiciaires en diffamation et injure publique. Soutien assidu de la Jeune Garde, mouvement autoproclam\u00e9 antifasciste et surtout connu pour ses agressions et autres actions violentes, Brunon se met souvent en sc\u00e8ne pratiquant divers arts martiaux <a href=\"https:\/\/www.ledauphine.com\/sport\/2021\/03\/15\/adel-brunon-aux-portes-de-la-scene-internationale\" target=\"_blank\" rel=\"noopener\">comme le MMA<\/a> ou le kick-boxing.<\/p>\n<p>Pour parfaire le CV, il est m\u00eame membre de l\u2019ONED (l\u2019Observatoire national de l\u2019extr\u00eame droite), une coquille vide cr\u00e9\u00e9e \u00e0 l\u2019initiative du d\u00e9put\u00e9 LFI Thomas Porte dont les proximit\u00e9s avec le Hamas ne sont plus \u00e0 d\u00e9montrer. Dans les faits, Brunon se construit une image de militant antifasciste. On le voit sur le terrain \u00e0 plusieurs occasions. En f\u00e9vrier 2024, il manifestait contre une r\u00e9union publique du RN en Haute-Savoie. M\u00e9gaphone \u00e0 la main, il invective les participants devant une banni\u00e8re sobrement intitul\u00e9e \u00ab\u00a0On vous pendra\u00a0\u00bb. En mai 2024, il d\u00e9barque avec une demi-douzaine d\u2019individus \u00e0 une visite de Fabrice Leggeri au si\u00e8ge du RN marseillais. Des coups sont \u00e9chang\u00e9s. A Vienne en septembre 2024, il est encore \u00e0 la t\u00eate de quelques dizaines de militant d\u2019ultra-gauche venus perturber la minute de silence organis\u00e9e par la d\u00e9put\u00e9e UDR Hanane Mansouri en hommage \u00e0 Philippine Le Noir de Calan, viol\u00e9e et assassin\u00e9e par un Marocain sous OQTF. Visible. Omnipr\u00e9sent. Brunon est devenu un pro de l\u2019agit-prop au sein des Insoumis. Une discipline th\u00e9oris\u00e9e et voulue par la direction. En bon \u00e9l\u00e8ve, il se devait d\u2019obtenir une r\u00e9compense. Ce sera Grenoble.<\/p>\n<p>Le communautarisme tranquille<\/p>\n<p>Ce 13 juillet 2025, Allan Brunon pose<a href=\"https:\/\/x.com\/allanbrunon\/status\/1944338011887411603\"> tout sourire derri\u00e8re un immense drapeau alg\u00e9rien<\/a>. \u00ab\u00a0Hier soir, quel bonheur d\u2019avoir particip\u00e9 \u00e0 la c\u00e9l\u00e9bration du 5 juillet 1962, 63e anniversaire de l\u2019ind\u00e9pendance de l\u2019Alg\u00e9rie. Aujourd\u2019hui plus que jamais, nous repensons au courage de celles et ceux qui ont donn\u00e9 leur vie pour d\u00e9truire le colonialisme fran\u00e7ais en Alg\u00e9rie\u00a0\u00bb, s\u2019enthousiasme-t-il. La sc\u00e8ne se passe \u00e0 Grenoble. Lors de sa conf\u00e9rence de presse de candidature, tr\u00f4nent derri\u00e8re lui, bien visibles, des femmes voil\u00e9es. Par ailleurs, la d\u00e9fense de l\u2019islam fait partie de son ADN politique. En janvier 2025, le m\u00eame Allan Brunon appuyait les propos du d\u00e9put\u00e9 Idir Boumerti qui accusait Bruno Retailleau de mener \u00ab une chasse aux musulmans \u00bb. La jeune t\u00eate de liste a appuy\u00e9 les propos, d\u00e9non\u00e7ant \u00ab\u00a0une cabale [qui] a lieu contre les musulmans en France. Il faut \u00eatre raciste pour ne pas le voir\u00a0\u00bb. Ses publications sur X t\u00e9moignent d\u2019une certaine obsession. La d\u00e9fense de l\u2019islam, la Palestine, la glorification de l\u2019Alg\u00e9rie\u2026 En bref, la panoplie compl\u00e8te du jeune Insoumis.<\/p>\n<p>En ce mois de novembre 2025, il assure que \u00ab\u00a0la police municipale ne fera pas la chasse aux dealers\u00a0\u00bb. Des propos qui ont choqu\u00e9. Des propos qu\u2019il assume toutefois en pr\u00e9cisant que \u00ab\u00a0\u00e0 Grenoble, pas un policier municipal ne sera arm\u00e9. Nous d\u00e9ploierons des m\u00e9diateurs et des \u00e9ducateurs dans la ville. C\u2019est \u00e0 l\u2019\u00c9tat d\u2019assurer ses missions, et \u00e0 nous de soulager les souffrances du peuple par des mesures sociales et non r\u00e9pressives\u00a0\u00bb. Une position qui tranche dans une ville gangren\u00e9e par la violence et le trafic de drogue. \u00a0Une ligne qu\u2019il s\u2019applique \u00e0 rendre coh\u00e9rente mais qui ne masque pas le fond de sa strat\u00e9gie. \u00ab <a href=\"https:\/\/x.com\/allanbrunon\/status\/1993785971838734671?s=20\">Les quartiers populaires<\/a> sont sa cible \u00e9lectorale. Pour ne pas dire son unique cible\u00a0\u00bb, cingle l\u2019ancienne d\u00e9put\u00e9e LREM Emilie Chalas.<\/p>\n<blockquote>\n<p>Il est pr\u00eat \u00e0 tout et cela pue.<\/p>\n<\/blockquote>\n<p>Pour l\u2019entourage d\u2019Alain Carignon, c\u2019est \u00e9videmment volontaire. \u00ab On n\u2019est pas sur un excit\u00e9 radicalis\u00e9 \u00bb, juge-t-on dans le camp de la droite\u00a0locale. \u00ab\u00a0Il incarne publiquement la ligne fanatis\u00e9e de LFI mais c\u2019est un vrai calculateur qui dose sa communication\u00a0\u00bb, estime-t-on. Dans cette logique, il poursuit la drague communautaire en attaquant frontalement son adversaire Horizons Herv\u00e9 Gerbi. Lors d\u2019une r\u00e9union dans le quartier Teisseire, la photo de l\u2019ancien pr\u00e9sident du Crif local figurait sur un jeu de massacre. Une initiative qui <a href=\"https:\/\/www.placegrenet.fr\/2025\/11\/25\/municipales-de-grenoble-polemique-entre-herve-gerbi-et-allan-brunon-autour-dun-jeu-de-massacre\/665616\" target=\"_blank\" rel=\"noopener\">n\u2019a pas \u00e9t\u00e9 du gout d\u2019Herv\u00e9 Gerb<\/a>i. \u00a0\u00ab\u00a0Ce choix c\u2019est une fa\u00e7on de concevoir la politique. L\u2019adversaire devient une cible.\u00a0La confrontation d\u2019id\u00e9es se transforme en d\u00e9fouloir.\u00a0On excite la col\u00e8re, on met des visages \u00e0 abattre \u00e0 hauteur d\u2019enfant \u00bb, s\u2019est \u00e9mu le politique.\u00a0 En outre, ce dernier a \u00e9t\u00e9 victime il y a un mois <a href=\"https:\/\/www.placegrenet.fr\/2025\/10\/17\/lindignation-predomine-apres-les-inscriptions-antisemites-et-les-menaces-de-mort-contre-deux-avocats-a-grenoble\/662528\" target=\"_blank\" rel=\"noopener\">de menace de morts tagu\u00e9es dans les rues de Grenoble<\/a>. Des menaces toutefois condamn\u00e9es par Brunon\u2026qui fait figurer son opposant sur un jeu de massacre un mois apr\u00e8s. \u00ab\u00a0Il est pr\u00eat \u00e0 tout et cela pue\u00a0\u00bb, conclue Chalas. \u00ab\u00a0Il agit presque en chiraquien : \u00ab\u00a0Plus c\u2019est gros plus \u00e7a passe\u00a0\u00bb, abonde St\u00e9phane\u00a0 Gemmani. Ce cadre local socialiste, fondateur du Samu Social de Grenoble met en garde contre la strat\u00e9gie \u00ab\u00a0ouvertement client\u00e9liste\u00a0\u00bb du jeune Insoumis.<\/p>\n<p>Mais tout cela n\u2019est pas anodin. \u00ab La force de la gauche grenobloise est d\u2019avoir rassembl\u00e9 sous une m\u00eame banni\u00e8re les bobos de centre-ville et les quartiers populaires \u00bb, analyse Gemmami. \u00ab En accaparant le vote de ces quartiers, Brunon\u00a0 pr\u00e9f\u00e8re la strat\u00e9gie du repli \u00e0 celle de l\u2019ouverture\u00bb. Pour l\u2019instant, les sondages lui cr\u00e9ditent au moins 12% des voix. De quoi entrer au conseil municipale. Une campagne radicale mais pens\u00e9e. Une campagne politiquement orient\u00e9e contre la droite, \u00ab l\u2019extr\u00eame droite \u00bb pour reprendre la terminologie insoumise, mais \u00e9lectoralement contre la gauche. A l\u2019image de Paris, Marseille ou encore Besan\u00e7on, les listes Insoumises ne sont pas radicales dans le but de combattre l\u2019extr\u00eame droite (le RN est cr\u00e9dit\u00e9 de 8% \u00e0 Grenoble), mais bien contre la gauche\u2026 Mais pour avoir une vue d\u2019ensemble, mieux vaut \u00eatre parachut\u00e9 d\u2019en haut.<\/p>\n<p>Le temple de la gauche magouille<\/p>\n<p>Avec Grenoble, la gauche tient un cas d\u2019\u00e9cole de ses dysfonctionnements. Remport\u00e9e par l\u2019\u00e9cologiste Eric Piolle en 2014, la ville vote tr\u00e8s majoritairement \u00e0 l\u2019extr\u00eame gauche. M\u00e9lenchon y arrive en t\u00eate \u00e0 chaque \u00e9lection. En 2020, Piolle est r\u00e9\u00e9lu avec le soutien de toutes les forces de gauche hormis le Parti Socialiste, qui verra quelques dissidents rallier le maire Vert. La France Insoumise compte plusieurs \u00e9lus dans l\u2019\u00e9quipe municipale dont notamment Elisa Martin qui si\u00e9gea comme premi\u00e8re adjointe du maire jusqu\u2019\u00e0 son \u00e9lection \u00e0 la d\u00e9putation en juin 2022 dans la circonscription grenobloise. \u00a0A ses c\u00f4t\u00e9s, plusieurs Insoumis sont \u00e9lus dont Alan Confesson. Mais en 2024, tout s\u2019acc\u00e9l\u00e8re. En\u00a0juin 2024, apr\u00e8s que\u00a0Le Canard encha\u00een\u00e9\u00a0a r\u00e9v\u00e9l\u00e9 qu\u2019\u00c9ric Piolle\u00a0aurait demand\u00e9 \u00e0 l\u2019un de ses plus proches conseillers de r\u00e9troc\u00e9der une partie de son salaire \u00e0 son ancienne premi\u00e8re adjointe, le parquet de Grenoble ouvre une enqu\u00eate <a href=\"https:\/\/actu.fr\/auvergne-rhone-alpes\/grenoble_38185\/grenoble-eric-piolle-et-elisa-martin-accuses-de-combine-financiere-l-enquete-continue_62845979.html\" target=\"_blank\" rel=\"noopener\">visant les trois protagonistes de cette affaire pour \u00ab\u00a0concussion\u00a0\u00bb<\/a> et \u00ab\u00a0recel de concussion\u00a0\u00bb. Elisa Martin est accus\u00e9e d\u2019avoir touch\u00e9 400\u00a0euros, vers\u00e9s de la main \u00e0 la main, par mois pendant trois ans et demi (16\u00a0800\u00a0euros au total), alors qu\u2019elle \u00e9tait premi\u00e8re adjointe du maire de Grenoble \u00c9ric Piolle. Ce dernier avait d\u2019ores et d\u00e9j\u00e0 annonc\u00e9 qu\u2019il ne se repr\u00e9senterait pas en 2026.<\/p>\n<p>Apr\u00e8s de longues et p\u00e9nibles tractations, Laurence Ruffin, s\u0153ur du d\u00e9put\u00e9 de la Somme Fran\u00e7ois Ruffin,<a href=\"https:\/\/reporterre.net\/Apres-une-designation-chaotique-Laurence-Ruffin-briguera-la-place-d-Eric-Piolle-a\" target=\"_blank\" rel=\"noopener\"> est d\u00e9sign\u00e9e par les Ecologistes<\/a> pour prendre la rel\u00e8ve d\u2019\u00c9ric Piolle. Voil\u00e0 la gauche \u00e0 nouveau unie\u00a0? C\u2019\u00e9tait compter sans la nouvelle strat\u00e9gie Insoumise. La ligne nationale impose de voir des listes LFI autonomes partout. Pourquoi\u00a0? \u00ab\u00a0S\u2019ils s\u2019inscrivent dans une logique de prise de pouvoir, ils doivent avoir des groupes et des \u00e9lus locaux\u00a0\u00bb, suppute Emilie Chalas, l\u2019ancienne d\u00e9put\u00e9e LREM de la circonscription, battue par Elisa Martin en 2022. C\u2019est sans doute une partie de l\u2019explication. Mais au niveau national, la France Insoumise a d\u2019autres ambitions moins avouables. Plus question de jouer les roues de secours. A Aubervilliers, M\u00e9lenchon a salu\u00e9 les \u00e9lections \u00e0 venir comme une \u00e9tape n\u00e9cessaire \u00e0 l\u2019instauration de la VIe R\u00e9publique et l\u2019av\u00e8nement de sa Nouvelle France. Dans ce contexte, plus question d\u2019alliances et surtout pas avec les socialistes. Grenoble ne fera pas exception. \u00ab\u00a0L\u2019\u00e9quipe qui se porte candidate n\u2019a plus rien \u00e0 voir avec celle de 2014\u00a0\u00bb, <a href=\"https:\/\/www.francebleu.fr\/infos\/politique\/elections-municipales-a-grenoble-lfi-fait-cavalier-seul-et-presente-une-liste-menee-par-allan-brunon-2636975\" target=\"_blank\" rel=\"noopener\">tente de justifier Elisa Martin<\/a> dans la presse locale.<\/p>\n<p>Une d\u00e9cision Insoumise qui rencontrera de l\u2019opposition interne. Au point qu\u2019Alan Confesson, l\u2019autre chef de file de LFI \u00e0 Grenoble, claquera la porte de son parti pour rejoindre Laurence Ruffin. \u00ab Cette future liste insoumise sera constitu\u00e9e des \u00e9l\u00e9ments les plus sectaires et les plus vindicatifs de LFI\u00a0\u00bb, <a href=\"https:\/\/www.francebleu.fr\/infos\/politique\/municipale-2026-a-grenoble-alan-confesson-lfi-rejoint-laurence-ruffin-et-accuse-lfi-de-mener-une-campagne-sectaire-4460206\" target=\"_blank\" rel=\"noopener\">indiquera-t-il \u00e0 la presse locale<\/a>. Avant lui, la conseill\u00e8re r\u00e9gionale Emilie Marche a \u00e9t\u00e9 suspendue par la France Insoumise pour avoir qualifi\u00e9 l\u2019action Insoumise \u00e0 Grenoble comme \u00ab\u00a0insens\u00e9e\u00a0\u00bb. Ambiance. Au fond, le jeu de massacre d\u2019Allan Brunon dans le quartier Teisseire est tout indiqu\u00e9. Sauf que pour l\u2019instant, ses boules frappent essentiellement la gauche. Un breuvage que les h\u00e9ritiers d\u2019Eric Piolle ne sont pas pr\u00e8s d\u2019oublier.<\/p>\n","protected":false},"excerpt":{"rendered":"\u00a0\u00ab On l\u2019a vu d\u00e9barquer tr\u00e8s r\u00e9cemment \u00e0 Grenoble \u00bb. Cette petite main de la politique grenobloise n\u2019a&hellip;\n","protected":false},"author":2,"featured_media":564121,"comment_status":"","ping_status":"","sticky":false,"template":"","format":"standard","meta":{"footnotes":""},"categories":[9566],"tags":[1111,11,27721,2430,67999,9607,1777,674,1011,27,2731,68000,12,25],"class_list":{"0":"post-564120","1":"post","2":"type-post","3":"status-publish","4":"format-standard","5":"has-post-thumbnail","7":"category-grenoble","8":"tag-actu","9":"tag-actualites","10":"tag-allan-brunon","11":"tag-auvergne-rhone-alpes","12":"tag-carlos-martens-bilongo","13":"tag-eric-piolle","14":"tag-eu","15":"tag-europe","16":"tag-fr","17":"tag-france","18":"tag-grenoble","19":"tag-hanane-mansouri","20":"tag-news","21":"tag-republique-francaise"},"share_on_mastodon":{"url":"https:\/\/pubeurope.com\/@fr\/115626490378767125","error":""},"_links":{"self":[{"href":"https:\/\/www.europesays.com\/fr\/wp-json\/wp\/v2\/posts\/564120","targetHints":{"allow":["GET"]}}],"collection":[{"href":"https:\/\/www.europesays.com\/fr\/wp-json\/wp\/v2\/posts"}],"about":[{"href":"https:\/\/www.europesays.com\/fr\/wp-json\/wp\/v2\/types\/post"}],"author":[{"embeddable":true,"href":"https:\/\/www.europesays.com\/fr\/wp-json\/wp\/v2\/users\/2"}],"replies":[{"embeddable":true,"href":"https:\/\/www.europesays.com\/fr\/wp-json\/wp\/v2\/comments?post=564120"}],"version-history":[{"count":0,"href":"https:\/\/www.europesays.com\/fr\/wp-json\/wp\/v2\/posts\/564120\/revisions"}],"wp:featuredmedia":[{"embeddable":true,"href":"https:\/\/www.europesays.com\/fr\/wp-json\/wp\/v2\/media\/564121"}],"wp:attachment":[{"href":"https:\/\/www.europesays.com\/fr\/wp-json\/wp\/v2\/media?parent=564120"}],"wp:term":[{"taxonomy":"category","embeddable":true,"href":"https:\/\/www.europesays.com\/fr\/wp-json\/wp\/v2\/categories?post=564120"},{"taxonomy":"post_tag","embeddable":true,"href":"https:\/\/www.europesays.com\/fr\/wp-json\/wp\/v2\/tags?post=564120"}],"curies":[{"name":"wp","href":"https:\/\/api.w.org\/{rel}","templated":true}]}}