{"id":564122,"date":"2025-11-28T08:56:27","date_gmt":"2025-11-28T08:56:27","guid":{"rendered":"https:\/\/www.europesays.com\/fr\/564122\/"},"modified":"2025-11-28T08:56:27","modified_gmt":"2025-11-28T08:56:27","slug":"a-mousse-le-maire-gilbert-gerard-ne-briguera-pas-un-sixieme-mandat","status":"publish","type":"post","link":"https:\/\/www.europesays.com\/fr\/564122\/","title":{"rendered":"\u00c0 Mouss\u00e9, le maire Gilbert G\u00e9rard ne briguera pas\u00a0un sixi\u00e8me mandat"},"content":{"rendered":"<p>\u00a0Il est temps pour moi, \u00e0 70\u00a0ans et au terme de sept\u00a0mandats d\u2019\u00e9lu dont cinq\u00a0comme maire, de passer le flambeau\u00a0\u00bb, avance d\u2019embl\u00e9e Gilbert G\u00e9rard, maire de <a href=\"https:\/\/vitre.maville.com\/bretagne\/ille-et-vilaine\/mousse\/\" target=\"_blank\" rel=\"noopener\">Mouss\u00e9<\/a> (Ille-et-Vilaine). \u00a0Ma d\u00e9cision est prise et elle est irr\u00e9vocable\u00a0\u00bb, ajoute-t-il dans un demi-sourire, faisant allusion \u00e0 son d\u00e9part annonc\u00e9 en 2019 avant de se raviser en janvier\u00a02020, faute de candidat au poste.<\/p>\n<p>\u00a0La situation est diff\u00e9rente aujourd\u2019hui. Ce qui me rassure pour la suite, c\u2019est que six\u00a0conseillers, sur les dix\u00a0actuels, sont pr\u00eats \u00e0 poursuivre leur engagement dont les trois\u00a0adjoints. Le nouveau scrutin de liste pour les petites communes me semble une bonne avanc\u00e9e. La parit\u00e9 sera peut-\u00eatre difficile \u00e0 obtenir selon le contexte.\u00a0<\/p>\n<p>\u00c0 Mouss\u00e9, il faudra une liste paritaire de onze\u00a0membres. En mars, Gilbert G\u00e9rard c\u00e9dera son \u00e9charpe de maire avec le sentiment du devoir accompli. \u00a0Je ne pensais pas faire autant d\u2019ann\u00e9es en entrant dans le conseil municipal, en 1983, \u00e0 l\u2019\u00e2ge de 27\u00a0ans, confie-t-il. Mais, je peux dire que j\u2019ai eu un grand plaisir \u00e0 travailler avec les \u00e9quipes successives. Je les remercie. Nous avons \u00e9t\u00e9 en parfaite harmonie et cela a \u00e9t\u00e9 tr\u00e8s agr\u00e9able pour moi. On a bien travaill\u00e9 tout en respectant un endettement raisonn\u00e9. Le maire joue un r\u00f4le moteur mais il doit \u00eatre aussi \u00e0 l\u2019\u00e9coute du conseil. Ce sont des d\u00e9cisions collectives.\u00a0<\/p>\n<p>La population a tripl\u00e9 en trente\u00a0ans<\/p>\n<p>De ces trente\u00a0ann\u00e9es \u00e0 la t\u00eate de la commune, l\u2019\u00e9dile retient comme point fort, la redynamisation du centre bourg. \u00a0Le bourg s\u2019est m\u00e9tamorphos\u00e9 avec la construction d\u2019une quarantaine de maisons en trois\u00a0lotissements successifs en 2000, 2005 et 2\u00a0010\u00a0, rel\u00e8ve-t-il.<\/p>\n<p>\u00a0En 1995, nous avions quinze\u00a0foyers dans le bourg contre soixante-dix en 2025. Nous y avons apport\u00e9 des habitants, un rajeunissement et de la vie. Entre 2000 et 2015, la population de la commune a tripl\u00e9, passant de 110 \u00e0 350\u00a0habitants.\u00a0 Mouss\u00e9 compte actuellement 340\u00a0habitants. \u00a0La cr\u00e9ation de la salle polyvalente en 2009 a \u00e9galement \u00e9t\u00e9 un \u00e9l\u00e9ment structurant de la vie communale, g\u00e9n\u00e9rant une recette non n\u00e9gligeable pour la commune.\u00a0<\/p>\n<p>Gilbert G\u00e9rard se veut optimiste. \u00a0M\u00eame si ces derni\u00e8res ann\u00e9es, la construction n\u2019est pas au rendez-vous, je crois en l\u2019avenir. Il y a des cycles, des p\u00e9riodes plus favorables, d\u2019autres moins. Il faudrait plus de d\u00e9centralisation afin de penser davantage au monde rural. Les petites communes rurales resteront un \u00e9chelon important pour la vie des administr\u00e9s. Mais elles ne pourront survivre que si elles conservent leur ind\u00e9pendance et leur identit\u00e9.\u00a0<\/p>\n<p>\u00a0<\/p>\n","protected":false},"excerpt":{"rendered":"\u00a0Il est temps pour moi, \u00e0 70\u00a0ans et au terme de sept\u00a0mandats d\u2019\u00e9lu dont cinq\u00a0comme maire, de passer&hellip;\n","protected":false},"author":2,"featured_media":564123,"comment_status":"","ping_status":"","sticky":false,"template":"","format":"standard","meta":{"footnotes":""},"categories":[2821],"tags":[1111,11,829,68003,1777,674,1011,27,8294,68002,5107,13184,68001,12,584,25],"class_list":{"0":"post-564122","1":"post","2":"type-post","3":"status-publish","4":"format-standard","5":"has-post-thumbnail","7":"category-rennes","8":"tag-actu","9":"tag-actualites","10":"tag-bretagne","11":"tag-briguera","12":"tag-eu","13":"tag-europe","14":"tag-fr","15":"tag-france","16":"tag-gerard","17":"tag-gilbert","18":"tag-maire","19":"tag-mandat","20":"tag-mousse","21":"tag-news","22":"tag-rennes","23":"tag-republique-francaise"},"share_on_mastodon":{"url":"https:\/\/pubeurope.com\/@fr\/115626494263533573","error":""},"_links":{"self":[{"href":"https:\/\/www.europesays.com\/fr\/wp-json\/wp\/v2\/posts\/564122","targetHints":{"allow":["GET"]}}],"collection":[{"href":"https:\/\/www.europesays.com\/fr\/wp-json\/wp\/v2\/posts"}],"about":[{"href":"https:\/\/www.europesays.com\/fr\/wp-json\/wp\/v2\/types\/post"}],"author":[{"embeddable":true,"href":"https:\/\/www.europesays.com\/fr\/wp-json\/wp\/v2\/users\/2"}],"replies":[{"embeddable":true,"href":"https:\/\/www.europesays.com\/fr\/wp-json\/wp\/v2\/comments?post=564122"}],"version-history":[{"count":0,"href":"https:\/\/www.europesays.com\/fr\/wp-json\/wp\/v2\/posts\/564122\/revisions"}],"wp:featuredmedia":[{"embeddable":true,"href":"https:\/\/www.europesays.com\/fr\/wp-json\/wp\/v2\/media\/564123"}],"wp:attachment":[{"href":"https:\/\/www.europesays.com\/fr\/wp-json\/wp\/v2\/media?parent=564122"}],"wp:term":[{"taxonomy":"category","embeddable":true,"href":"https:\/\/www.europesays.com\/fr\/wp-json\/wp\/v2\/categories?post=564122"},{"taxonomy":"post_tag","embeddable":true,"href":"https:\/\/www.europesays.com\/fr\/wp-json\/wp\/v2\/tags?post=564122"}],"curies":[{"name":"wp","href":"https:\/\/api.w.org\/{rel}","templated":true}]}}