{"id":564130,"date":"2025-11-28T09:00:16","date_gmt":"2025-11-28T09:00:16","guid":{"rendered":"https:\/\/www.europesays.com\/fr\/564130\/"},"modified":"2025-11-28T09:00:16","modified_gmt":"2025-11-28T09:00:16","slug":"la-cci-nice-cote-dazur-premiere-chambre-a-etre-labellisee-engage-rse","status":"publish","type":"post","link":"https:\/\/www.europesays.com\/fr\/564130\/","title":{"rendered":"La CCI Nice C\u00f4te d\u2019Azur premi\u00e8re chambre \u00e0 \u00eatre labellis\u00e9e \u00ab Engag\u00e9 RSE \u00bb"},"content":{"rendered":"<p>                    <img loading=\"lazy\" decoding=\"async\" src=\"https:\/\/www.europesays.com\/fr\/wp-content\/uploads\/2025\/11\/d8e04c4f795b299a58ee72dbaae385.jpg\" class=\"img-responsive post-image\" width=\"680\" height=\"510\" alt=\"La CCI Nice C\u00f4te d'Azur\" title=\"La CCI Nice C\u00f4te d'Azur premi\u00e8re chambre \u00e0 \u00eatre labellis\u00e9e \u00ab Engag\u00e9 RSE \u00bb\"\/><\/p>\n<p class=\"chapo\">La chambre de commerce et d\u2019industrie azur\u00e9enne est la premi\u00e8re CCI de France \u00e0 recevoir ce label attribu\u00e9 par AFNOR Certification, leader fran\u00e7ais de la certification, \u00e9galement reconnu dans une trentaine de pays \u00e0 l\u2019\u00e9tranger.<\/p>\n<p>Le label Engag\u00e9 RSE de l\u2019AFNOR est \u00ab\u00a0un label de r\u00e9f\u00e9rence pour \u00e9valuer la maturit\u00e9 des engagements sociaux, environnementaux et \u00e9conomiques, tout en valorisant les bonnes pratiques aupr\u00e8s des parties prenantes\u00a0\u00bb, a indiqu\u00e9 dans un communiqu\u00e9 la CCI Nice C\u00f4te d\u2019Azur, qui a re\u00e7u officiellement ce label le jeudi 20 novembre. <br class=\"texte\"\/><br \/>\n\u00ab\u00a0L\u2019obtention du label Engag\u00e9 RSE constitue une reconnaissance pour l\u2019action concr\u00e8te que nous menons au quotidien dans l\u2019accompagnement des entreprises \u00e0 adopter une d\u00e9marche responsable et durable\u00a0\u00bb, a comment\u00e9 le pr\u00e9sident de la chambre azur\u00e9enne, <strong>Jean-Pierre Savarino.<\/strong> \u00ab\u00a0\u00a0La CCI Nice C\u00f4te d\u2019Azur a beaucoup \u00e9volu\u00e9 ces derni\u00e8res ann\u00e9es et est devenue une entreprise publique performante, moderne et humaine dont les actions prennent syst\u00e9matiquement en compte, par-del\u00e0 l\u2019int\u00e9r\u00eat g\u00e9n\u00e9ral, les trois piliers de la RSE\u00a0: l\u2019environnement, l\u2019\u00e9conomie et le social.\u00a0\u00bb <br class=\"autobr\"\/><br \/>\n<strong>Franck Scarlatti<\/strong>, directeur g\u00e9n\u00e9ral de la CCI Nice C\u00f4te d\u2019Azur a indiqu\u00e9 que cette derni\u00e8re \u00ab\u00a0\u00a0accompagne,\u00a0dans le cadre de ses missions de service public, les entreprises de son territoire dans leur d\u00e9marche RSE\u00a0\u00bb et que cette labellisation a ainsi \u00ab\u00a0\u00a0valeur d\u2019exemplarit\u00e9\u00a0\u00a0\u00bb. Elle \u00ab\u00a0permet d\u2019accro\u00eetre sa cr\u00e9dibilit\u00e9 dans l\u2019exercice de ses activit\u00e9s. Par des pratiques durables  diff\u00e9renciantes et une anticipation des r\u00e9glementations, la CCI dispose d\u2019un nouvel atout dans le cadre des proc\u00e9dures  de mises en concurrence tout en d\u00e9veloppant sa marque employeur\u00a0\u00bb<\/p>\n","protected":false},"excerpt":{"rendered":"La chambre de commerce et d\u2019industrie azur\u00e9enne est la premi\u00e8re CCI de France \u00e0 recevoir ce label attribu\u00e9&hellip;\n","protected":false},"author":2,"featured_media":564131,"comment_status":"","ping_status":"","sticky":false,"template":"","format":"standard","meta":{"footnotes":""},"categories":[2819],"tags":[1111,11,2408,1777,674,1011,27,12,2401,882,25],"class_list":{"0":"post-564130","1":"post","2":"type-post","3":"status-publish","4":"format-standard","5":"has-post-thumbnail","7":"category-nice","8":"tag-actu","9":"tag-actualites","10":"tag-appels-d","11":"tag-eu","12":"tag-europe","13":"tag-fr","14":"tag-france","15":"tag-news","16":"tag-nice","17":"tag-provence-alpes-cote-dazur","18":"tag-republique-francaise"},"share_on_mastodon":{"url":"https:\/\/pubeurope.com\/@fr\/115626510700672969","error":""},"_links":{"self":[{"href":"https:\/\/www.europesays.com\/fr\/wp-json\/wp\/v2\/posts\/564130","targetHints":{"allow":["GET"]}}],"collection":[{"href":"https:\/\/www.europesays.com\/fr\/wp-json\/wp\/v2\/posts"}],"about":[{"href":"https:\/\/www.europesays.com\/fr\/wp-json\/wp\/v2\/types\/post"}],"author":[{"embeddable":true,"href":"https:\/\/www.europesays.com\/fr\/wp-json\/wp\/v2\/users\/2"}],"replies":[{"embeddable":true,"href":"https:\/\/www.europesays.com\/fr\/wp-json\/wp\/v2\/comments?post=564130"}],"version-history":[{"count":0,"href":"https:\/\/www.europesays.com\/fr\/wp-json\/wp\/v2\/posts\/564130\/revisions"}],"wp:featuredmedia":[{"embeddable":true,"href":"https:\/\/www.europesays.com\/fr\/wp-json\/wp\/v2\/media\/564131"}],"wp:attachment":[{"href":"https:\/\/www.europesays.com\/fr\/wp-json\/wp\/v2\/media?parent=564130"}],"wp:term":[{"taxonomy":"category","embeddable":true,"href":"https:\/\/www.europesays.com\/fr\/wp-json\/wp\/v2\/categories?post=564130"},{"taxonomy":"post_tag","embeddable":true,"href":"https:\/\/www.europesays.com\/fr\/wp-json\/wp\/v2\/tags?post=564130"}],"curies":[{"name":"wp","href":"https:\/\/api.w.org\/{rel}","templated":true}]}}