{"id":564132,"date":"2025-11-28T09:02:12","date_gmt":"2025-11-28T09:02:12","guid":{"rendered":"https:\/\/www.europesays.com\/fr\/564132\/"},"modified":"2025-11-28T09:02:12","modified_gmt":"2025-11-28T09:02:12","slug":"nice-les-douanes-tombent-des-nues-en-controlant-une-fourgonnette-sur-la8","status":"publish","type":"post","link":"https:\/\/www.europesays.com\/fr\/564132\/","title":{"rendered":"Nice. Les douanes tombent des nues en contr\u00f4lant une fourgonnette sur l&rsquo;A8"},"content":{"rendered":"<p>                    Par<br \/>\n        <strong><br \/>\n            <a href=\"https:\/\/actu.fr\/auteur\/ugo-maillard\" title=\"Consulter tous les articles de Ugo Maillard\" target=\"_blank\" rel=\"noopener\">Ugo Maillard<\/a><br \/>\n                    <\/strong><\/p>\n<p>        Publi\u00e9 le<\/p>\n<p>            28 nov. 2025 \u00e0 9h24        <\/p>\n<p>Lors d\u2019une op\u00e9ration de contr\u00f4le au niveau du p\u00e9age de La Turbie (<a href=\"https:\/\/actu.fr\/provence-alpes-cote-d-azur\/alpes-maritimes_06\" target=\"_blank\" rel=\"noopener\">Alpes-Maritimes<\/a>) sur l\u2019<strong>A8<\/strong>, les agents des <strong>douanes<\/strong> de Menton sont tomb\u00e9s sur une cargaison hors norme.<\/p>\n<p>    <a href=\"https:\/\/www.google.com\/maps\/embed?pb=!1m18!1m12!1m3!1d17274.888311437968!2d7.385300298228788!3d43.74376577704809!2m3!1f0!2f0!3f0!3m2!1i1024!2i768!4f13.1!3m3!1m2!1s0x12cdc326c4749f0f%3A0x354f256b1d020021!2sP%C3%A9age%20de%20La%20Turbie!5e0!3m2!1sfr!2sfr!4v1764316881399!5m2!1sfr!2sfr\" title=\"Ouvrie le lien\" target=\"_blank\" rel=\"noopener\">Cliquez ici pour visualiser le contenu<\/a><\/p>\n<p class=\" wall-content\">Les faits se sont d\u00e9roul\u00e9s le mardi 25\u00a0novembre 2025. La brigade d\u00e9cide de contr\u00f4ler une fourgonnette immatricul\u00e9e en plaques espagnoles avec une personne \u00e0 bord.<\/p>\n<p class=\" wall-content\">Selon les informations des douaniers communiqu\u00e9es \u00e0 la r\u00e9daction d\u2019<a href=\"https:\/\/actu.fr\/nice\/\" target=\"_blank\" rel=\"noopener\">actu Nice<\/a>, le conducteur indique venir d\u2019Espagne et compte se rendre \u00e0 Vintimille, en Italie. Les agents prennent la d\u00e9cision d\u2019approfondir la fouille du v\u00e9hicule.<\/p>\n<p>Pr\u00e8s de 300 kilos de drogue<\/p>\n<p class=\" wall-content\">En inspectant le v\u00e9hicule, les douaniers de la brigade de Menton cinq cartons, un sac de sport et une valise s\u2019av\u00e9rant contenir des plaquettes de r\u00e9sine de cannabis.\u00a0Au total, les douaniers ont <strong>saisi 287,5 kilos<\/strong> de r\u00e9sine de cannabis.<\/p>\n<p class=\" wall-content\">Le conducteur de la fourgonnette a \u00e9t\u00e9 <strong>jug\u00e9 en comparution imm\u00e9diate<\/strong> le 27\u00a0novembre 2025 et a \u00e9t\u00e9 condamn\u00e9 \u00e0 trois ans d\u2019emprisonnement avec mandat de d\u00e9p\u00f4t, une interdiction du territoire fran\u00e7ais pendant 10\u00a0ans et une amende douani\u00e8re de 2\u2009300\u2009400\u00a0euros.<\/p>\n<p class=\" wall-content\">Personnalisez votre actualit\u00e9 en ajoutant vos villes et m\u00e9dias en favori avec <a href=\"https:\/\/moncompte.actu.fr\" title=\"D\u00e9couvez Mon Actu\" rel=\"nofollow noopener\" data-trk=\"{&quot;cta&quot;:{&quot;action&quot;:&quot;https:\\\/\\\/moncompte.actu.fr&quot;,&quot;category&quot;:&quot;mon compte&quot;,&quot;from&quot;:&quot;article footer&quot;,&quot;name&quot;:&quot;Mon actu&quot;,&quot;type&quot;:&quot;cta&quot;}}\" target=\"_blank\">Mon Actu<\/a>.<\/p>\n","protected":false},"excerpt":{"rendered":"Par Ugo Maillard Publi\u00e9 le 28 nov. 2025 \u00e0 9h24 Lors d\u2019une op\u00e9ration de contr\u00f4le au niveau du&hellip;\n","protected":false},"author":2,"featured_media":564133,"comment_status":"","ping_status":"","sticky":false,"template":"","format":"standard","meta":{"footnotes":""},"categories":[2819],"tags":[1111,11,1052,1777,674,1011,27,12,2401,882,25,104],"class_list":{"0":"post-564132","1":"post","2":"type-post","3":"status-publish","4":"format-standard","5":"has-post-thumbnail","7":"category-nice","8":"tag-actu","9":"tag-actualites","10":"tag-drogue","11":"tag-eu","12":"tag-europe","13":"tag-fr","14":"tag-france","15":"tag-news","16":"tag-nice","17":"tag-provence-alpes-cote-dazur","18":"tag-republique-francaise","19":"tag-societe"},"share_on_mastodon":{"url":"","error":""},"_links":{"self":[{"href":"https:\/\/www.europesays.com\/fr\/wp-json\/wp\/v2\/posts\/564132","targetHints":{"allow":["GET"]}}],"collection":[{"href":"https:\/\/www.europesays.com\/fr\/wp-json\/wp\/v2\/posts"}],"about":[{"href":"https:\/\/www.europesays.com\/fr\/wp-json\/wp\/v2\/types\/post"}],"author":[{"embeddable":true,"href":"https:\/\/www.europesays.com\/fr\/wp-json\/wp\/v2\/users\/2"}],"replies":[{"embeddable":true,"href":"https:\/\/www.europesays.com\/fr\/wp-json\/wp\/v2\/comments?post=564132"}],"version-history":[{"count":0,"href":"https:\/\/www.europesays.com\/fr\/wp-json\/wp\/v2\/posts\/564132\/revisions"}],"wp:featuredmedia":[{"embeddable":true,"href":"https:\/\/www.europesays.com\/fr\/wp-json\/wp\/v2\/media\/564133"}],"wp:attachment":[{"href":"https:\/\/www.europesays.com\/fr\/wp-json\/wp\/v2\/media?parent=564132"}],"wp:term":[{"taxonomy":"category","embeddable":true,"href":"https:\/\/www.europesays.com\/fr\/wp-json\/wp\/v2\/categories?post=564132"},{"taxonomy":"post_tag","embeddable":true,"href":"https:\/\/www.europesays.com\/fr\/wp-json\/wp\/v2\/tags?post=564132"}],"curies":[{"name":"wp","href":"https:\/\/api.w.org\/{rel}","templated":true}]}}