{"id":564134,"date":"2025-11-28T09:03:30","date_gmt":"2025-11-28T09:03:30","guid":{"rendered":"https:\/\/www.europesays.com\/fr\/564134\/"},"modified":"2025-11-28T09:03:30","modified_gmt":"2025-11-28T09:03:30","slug":"black-friday-un-appel-a-la-greve-a-la-fnac-de-nantes","status":"publish","type":"post","link":"https:\/\/www.europesays.com\/fr\/564134\/","title":{"rendered":"Black Friday\u00a0: un appel \u00e0 la gr\u00e8ve \u00e0 la Fnac de Nantes"},"content":{"rendered":"<p>\u00c0 l\u2019appel de la CGT et de Sud, un appel \u00e0 la gr\u00e8ve est pr\u00e9vu ce week-end du<a href=\"https:\/\/nantes.maville.com\/actu\/actudet_-pas-d-ouverture-dominicale-apres-le-black-friday-les-commercants-de-nantes-sont-furieux-_8-7035498_actu.Htm\" target=\"_blank\" rel=\"noopener\"> \u00ab Black Friday \u00bb<\/a> (28 et 29\u00a0novembre) dans toutes les Fnac de France dont celle de Nantes. Les deux syndicats r\u00e9clament en premier lieu \u00a0le retrait du projet privant les salari\u00e9s des augmentations de la convention collective de branche.\u00a0\u00a0<\/p>\n<p>Autre revendication\u00a0: une augmentation g\u00e9n\u00e9rale et imm\u00e9diate des salaires. Enfin, CGT et Sud demandent \u00a0des embauches imm\u00e9diates et p\u00e9rennes pour compenser la surcharge de travail.\u00a0<\/p>\n<p>\u00ab\u00a0Paup\u00e9risation des salari\u00e9s\u00a0\u00bb<\/p>\n<p>Et les syndicats de faire savoir que \u00ab cette politique de paup\u00e9risation des salari\u00e9s toujours moins nombreux, et la d\u00e9localisation des profits des magasins servent au groupe Fnac Darty \u00e0 continuer son expansion, via le rachat r\u00e9cent d\u2019Unieuro (le Darty italien) en 2024, apr\u00e8s les rachats de Darty et Nature &amp; D\u00e9couverte. \u00bb<\/p>\n<p>Le \u00ab Black Friday \u00bb est une op\u00e9ration commerciale en ligne qui s\u2019est d\u00e9velopp\u00e9e dans les magasins. Des promotions sont propos\u00e9es tout au long du week-end, \u00e0 partir du vendredi 28 novembre 2025.<\/p>\n<p>\u00a0<\/p>\n","protected":false},"excerpt":{"rendered":"\u00c0 l\u2019appel de la CGT et de Sud, un appel \u00e0 la gr\u00e8ve est pr\u00e9vu ce week-end du&hellip;\n","protected":false},"author":2,"featured_media":564135,"comment_status":"","ping_status":"","sticky":false,"template":"","format":"standard","meta":{"footnotes":""},"categories":[2818],"tags":[1111,11,7431,3623,1777,674,13553,1011,27,68005,6151,766,12,2636,25],"class_list":{"0":"post-564134","1":"post","2":"type-post","3":"status-publish","4":"format-standard","5":"has-post-thumbnail","7":"category-nantes","8":"tag-actu","9":"tag-actualites","10":"tag-appel","11":"tag-black","12":"tag-eu","13":"tag-europe","14":"tag-fnac","15":"tag-fr","16":"tag-france","17":"tag-friday","18":"tag-greve","19":"tag-nantes","20":"tag-news","21":"tag-pays-de-la-loire","22":"tag-republique-francaise"},"share_on_mastodon":{"url":"https:\/\/pubeurope.com\/@fr\/115626521767179080","error":""},"_links":{"self":[{"href":"https:\/\/www.europesays.com\/fr\/wp-json\/wp\/v2\/posts\/564134","targetHints":{"allow":["GET"]}}],"collection":[{"href":"https:\/\/www.europesays.com\/fr\/wp-json\/wp\/v2\/posts"}],"about":[{"href":"https:\/\/www.europesays.com\/fr\/wp-json\/wp\/v2\/types\/post"}],"author":[{"embeddable":true,"href":"https:\/\/www.europesays.com\/fr\/wp-json\/wp\/v2\/users\/2"}],"replies":[{"embeddable":true,"href":"https:\/\/www.europesays.com\/fr\/wp-json\/wp\/v2\/comments?post=564134"}],"version-history":[{"count":0,"href":"https:\/\/www.europesays.com\/fr\/wp-json\/wp\/v2\/posts\/564134\/revisions"}],"wp:featuredmedia":[{"embeddable":true,"href":"https:\/\/www.europesays.com\/fr\/wp-json\/wp\/v2\/media\/564135"}],"wp:attachment":[{"href":"https:\/\/www.europesays.com\/fr\/wp-json\/wp\/v2\/media?parent=564134"}],"wp:term":[{"taxonomy":"category","embeddable":true,"href":"https:\/\/www.europesays.com\/fr\/wp-json\/wp\/v2\/categories?post=564134"},{"taxonomy":"post_tag","embeddable":true,"href":"https:\/\/www.europesays.com\/fr\/wp-json\/wp\/v2\/tags?post=564134"}],"curies":[{"name":"wp","href":"https:\/\/api.w.org\/{rel}","templated":true}]}}