{"id":564137,"date":"2025-11-28T09:05:18","date_gmt":"2025-11-28T09:05:18","guid":{"rendered":"https:\/\/www.europesays.com\/fr\/564137\/"},"modified":"2025-11-28T09:05:18","modified_gmt":"2025-11-28T09:05:18","slug":"quand-un-ancien-college-devient-une-bibliotheque-durable-a-bordeaux","status":"publish","type":"post","link":"https:\/\/www.europesays.com\/fr\/564137\/","title":{"rendered":"Quand un ancien coll\u00e8ge devient une biblioth\u00e8que durable \u00e0 Bordeaux"},"content":{"rendered":"<p>En 2026, la nouvelle <a href=\"https:\/\/www.bordeaux.fr\/bibliotheque-la-bastide\" target=\"_blank\" rel=\"noreferrer noopener\">biblioth\u00e8que La Bastide<\/a> d\u00e9but 2026, t\u2019accueilleras par une vo\u00fbte surprenante, enti\u00e8rement fa\u00e7onn\u00e9e \u00e0 partir des anciennes portes jaunes du coll\u00e8ge Jacques-Ellul. C\u2019est le symbole le plus visible d\u2019un chantier qui a mis\u00e9 sur le r\u00e9emploi, bien au-del\u00e0 d\u2019un simple geste esth\u00e9tique.<\/p>\n<p style=\"font-size:16px\">\u00c0 la Benauge, sur la rive droite, la transformation de la partie sud de l\u2019ex-coll\u00e8ge touche \u00e0 sa fin, et l\u2019objectif municipal \u00e9tait clair : conserver un maximum d\u2019\u00e9l\u00e9ments existants. Plafonniers, \u00e9clairages, structures : ici, rien n\u2019a \u00e9t\u00e9 jet\u00e9 sans r\u00e9flexion.<\/p>\n<p style=\"font-size:16px\">D\u00e8s la fin janvier, avant une ouverture pr\u00e9vue d\u00e9but f\u00e9vrier, tu pourras d\u00e9couvrir un espace lumineux, ouvert sur une cour int\u00e9rieure, presque neuf, mais fa\u00e7onn\u00e9 avec une m\u00e9moire tangible. Deux salles t\u2019y attendront : la premi\u00e8re, baign\u00e9e de lumi\u00e8re, rassemblera l\u2019essentiel des 20 000 documents du fonds ; la seconde, tr\u00e8s vaste, sera enti\u00e8rement d\u00e9di\u00e9e \u00e0 la jeunesse.<\/p>\n<p><img fetchpriority=\"high\" decoding=\"async\" width=\"1024\" height=\"683\" src=\"https:\/\/www.europesays.com\/fr\/wp-content\/uploads\/2025\/11\/image-253-1024x683.png\" alt=\"\" class=\"wp-image-87013\"  \/>D\u00e8s fin janvier, tu d\u00e9couvriras un lieu lumineux, deux salles accueillantes et une m\u00e9moire pr\u00e9serv\u00e9e. \u00a9 Val\u00e9rie Daviet<\/p>\n<p style=\"font-size:16px\">La biblioth\u00e8que offrira aussi de nouveaux services : <strong>\u00e9coute musicale<\/strong>, <strong>visionnage de films<\/strong>, <strong>coins de d\u00e9tente<\/strong>, sans oublier l\u2019acc\u00e8s \u00e0 une cour o\u00f9 tu pourras <strong>lire ou boire un caf\u00e9 aux beaux jours<\/strong>. Mobilier neuf stock\u00e9 depuis des mois, salle pour groupes scolaires, espace de <strong>coworking partag\u00e9<\/strong> : le lieu s\u2019\u00e9largit par ses usages plus que par ses murs.<\/p>\n<p style=\"font-size:16px\">L\u2019ancienne biblioth\u00e8que fermera ses portes <strong>le 29 novembre<\/strong>, avant un d\u00e9m\u00e9nagement d\u2019environ deux mois. Son b\u00e2timent actuel sera ensuite d\u00e9moli pour laisser place \u00e0 des logements, dans le cadre du vaste programme de r\u00e9novation urbaine de la Benauge. Une page se tourne, mais \u00e0 <a href=\"https:\/\/www.bordeaux.fr\/bibliotheque-la-bastide\" target=\"_blank\" rel=\"noreferrer noopener\">La Bastide<\/a>, comme tu le verras, elle n\u2019est jamais tout \u00e0 fait effac\u00e9e.<\/p>\n<p style=\"font-size:16px\">\u00c0 lire aussi : <a href=\"https:\/\/www.bougerabordeaux.com\/actu\/nouvelle-aquitaine-la-region-experimente-les-premiers-trains-roulant-au-biogaz\/\" target=\"_blank\" rel=\"noreferrer noopener\">Nouvelle Aquitaine : la r\u00e9gion exp\u00e9rimente les premiers trains roulant au biogaz<\/a><\/p>\n","protected":false},"excerpt":{"rendered":"En 2026, la nouvelle biblioth\u00e8que La Bastide d\u00e9but 2026, t\u2019accueilleras par une vo\u00fbte surprenante, enti\u00e8rement fa\u00e7onn\u00e9e \u00e0 partir&hellip;\n","protected":false},"author":2,"featured_media":564138,"comment_status":"","ping_status":"","sticky":false,"template":"","format":"standard","meta":{"footnotes":""},"categories":[2817],"tags":[1111,11,1997,1777,674,1011,27,12,2219,25],"class_list":{"0":"post-564137","1":"post","2":"type-post","3":"status-publish","4":"format-standard","5":"has-post-thumbnail","7":"category-bordeaux","8":"tag-actu","9":"tag-actualites","10":"tag-bordeaux","11":"tag-eu","12":"tag-europe","13":"tag-fr","14":"tag-france","15":"tag-news","16":"tag-nouvelle-aquitaine","17":"tag-republique-francaise"},"share_on_mastodon":{"url":"https:\/\/pubeurope.com\/@fr\/115626529830060279","error":""},"_links":{"self":[{"href":"https:\/\/www.europesays.com\/fr\/wp-json\/wp\/v2\/posts\/564137","targetHints":{"allow":["GET"]}}],"collection":[{"href":"https:\/\/www.europesays.com\/fr\/wp-json\/wp\/v2\/posts"}],"about":[{"href":"https:\/\/www.europesays.com\/fr\/wp-json\/wp\/v2\/types\/post"}],"author":[{"embeddable":true,"href":"https:\/\/www.europesays.com\/fr\/wp-json\/wp\/v2\/users\/2"}],"replies":[{"embeddable":true,"href":"https:\/\/www.europesays.com\/fr\/wp-json\/wp\/v2\/comments?post=564137"}],"version-history":[{"count":0,"href":"https:\/\/www.europesays.com\/fr\/wp-json\/wp\/v2\/posts\/564137\/revisions"}],"wp:featuredmedia":[{"embeddable":true,"href":"https:\/\/www.europesays.com\/fr\/wp-json\/wp\/v2\/media\/564138"}],"wp:attachment":[{"href":"https:\/\/www.europesays.com\/fr\/wp-json\/wp\/v2\/media?parent=564137"}],"wp:term":[{"taxonomy":"category","embeddable":true,"href":"https:\/\/www.europesays.com\/fr\/wp-json\/wp\/v2\/categories?post=564137"},{"taxonomy":"post_tag","embeddable":true,"href":"https:\/\/www.europesays.com\/fr\/wp-json\/wp\/v2\/tags?post=564137"}],"curies":[{"name":"wp","href":"https:\/\/api.w.org\/{rel}","templated":true}]}}