{"id":564143,"date":"2025-11-28T09:08:12","date_gmt":"2025-11-28T09:08:12","guid":{"rendered":"https:\/\/www.europesays.com\/fr\/564143\/"},"modified":"2025-11-28T09:08:12","modified_gmt":"2025-11-28T09:08:12","slug":"les-olympiens-porteront-un-nouveau-maillot-dore-exclusif-contre-toulouse","status":"publish","type":"post","link":"https:\/\/www.europesays.com\/fr\/564143\/","title":{"rendered":"les Olympiens porteront un nouveau maillot dor\u00e9 exclusif contre Toulouse"},"content":{"rendered":"<p>D\u00e9j\u00e0 servis avec <a href=\"https:\/\/www.laprovence.com\/article\/om\/2760387778870614\/om-le-troisieme-maillot-des-olympiens-cette-saison-revele\" target=\"_blank\" rel=\"noopener\">trois tuniques<\/a>, les supporters de l&rsquo;OM pourront s&rsquo;offrir (pour No\u00ebl ou avant l&rsquo;heure) un quatri\u00e8me maillot que viennent de d\u00e9voiler le club et son \u00e9quipementier Puma.<\/p>\n<p>Par\u00e9 de dor\u00e9 et de bleu marine au col et aux manches, le maillot rappelle \u00e9videmment un classique de la saison 1998-99 mais se veut surtout une ode \u00e0 sa ville et son patrimoine avec un naming \u00e9vocateur : \u00ab\u00a0Marseille Monumentale\u00a0\u00bb.<\/p>\n<p>Des motifs des monuments incontournables ornent le maillot. On y retrouve la <a href=\"https:\/\/www.laprovence.com\/article\/region\/33755301278600\/la-statue-de-la-bonne-mere-brille-a-nouveau-les-echafaudages-otes-a-notre-dame-de-la-garde-a-marseille\" target=\"_blank\" rel=\"noopener\">Bonne-M\u00e8re<\/a>, \u00e9videmment, qui a aussi inspir\u00e9 la couleur du tricot, mais aussi l&rsquo;Ob\u00e9lisque, le palais du Pharo, les statues qui tr\u00f4nent devant le parc Longchamp, le ch\u00e2teau d&rsquo;If et bien d&rsquo;autres.<\/p>\n<p>Le maillot est une \u00e9dition limit\u00e9e qui sera disponible \u00e0 partir de ce samedi \u00e0 9h dans la boutique officielle du club et sur <a href=\"https:\/\/boutique.om.fr\/?srsltid=AfmBOooGoJ8mm8ENLKRE_w_9_lHxeP2dbGsULsYvwUXviPCL5r9k8gV7\" target=\"_blank\" rel=\"noopener\">son site internet<\/a>. Elle ne sera port\u00e9e qu&rsquo;une seule fois par les hommes de Roberto De Zerbi, le soir contre Toulouse (21h05) et les joueuses de Corinne Diacre le 5 d\u00e9cembre pour le Classique f\u00e9minin face au PSG.<\/p>\n","protected":false},"excerpt":{"rendered":"D\u00e9j\u00e0 servis avec trois tuniques, les supporters de l&rsquo;OM pourront s&rsquo;offrir (pour No\u00ebl ou avant l&rsquo;heure) un quatri\u00e8me&hellip;\n","protected":false},"author":2,"featured_media":564144,"comment_status":"","ping_status":"","sticky":false,"template":"","format":"standard","meta":{"footnotes":""},"categories":[2816],"tags":[17,1111,11,66947,1777,674,1011,27,151,10274,12,4565,2680,12072,149,68006,25,2312],"class_list":{"0":"post-564143","1":"post","2":"type-post","3":"status-publish","4":"format-standard","5":"has-post-thumbnail","7":"category-toulouse","8":"tag-17","9":"tag-actu","10":"tag-actualites","11":"tag-dore","12":"tag-eu","13":"tag-europe","14":"tag-fr","15":"tag-france","16":"tag-les","17":"tag-maillot","18":"tag-news","19":"tag-nouveau","20":"tag-occitanie","21":"tag-olympiens","22":"tag-om","23":"tag-porteront","24":"tag-republique-francaise","25":"tag-toulouse"},"share_on_mastodon":{"url":"https:\/\/pubeurope.com\/@fr\/115626541206611657","error":""},"_links":{"self":[{"href":"https:\/\/www.europesays.com\/fr\/wp-json\/wp\/v2\/posts\/564143","targetHints":{"allow":["GET"]}}],"collection":[{"href":"https:\/\/www.europesays.com\/fr\/wp-json\/wp\/v2\/posts"}],"about":[{"href":"https:\/\/www.europesays.com\/fr\/wp-json\/wp\/v2\/types\/post"}],"author":[{"embeddable":true,"href":"https:\/\/www.europesays.com\/fr\/wp-json\/wp\/v2\/users\/2"}],"replies":[{"embeddable":true,"href":"https:\/\/www.europesays.com\/fr\/wp-json\/wp\/v2\/comments?post=564143"}],"version-history":[{"count":0,"href":"https:\/\/www.europesays.com\/fr\/wp-json\/wp\/v2\/posts\/564143\/revisions"}],"wp:featuredmedia":[{"embeddable":true,"href":"https:\/\/www.europesays.com\/fr\/wp-json\/wp\/v2\/media\/564144"}],"wp:attachment":[{"href":"https:\/\/www.europesays.com\/fr\/wp-json\/wp\/v2\/media?parent=564143"}],"wp:term":[{"taxonomy":"category","embeddable":true,"href":"https:\/\/www.europesays.com\/fr\/wp-json\/wp\/v2\/categories?post=564143"},{"taxonomy":"post_tag","embeddable":true,"href":"https:\/\/www.europesays.com\/fr\/wp-json\/wp\/v2\/tags?post=564143"}],"curies":[{"name":"wp","href":"https:\/\/api.w.org\/{rel}","templated":true}]}}