{"id":564145,"date":"2025-11-28T09:10:19","date_gmt":"2025-11-28T09:10:19","guid":{"rendered":"https:\/\/www.europesays.com\/fr\/564145\/"},"modified":"2025-11-28T09:10:19","modified_gmt":"2025-11-28T09:10:19","slug":"deux-places-vip-a-gagner-pour-voir-lille-defier-lolympique-de-marseille","status":"publish","type":"post","link":"https:\/\/www.europesays.com\/fr\/564145\/","title":{"rendered":"Deux places VIP \u00e0 gagner pour voir Lille d\u00e9fier l\u2019Olympique de Marseille"},"content":{"rendered":"<p>    Deux places VIP \u00e0 gagner pour voir Lille d\u00e9fier l\u2019Olympique de Marseille &#8211; Nord Info  <\/p>\n<p class=\"d-print-block d-none\" style=\"text-align:center;\">https:\/\/info.lenord.fr\/deux-places-vip-a-gagner-pour-voir-lille-defier-l-olympique-de-marseille<\/p>\n<p>        <img decoding=\"async\" src=\"https:\/\/spontaneit1.fra1.digitaloceanspaces.com\/info-lenord\/images\/logos\/logo-nord-info.png\" style=\"width:190px;height:75px;display:inline-block;\" alt=\"\"\/><\/p>\n<p>          Fermer le menu<\/p>\n<p>          Fermer<\/p>\n<p>                                  <a href=\"https:\/\/info.lenord.fr\/info\" data-tabindex-mobile=\"1\" title=\"Aller \u00e0 l&#039;accueil du site Nord Info\" target=\"_blank\" rel=\"noopener\"><br \/>\n                    <img decoding=\"async\" src=\"https:\/\/info.lenord.fr\/img\/logos\/logo-nord-info.svg\" alt=\"Nord Info (retour \u00e0 la page d'accueil)\"\/><br \/>\n                  <\/a><\/p>\n<ul class=\"listBreadcrumbs\">\n<li>\n                      <a href=\"https:\/\/info.lenord.fr\/\" target=\"_blank\" rel=\"noopener\">Accueil<\/a><\/p>\n<\/li>\n<li>\n                      <a href=\"https:\/\/info.lenord.fr\/info\" target=\"_blank\" rel=\"noopener\">L&rsquo;info<\/a><\/p>\n<\/li>\n<li aria-current=\"page\">\n                      Deux places VIP \u00e0 gagner pour voir Lille d\u00e9fier l\u2019Olympique de Marseille\n                    <\/li>\n<\/ul>\n<p class=\"text-center fsXs\">\n<p>\t\t\t\t\t\t\tSport                              |              M\u00e9tropole<br \/>\n            <br \/>28 novembre 2025\n                      <\/p>\n<p class=\"font-weight-bold\">Vous r\u00eavez d&rsquo;assister au choc de Ligue 1 entre le LOSC et l\u2019OM le vendredi 5 d\u00e9cembre \u00e0 21 h ? Jouez avec le D\u00e9partement du Nord pour tenter de gagner un pack \u00ab\u00a0Money can&rsquo;t buy\u00a0\u00bb et deux places pour assister \u00e0 cette rencontre.<\/p>\n<p>\u00c0 l\u2019occasion de la rencontre de foot entre Lille et Marseille comptant pour la 15e journ\u00e9e du championnat de France, le D\u00e9partement vous offre la possibilit\u00e9 d\u2019assister au match dans des conditions exceptionnelles.<\/p>\n<ul>\n<li>Visite des espaces exclusifs du stade\u00a0: la salle de conf\u00e9rence de presse, la zone mixte, le passage dans le tunnel des joueurs et le bord pelouse.<\/li>\n<li>Suivi de l\u2019arriv\u00e9e des joueurs depuis un hall VIP.<\/li>\n<li>Suivi de l\u2019\u00e9chauffement en bord pelouse.<\/li>\n<li>Acc\u00e8s au salon VIP \u00ab\u00a0Comptoirs des Dogues\u00a0\u00bb en avant match et apr\u00e8s match.<\/li>\n<\/ul>\n<p>Pour jouer, il vous suffit de cliquer sur le lien ci-apr\u00e8s, et de vous laisser guider. Le tirage au sort aura lieu le lundi 1er d\u00e9cembre \u00e0 midi. Bonne chance \u00e0 tous !<\/p>\n<p class=\"text-secondary font-italic fontWeightMedium fsXs pb-2\">Cr\u00e9dits photo :<br \/>\n              Laurent Sanson\n            <\/p>\n","protected":false},"excerpt":{"rendered":"Deux places VIP \u00e0 gagner pour voir Lille d\u00e9fier l\u2019Olympique de Marseille &#8211; Nord Info https:\/\/info.lenord.fr\/deux-places-vip-a-gagner-pour-voir-lille-defier-l-olympique-de-marseille Fermer le&hellip;\n","protected":false},"author":2,"featured_media":564146,"comment_status":"","ping_status":"","sticky":false,"template":"","format":"standard","meta":{"footnotes":""},"categories":[2815],"tags":[1111,11,1777,674,1011,27,811,1307,12,25],"class_list":{"0":"post-564145","1":"post","2":"type-post","3":"status-publish","4":"format-standard","5":"has-post-thumbnail","7":"category-lille","8":"tag-actu","9":"tag-actualites","10":"tag-eu","11":"tag-europe","12":"tag-fr","13":"tag-france","14":"tag-hauts-de-france","15":"tag-lille","16":"tag-news","17":"tag-republique-francaise"},"share_on_mastodon":{"url":"https:\/\/pubeurope.com\/@fr\/115626550364321967","error":""},"_links":{"self":[{"href":"https:\/\/www.europesays.com\/fr\/wp-json\/wp\/v2\/posts\/564145","targetHints":{"allow":["GET"]}}],"collection":[{"href":"https:\/\/www.europesays.com\/fr\/wp-json\/wp\/v2\/posts"}],"about":[{"href":"https:\/\/www.europesays.com\/fr\/wp-json\/wp\/v2\/types\/post"}],"author":[{"embeddable":true,"href":"https:\/\/www.europesays.com\/fr\/wp-json\/wp\/v2\/users\/2"}],"replies":[{"embeddable":true,"href":"https:\/\/www.europesays.com\/fr\/wp-json\/wp\/v2\/comments?post=564145"}],"version-history":[{"count":0,"href":"https:\/\/www.europesays.com\/fr\/wp-json\/wp\/v2\/posts\/564145\/revisions"}],"wp:featuredmedia":[{"embeddable":true,"href":"https:\/\/www.europesays.com\/fr\/wp-json\/wp\/v2\/media\/564146"}],"wp:attachment":[{"href":"https:\/\/www.europesays.com\/fr\/wp-json\/wp\/v2\/media?parent=564145"}],"wp:term":[{"taxonomy":"category","embeddable":true,"href":"https:\/\/www.europesays.com\/fr\/wp-json\/wp\/v2\/categories?post=564145"},{"taxonomy":"post_tag","embeddable":true,"href":"https:\/\/www.europesays.com\/fr\/wp-json\/wp\/v2\/tags?post=564145"}],"curies":[{"name":"wp","href":"https:\/\/api.w.org\/{rel}","templated":true}]}}