{"id":564147,"date":"2025-11-28T09:11:12","date_gmt":"2025-11-28T09:11:12","guid":{"rendered":"https:\/\/www.europesays.com\/fr\/564147\/"},"modified":"2025-11-28T09:11:12","modified_gmt":"2025-11-28T09:11:12","slug":"adivina-art-de-vivre-aligne","status":"publish","type":"post","link":"https:\/\/www.europesays.com\/fr\/564147\/","title":{"rendered":"ADIVINA, Art de vivre align\u00e9"},"content":{"rendered":"<p>\tADIVINA, Art de vivre align\u00e9 &#8211; Toutma<\/p>\n<p>&#13;<br \/>\n&#13;<\/p>\n<p>&#13;<br \/>\n\t\t&#13;<\/p>\n<p>Nous utilisons des cookies pour vous garantir la meilleure exp\u00e9rience sur notre site web. Si vous continuez \u00e0 utiliser ce site, nous supposerons que vous en \u00eates satisfait.OK<\/p>\n<p>\t\t&#13;<\/p>\n","protected":false},"excerpt":{"rendered":"ADIVINA, Art de vivre align\u00e9 &#8211; Toutma &#13; &#13; &#13; &#13; Nous utilisons des cookies pour vous garantir&hellip;\n","protected":false},"author":2,"featured_media":564148,"comment_status":"","ping_status":"","sticky":false,"template":"","format":"standard","meta":{"footnotes":""},"categories":[2814],"tags":[1111,11,60439,68007,4397,1777,674,1011,27,68008,884,12,882,25,68009,68010],"class_list":{"0":"post-564147","1":"post","2":"type-post","3":"status-publish","4":"format-standard","5":"has-post-thumbnail","7":"category-marseille","8":"tag-actu","9":"tag-actualites","10":"tag-bonne-adresse-marseille","11":"tag-deco-cour-julien","12":"tag-decoration","13":"tag-eu","14":"tag-europe","15":"tag-fr","16":"tag-france","17":"tag-magasin-de-decoration","18":"tag-marseille","19":"tag-news","20":"tag-provence-alpes-cote-dazur","21":"tag-republique-francaise","22":"tag-shopping-deco","23":"tag-shopping-marseille"},"share_on_mastodon":{"url":"https:\/\/pubeurope.com\/@fr\/115626553548049498","error":""},"_links":{"self":[{"href":"https:\/\/www.europesays.com\/fr\/wp-json\/wp\/v2\/posts\/564147","targetHints":{"allow":["GET"]}}],"collection":[{"href":"https:\/\/www.europesays.com\/fr\/wp-json\/wp\/v2\/posts"}],"about":[{"href":"https:\/\/www.europesays.com\/fr\/wp-json\/wp\/v2\/types\/post"}],"author":[{"embeddable":true,"href":"https:\/\/www.europesays.com\/fr\/wp-json\/wp\/v2\/users\/2"}],"replies":[{"embeddable":true,"href":"https:\/\/www.europesays.com\/fr\/wp-json\/wp\/v2\/comments?post=564147"}],"version-history":[{"count":0,"href":"https:\/\/www.europesays.com\/fr\/wp-json\/wp\/v2\/posts\/564147\/revisions"}],"wp:featuredmedia":[{"embeddable":true,"href":"https:\/\/www.europesays.com\/fr\/wp-json\/wp\/v2\/media\/564148"}],"wp:attachment":[{"href":"https:\/\/www.europesays.com\/fr\/wp-json\/wp\/v2\/media?parent=564147"}],"wp:term":[{"taxonomy":"category","embeddable":true,"href":"https:\/\/www.europesays.com\/fr\/wp-json\/wp\/v2\/categories?post=564147"},{"taxonomy":"post_tag","embeddable":true,"href":"https:\/\/www.europesays.com\/fr\/wp-json\/wp\/v2\/tags?post=564147"}],"curies":[{"name":"wp","href":"https:\/\/api.w.org\/{rel}","templated":true}]}}