{"id":564150,"date":"2025-11-28T09:12:21","date_gmt":"2025-11-28T09:12:21","guid":{"rendered":"https:\/\/www.europesays.com\/fr\/564150\/"},"modified":"2025-11-28T09:12:21","modified_gmt":"2025-11-28T09:12:21","slug":"marseille-a-quelques-jours-dun-evenement-majeur-lom-devoile-un-maillot-inedit","status":"publish","type":"post","link":"https:\/\/www.europesays.com\/fr\/564150\/","title":{"rendered":"Marseille. \u00c0 quelques jours d&rsquo;un \u00e9v\u00e9nement majeur, l&rsquo;OM d\u00e9voile un maillot in\u00e9dit"},"content":{"rendered":"<p>                    Par<br \/>\n        <strong><br \/>\n            <a href=\"https:\/\/actu.fr\/auteur\/thibault-nadal-actu-fr\" title=\"Consulter tous les articles de Thibault Nadal\" target=\"_blank\" rel=\"noopener\">Thibault Nadal<\/a><br \/>\n                    <\/strong><\/p>\n<p>        Publi\u00e9 le<\/p>\n<p>            28 nov. 2025 \u00e0 10h00        <\/p>\n<p>Plus que huit jours \u00e0 attendre. <strong>Le 6\u00a0d\u00e9cembre<\/strong> prochain, les <a href=\"https:\/\/actu.fr\/marseille\/\" target=\"_blank\" rel=\"noopener\">Marseillais<\/a> vont (officiellement) retrouver celle qui veille sur eux. Apr\u00e8s <a href=\"https:\/\/actu.fr\/provence-alpes-cote-d-azur\/marseille_13055\/exclusif-marseille-on-vous-montre-le-gigantesque-chantier-de-notre-dame-de-la-garde_62541214.html\" target=\"_blank\" rel=\"noopener\">un chantier d\u2019envergure<\/a> qui a dur\u00e9 plusieurs mois, <a href=\"https:\/\/actu.fr\/tag\/notre-dame-de-la-garde\" target=\"_blank\" rel=\"noopener\">Notre-Dame de la Garde<\/a> va de nouveau accueillir son public.<\/p>\n<p class=\" wall-content\">Preuve de l\u2019importance de ce moment, <a href=\"https:\/\/actu.fr\/tag\/olympique-de-marseille-om\" target=\"_blank\" rel=\"noopener\">l\u2019Olympique de Marseille<\/a> a d\u00e9cid\u00e9 de sortir un maillot in\u00e9dit en rapport avec la \u00ab\u2009Bonne M\u00e8re\u2009\u00bb.<\/p>\n<p>Un maillot en hommage \u00e0 la Bonne-M\u00e8re<\/p>\n<p class=\" wall-content\">Dans un communiqu\u00e9, le club explique que la couleur dor\u00e9e du maillot \u00ab\u2009rend hommage \u00e0 la Bonne-M\u00e8re\u2009\u00bb, alors qu\u2019une partie du chantier a notamment permis de <a href=\"https:\/\/actu.fr\/provence-alpes-cote-d-azur\/marseille_13055\/video-a-marseille-la-bonne-mere-retrouve-sa-dorure-un-travail-meticuleux_63114863.html\" target=\"_blank\" rel=\"noopener\">redonner de la dorure \u00e0 la statue de la vierge<\/a>.<\/p>\n<p class=\" wall-content\">\u00ab\u2009Cette r\u00e9f\u00e9rence s\u2019inscrit \u00e9galement dans la continuit\u00e9 de l\u2019engagement de l\u2019Olympique de Marseille, qui <strong>contribue en tant que m\u00e9c\u00e8ne \u00e0 la restauration<\/strong> de ce haut-lieu du patrimoine de la ville\u2009\u00bb, rappelle l\u2019OM.<\/p>\n<p class=\" wall-content\">\n<p class=\" wall-content\">Sur ce maillot, outre la r\u00e9f\u00e9rence \u00e0 Notre-Dame de la Garde, le club phoc\u00e9en a choisi de <strong>rendre hommage \u00e0 Marseille avec plusieurs lieux \u00e0 la ville<\/strong>\u2009: Corniche, Vieux-Port ou Ch\u00e2teau d\u2019If.<\/p>\n<p>En \u00e9dition limit\u00e9e<\/p>\n<p class=\" wall-content\">Outre cette tenue dor\u00e9e, l\u2019OM a choisi de ne pas oublier ces gardiens avec <strong>un maillot bleu ciel<\/strong>. Sur <a href=\"https:\/\/actu.fr\/tag\/reseaux-sociaux\" target=\"_blank\" rel=\"noopener\">les r\u00e9seaux sociaux<\/a>, les premi\u00e8res r\u00e9actions sont unanimes. \u00ab\u2009Il est beaucoup trop beau\u2009\u00bb. \u00ab\u2009Rien \u00e0 dire, il est parfait\u2009\u00bb, \u00e9crivent les internautes.<\/p>\n<p class=\" wall-content\">Les deux maillots seront port\u00e9s ce samedi 29\u00a0novembre lors de la r\u00e9ception de Toulouse au stade V\u00e9lodrome.<\/p>\n<p>Votre r\u00e9gion, votre actu !<\/p>\n<p>Recevez chaque jour les infos qui comptent pour vous.<\/p>\n<p>\t<a href=\"https:\/\/actu.fr\/newsletter\" class=\"ac-btn ac-btn--corner ac-btn--medium ac-btn--blue800\" target=\"_blank\" rel=\"noopener\">S&rsquo;incrire<\/a><\/p>\n<p class=\" wall-content\">Pour se les procurer, il faudra \u00eatre vif, puisque le club indique qu\u2019il s\u2019agit d\u2019une \u00ab\u2009\u00e9dition limit\u00e9e\u2009\u00bb. Ils seront <strong>disponibles d\u00e8s ce samedi 9h<\/strong>, dans les boutiques physiques et en ligne.<\/p>\n<p class=\" wall-content\">Personnalisez votre actualit\u00e9 en ajoutant vos villes et m\u00e9dias en favori avec <a href=\"https:\/\/moncompte.actu.fr\" title=\"D\u00e9couvez Mon Actu\" rel=\"nofollow noopener\" data-trk=\"{&quot;cta&quot;:{&quot;action&quot;:&quot;https:\\\/\\\/moncompte.actu.fr&quot;,&quot;category&quot;:&quot;mon compte&quot;,&quot;from&quot;:&quot;article footer&quot;,&quot;name&quot;:&quot;Mon actu&quot;,&quot;type&quot;:&quot;cta&quot;}}\" target=\"_blank\">Mon Actu<\/a>.<\/p>\n","protected":false},"excerpt":{"rendered":"Par Thibault Nadal Publi\u00e9 le 28 nov. 2025 \u00e0 10h00 Plus que huit jours \u00e0 attendre. Le 6\u00a0d\u00e9cembre&hellip;\n","protected":false},"author":2,"featured_media":564151,"comment_status":"","ping_status":"","sticky":false,"template":"","format":"standard","meta":{"footnotes":""},"categories":[2814],"tags":[1111,11,1777,674,63,1011,27,884,12,1177,2333,882,25,60],"class_list":{"0":"post-564150","1":"post","2":"type-post","3":"status-publish","4":"format-standard","5":"has-post-thumbnail","7":"category-marseille","8":"tag-actu","9":"tag-actualites","10":"tag-eu","11":"tag-europe","12":"tag-football","13":"tag-fr","14":"tag-france","15":"tag-marseille","16":"tag-news","17":"tag-notre-dame-de-la-garde","18":"tag-olympique-de-marseille-om","19":"tag-provence-alpes-cote-dazur","20":"tag-republique-francaise","21":"tag-sports"},"share_on_mastodon":{"url":"https:\/\/pubeurope.com\/@fr\/115626557184587351","error":""},"_links":{"self":[{"href":"https:\/\/www.europesays.com\/fr\/wp-json\/wp\/v2\/posts\/564150","targetHints":{"allow":["GET"]}}],"collection":[{"href":"https:\/\/www.europesays.com\/fr\/wp-json\/wp\/v2\/posts"}],"about":[{"href":"https:\/\/www.europesays.com\/fr\/wp-json\/wp\/v2\/types\/post"}],"author":[{"embeddable":true,"href":"https:\/\/www.europesays.com\/fr\/wp-json\/wp\/v2\/users\/2"}],"replies":[{"embeddable":true,"href":"https:\/\/www.europesays.com\/fr\/wp-json\/wp\/v2\/comments?post=564150"}],"version-history":[{"count":0,"href":"https:\/\/www.europesays.com\/fr\/wp-json\/wp\/v2\/posts\/564150\/revisions"}],"wp:featuredmedia":[{"embeddable":true,"href":"https:\/\/www.europesays.com\/fr\/wp-json\/wp\/v2\/media\/564151"}],"wp:attachment":[{"href":"https:\/\/www.europesays.com\/fr\/wp-json\/wp\/v2\/media?parent=564150"}],"wp:term":[{"taxonomy":"category","embeddable":true,"href":"https:\/\/www.europesays.com\/fr\/wp-json\/wp\/v2\/categories?post=564150"},{"taxonomy":"post_tag","embeddable":true,"href":"https:\/\/www.europesays.com\/fr\/wp-json\/wp\/v2\/tags?post=564150"}],"curies":[{"name":"wp","href":"https:\/\/api.w.org\/{rel}","templated":true}]}}