{"id":564158,"date":"2025-11-28T09:20:16","date_gmt":"2025-11-28T09:20:16","guid":{"rendered":"https:\/\/www.europesays.com\/fr\/564158\/"},"modified":"2025-11-28T09:20:16","modified_gmt":"2025-11-28T09:20:16","slug":"le-nombre-de-loups-en-france-estime-a-1-082-en-2025-un-chiffre-relativement-stable","status":"publish","type":"post","link":"https:\/\/www.europesays.com\/fr\/564158\/","title":{"rendered":"Le nombre de loups en France estim\u00e9 \u00e0 1\u00a0082\u00a0en\u00a02025, un chiffre\u00a0relativement stable"},"content":{"rendered":"<p>                      <img loading=\"lazy\" decoding=\"async\" src=\"https:\/\/www.europesays.com\/fr\/wp-content\/uploads\/2025\/11\/294bc17_upload-1-p2pzrtjjvi5q-000-33894gq.jpg\" alt=\"Un loup photographi\u00e9 par un pi\u00e8ge photographique, \u00e0 Saint-Ch\u00e9ly-d\u2019Aubrac (Aveyron), le 8\u00a0juillet 2022.\"   width=\"664\" height=\"443\"\/>    Un loup photographi\u00e9 par un pi\u00e8ge photographique, \u00e0 Saint-Ch\u00e9ly-d\u2019Aubrac (Aveyron), le 8\u00a0juillet 2022.  OFFICE FRAN\u00c7AIS DE LA BIODIVERSIT\u00c9\/AFP                        <\/p>\n<p class=\"article__paragraph  \">Le nombre de loups est rest\u00e9 relativement stable en France en\u00a02025, avec une population estim\u00e9e \u00e0 1\u00a0082, soit 69 de plus en un an, selon l\u2019\u00e9tude annuelle de l\u2019Office fran\u00e7ais de la biodiversit\u00e9 (OFB) cit\u00e9e vendredi 28\u00a0novembre par la pr\u00e9fecture d\u2019Auvergne-Rh\u00f4ne-Alpes.<\/p>\n<p class=\"article__paragraph  \">Ce chiffre est particuli\u00e8rement attendu chaque ann\u00e9e sur un sujet incandescent, pour les syndicats d\u2019\u00e9leveurs de montagne notamment, qui r\u00e9clament inlassablement une augmentation du quota d\u2019abattage annuel autoris\u00e9 par l\u2019Etat, actuellement de 19\u00a0% de la population estim\u00e9e, en raison selon eux d\u2019une multiplication des attaques de troupeaux.<\/p>\n<p class=\"article__paragraph  \">La population des loups \u00ab\u00a0s\u2019\u00e9tablit d\u00e9sormais, avec un intervalle de confiance \u00e0 95\u00a0%, entre 989 et 1\u00a0187 individus, pour un effectif moyen estim\u00e9 \u00e0 1\u00a0082 loups\u00a0\u00bb, \u00e9crit dans un communiqu\u00e9 la pr\u00e9fecture de la r\u00e9gion AuRA, r\u00e9f\u00e9rente pour l\u2019Etat sur le sujet. Cette estimation de l\u2019OFB, \u00ab\u00a0bien que l\u00e9g\u00e8rement sup\u00e9rieure \u00e0 celle de 2024 (1\u00a0013 loups), confirme la tendance \u00e0 la stabilisation des effectifs constat\u00e9e ces derni\u00e8res ann\u00e9es\u00a0\u00bb, ajoute-t-elle.<\/p>\n<p class=\"article__paragraph  \">En\u00a02026, l\u2019Etat va inaugurer un assouplissement de sa politique de r\u00e9gulation de la population lupine en permettant aux \u00e9leveurs de tuer ces animaux sans son autorisation pr\u00e9alable, obligatoire jusqu\u2019alors, mais toujours uniquement en cas d\u2019attaque de leurs troupeaux.<\/p>\n<p class=\"article__paragraph  \">Mais cette annonce, fin septembre dernier, n\u2019avait pas apais\u00e9 la col\u00e8re des \u00e9leveurs qui protestent contre le maintien du quota de 19\u00a0%. D\u00e9non\u00e7ant un \u00ab\u00a0renoncement inacceptable\u00a0\u00bb, les syndicats Jeunes agriculteurs et FNSEA ont critiqu\u00e9 dans un communiqu\u00e9 jeudi \u00ab\u00a0un texte creux\u00a0\u00bb du gouvernement qui \u00ab\u00a0ne garantit pas une protection effective des troupeaux\u00a0\u00bb.<\/p>\n<p>                                     Lire aussi |  Article r\u00e9serv\u00e9 \u00e0 nos abonn\u00e9s  <a href=\"https:\/\/www.lemonde.fr\/planete\/article\/2025\/09\/23\/la-france-prevoit-d-autoriser-tous-les-eleveurs-a-tuer-des-loups-pour-defendre-leur-troupeau_6642618_3244.html\" class=\"js-article-read-also catcher--favoris__link\" data-premium=\"1\" id=\"article-title-3439034\" target=\"_blank\" rel=\"noopener\">La France pr\u00e9voit d\u2019autoriser tous les \u00e9leveurs \u00e0 tuer des loups pour d\u00e9fendre leur troupeau<\/a>    <\/p>\n<p>   Lire plus tard  <\/p>\n<p class=\"author__detail\">  Le Monde avec AFP  <\/p>\n<p>                <a href=\"https:\/\/www.lemonde.fr\/syndication\/\" class=\"reuse__content\" title=\"R\u00e9utiliser ce contenu\" target=\"_blank\" rel=\"noopener\">R\u00e9utiliser ce contenu<\/a>      <\/p>\n","protected":false},"excerpt":{"rendered":"Un loup photographi\u00e9 par un pi\u00e8ge photographique, \u00e0 Saint-Ch\u00e9ly-d\u2019Aubrac (Aveyron), le 8\u00a0juillet 2022. OFFICE FRAN\u00c7AIS DE LA BIODIVERSIT\u00c9\/AFP&hellip;\n","protected":false},"author":2,"featured_media":564159,"comment_status":"","ping_status":"","sticky":false,"template":"","format":"standard","meta":{"footnotes":""},"categories":[1888],"tags":[1111,1928,11,1927,1777,674,1011,27,12,1926,626,1925,25],"class_list":{"0":"post-564158","1":"post","2":"type-post","3":"status-publish","4":"format-standard","5":"has-post-thumbnail","7":"category-paris","8":"tag-actu","9":"tag-actu-paris","10":"tag-actualites","11":"tag-actualites-paris","12":"tag-eu","13":"tag-europe","14":"tag-fr","15":"tag-france","16":"tag-news","17":"tag-news-paris","18":"tag-paris","19":"tag-paris-news","20":"tag-republique-francaise"},"share_on_mastodon":{"url":"https:\/\/pubeurope.com\/@fr\/115626588980784138","error":""},"_links":{"self":[{"href":"https:\/\/www.europesays.com\/fr\/wp-json\/wp\/v2\/posts\/564158","targetHints":{"allow":["GET"]}}],"collection":[{"href":"https:\/\/www.europesays.com\/fr\/wp-json\/wp\/v2\/posts"}],"about":[{"href":"https:\/\/www.europesays.com\/fr\/wp-json\/wp\/v2\/types\/post"}],"author":[{"embeddable":true,"href":"https:\/\/www.europesays.com\/fr\/wp-json\/wp\/v2\/users\/2"}],"replies":[{"embeddable":true,"href":"https:\/\/www.europesays.com\/fr\/wp-json\/wp\/v2\/comments?post=564158"}],"version-history":[{"count":0,"href":"https:\/\/www.europesays.com\/fr\/wp-json\/wp\/v2\/posts\/564158\/revisions"}],"wp:featuredmedia":[{"embeddable":true,"href":"https:\/\/www.europesays.com\/fr\/wp-json\/wp\/v2\/media\/564159"}],"wp:attachment":[{"href":"https:\/\/www.europesays.com\/fr\/wp-json\/wp\/v2\/media?parent=564158"}],"wp:term":[{"taxonomy":"category","embeddable":true,"href":"https:\/\/www.europesays.com\/fr\/wp-json\/wp\/v2\/categories?post=564158"},{"taxonomy":"post_tag","embeddable":true,"href":"https:\/\/www.europesays.com\/fr\/wp-json\/wp\/v2\/tags?post=564158"}],"curies":[{"name":"wp","href":"https:\/\/api.w.org\/{rel}","templated":true}]}}