{"id":564160,"date":"2025-11-28T09:21:21","date_gmt":"2025-11-28T09:21:21","guid":{"rendered":"https:\/\/www.europesays.com\/fr\/564160\/"},"modified":"2025-11-28T09:21:21","modified_gmt":"2025-11-28T09:21:21","slug":"guns-nroses-en-concert-les-1-et-3-juillet-a-paris-a-laccor-arena-cest-le-moment-de-reserver-son-billet","status":"publish","type":"post","link":"https:\/\/www.europesays.com\/fr\/564160\/","title":{"rendered":"Guns N&rsquo;Roses en concert les 1 et 3 juillet \u00e0 Paris \u00e0 l&rsquo;Accor Arena ! C&rsquo;est le moment de r\u00e9server son billet"},"content":{"rendered":"<p>                                <a href=\"https:\/\/www.infoconcert.com\/artiste\/guns-nroses-35208\/concerts.html\" target=\"_blank\" rel=\"noopener\"><img decoding=\"async\" style=\"max-width: 100%;\" src=\"https:\/\/www.europesays.com\/fr\/wp-content\/uploads\/2025\/11\/guns-n-roses_tour2026_concerts-paris-accor-arena_visunews1125.jpg\" alt=\"\"\/><\/a><\/p>\n<p>Pilier du hard-rock am\u00e9rician, les <strong>Guns N&rsquo;Rose<\/strong>s annoncent qu&rsquo;ils seront <strong>en concert \u00e0 Paris \u00e0 l&rsquo;Accor Arena deux soirs durant : les 1 et 3 juillet 2026<\/strong>. De retour aux affaires, Guns N&rsquo;Roses s&rsquo;appr\u00eate \u00e9galement \u00e0 sortir deux nouveaux titres et \u00e0 donner des concerts partout dans le monde entier, l&rsquo;ann\u00e9e prochaine.\u00a0<br \/><strong><br \/><a href=\"https:\/\/www.infoconcert.com\/artiste\/guns-nroses-35208\/concerts.html\" target=\"_blank\" rel=\"noopener\">Guns N&rsquo;Roses en concert \u00e0 l&rsquo;Accor Arena : infos &amp; r\u00e9servation<\/a><\/strong><a href=\"https:\/\/www.infoconcert.com\/artiste\/guns-nroses-35208\/concerts.html\" target=\"_blank\" rel=\"noopener\"><br \/><\/a>Mise en vente des billets le vendredi 28\/11 \u00e0 9h00<\/p>\n<p>Pour appuyer l&rsquo;annonce de cette nouvelle tourn\u00e9e, Axl Rose, Slash,\u00a0Duff McKagan &amp; Co pr\u00e9voit la sortie le 2 d\u00e9cembre de deux nouveaux titres &#8211;\u00a0Nothin et Atlas &#8211;\u00a0qui viendront compl\u00e9ter une setlist o\u00f9 figureront aussi de nombreux classiques comme\u00a0Sweet Child O&rsquo; Mine ou Knockin&rsquo; On Heaven&rsquo;s Door.<\/p>\n<p><strong><br \/><\/strong>\n<\/p>\n<p><strong>Axl Roses, Slash, Duff McKagan&#8230; Que des h\u00e9ros du rock chez Guns N&rsquo;Roses !\u00a0<\/strong><br \/>\nForm\u00e9 en 1985, Guns N&rsquo; Roses a subi quelques turbulences dans son histoire jusqu&rsquo;\u00e0 d\u00e9cliner \u00e0 la fin des ann\u00e9es 90 et au d\u00e9but des ann\u00e9es 2000. A ce moment l\u00e0 seul Axl Roses tient la barre.<br \/>Il faudra attendre 2016 pour voir le retour du guitariste Slash et du bassiste Duff McKagan. Guns N&rsquo; Roses entame alors une tourn\u00e9e qui les verra donner 175 concerts \u00e0 travers le monde jusqu&rsquo;en 2019. Not in This Lifetime&#8230; Tour sera une des tourn\u00e9e les plus rentables que l&rsquo;on ait jamais vue.<br \/>La derni\u00e8re fois que l&rsquo;on a vu Guns N&rsquo;Roses en concert en France, c&rsquo;\u00e9tait le 13 juillet 2023 \u00e0 la Paris La D\u00e9fense Arena. En 2026. Il devrait y avoir autant de monde lors des deux concerts pr\u00e9vus \u00e0 Bercy : 20 000\u00a0 spectateurs chaque soir pour vibrer sur les tubes du groupe comme Sweet Child O&rsquo; Mine, Welcome To The Jungle ou November Rain.\u00a0<\/p>\n<p>(A noter en premi\u00e8re partie de la tourn\u00e9e europ\u00e9enne le groupe de\u00a0Wolfgang Van Halen, Mammoth)\u00a0<\/p><\/p>\n","protected":false},"excerpt":{"rendered":"Pilier du hard-rock am\u00e9rician, les Guns N&rsquo;Roses annoncent qu&rsquo;ils seront en concert \u00e0 Paris \u00e0 l&rsquo;Accor Arena deux&hellip;\n","protected":false},"author":2,"featured_media":555784,"comment_status":"","ping_status":"","sticky":false,"template":"","format":"standard","meta":{"footnotes":""},"categories":[1888],"tags":[1111,1928,11,1927,1777,674,1011,27,12,1926,626,1925,25],"class_list":{"0":"post-564160","1":"post","2":"type-post","3":"status-publish","4":"format-standard","5":"has-post-thumbnail","7":"category-paris","8":"tag-actu","9":"tag-actu-paris","10":"tag-actualites","11":"tag-actualites-paris","12":"tag-eu","13":"tag-europe","14":"tag-fr","15":"tag-france","16":"tag-news","17":"tag-news-paris","18":"tag-paris","19":"tag-paris-news","20":"tag-republique-francaise"},"share_on_mastodon":{"url":"https:\/\/pubeurope.com\/@fr\/115626594647817718","error":""},"_links":{"self":[{"href":"https:\/\/www.europesays.com\/fr\/wp-json\/wp\/v2\/posts\/564160","targetHints":{"allow":["GET"]}}],"collection":[{"href":"https:\/\/www.europesays.com\/fr\/wp-json\/wp\/v2\/posts"}],"about":[{"href":"https:\/\/www.europesays.com\/fr\/wp-json\/wp\/v2\/types\/post"}],"author":[{"embeddable":true,"href":"https:\/\/www.europesays.com\/fr\/wp-json\/wp\/v2\/users\/2"}],"replies":[{"embeddable":true,"href":"https:\/\/www.europesays.com\/fr\/wp-json\/wp\/v2\/comments?post=564160"}],"version-history":[{"count":0,"href":"https:\/\/www.europesays.com\/fr\/wp-json\/wp\/v2\/posts\/564160\/revisions"}],"wp:featuredmedia":[{"embeddable":true,"href":"https:\/\/www.europesays.com\/fr\/wp-json\/wp\/v2\/media\/555784"}],"wp:attachment":[{"href":"https:\/\/www.europesays.com\/fr\/wp-json\/wp\/v2\/media?parent=564160"}],"wp:term":[{"taxonomy":"category","embeddable":true,"href":"https:\/\/www.europesays.com\/fr\/wp-json\/wp\/v2\/categories?post=564160"},{"taxonomy":"post_tag","embeddable":true,"href":"https:\/\/www.europesays.com\/fr\/wp-json\/wp\/v2\/tags?post=564160"}],"curies":[{"name":"wp","href":"https:\/\/api.w.org\/{rel}","templated":true}]}}