{"id":564167,"date":"2025-11-28T09:25:12","date_gmt":"2025-11-28T09:25:12","guid":{"rendered":"https:\/\/www.europesays.com\/fr\/564167\/"},"modified":"2025-11-28T09:25:12","modified_gmt":"2025-11-28T09:25:12","slug":"la-russie-cessera-les-hostilites-si-kiev-se-retire-des-territoires-revendiques-par-moscou-affirme-poutine","status":"publish","type":"post","link":"https:\/\/www.europesays.com\/fr\/564167\/","title":{"rendered":"la Russie \u00ab\u00a0cessera les hostilit\u00e9s\u00a0\u00bb si Kiev se retire des territoires revendiqu\u00e9s par Moscou, affirme Poutine"},"content":{"rendered":"<p class=\"upper-letter\">Alors que les pourparlers visant \u00e0 obtenir la paix en Ukraine s\u2019acc\u00e9l\u00e8rent ces derniers jours, Vladimir Poutine pose ses conditions. Le pr\u00e9sident russe a en effet d\u00e9clar\u00e9 jeudi que son pays mettrait un terme aux combats en cas de retrait par les forces de Kiev des territoires dont Moscou revendique l\u2019annexion. \u00ab\u00a0Si les troupes ukrainiennes quittent les territoires occup\u00e9s (par l\u2019Ukraine selon lui, ndlr), nous cesserons les hostilit\u00e9s\u00a0\u00bb, a ainsi affirm\u00e9 Vladimir Poutine lors d\u2019une conf\u00e9rence de presse \u00e0 Bichkek, au Kirghizstan. \u00ab\u00a0Si elles ne partent pas, nous les chasserons par la force militaire\u00a0\u00bb, a-t-il toutefois averti.<\/p>\n<p>Le pr\u00e9sident russe n\u2019a pas pr\u00e9cis\u00e9 s\u2019il parlait uniquement des r\u00e9gions de Donetsk et de Lougansk, dans l\u2019est de l\u2019Ukraine, vues comme cibles prioritaires par le Kremlin, ou \u00e9galement de celles de Kherson et Zaporijjia dans le sud. La Russie avait revendiqu\u00e9 en septembre 2022 l\u2019annexion de ces quatre territoires qu\u2019elle ne contr\u00f4le pas enti\u00e8rement. La pr\u00e9sidence ukrainienne a de son c\u00f4t\u00e9 formellement exclu tout renoncement \u00e0 des territoires, affirmant que le seul sujet r\u00e9aliste \u00e9tait un cessez-le-feu sur la ligne de front.<\/p>\n<p>Ces d\u00e9clarations de Vladimir Poutine interviennent alors que les Etats-Unis ont pr\u00e9sent\u00e9 la semaine derni\u00e8re un plan visant \u00e0 mettre fin \u00e0 la guerre, lanc\u00e9e en 2022, qui a \u00e9t\u00e9 per\u00e7u comme largement favorable aux demandes du Kremlin. Ce texte a \u00e9t\u00e9 amend\u00e9 le week-end dernier apr\u00e8s des consultations avec les Ukrainiens, soutenus par les Europ\u00e9ens, et doit d\u00e9sormais \u00eatre pr\u00e9sent\u00e9 \u00e0 Moscou. La cession par l\u2019Ukraine \u00e0 la Russie des r\u00e9gions de Donetsk et de Lougansk figurait dans le plan originel en 28 points de Washington.<\/p>\n<p>Cette nouvelle mouture n\u2019a pas \u00e9t\u00e9 d\u00e9voil\u00e9e, mais elle ne contient plus de conditions maximalistes et n\u2019offre pas de solution concernant les territoires occup\u00e9s par la Russie, selon des sources interrog\u00e9es \u00e0 Kiev par l\u2019AFP. L\u2019\u00e9missaire am\u00e9ricain Steve Witkoff est attendu la semaine prochaine \u00e0 Moscou pour \u00e9voquer ce plan am\u00e9ricain avec les responsables russes.<\/p>\n<p>Le chef de cabinet du pr\u00e9sident ukrainien, Andri\u00ef Iermak, a exclu tout retrait ukrainien, dans une interview au m\u00e9dia am\u00e9ricain <a href=\"https:\/\/www.theatlantic.com\/national-security\/2025\/11\/ukraine-zelensky-russia-trump-peace-land-red-line\/685090\/\" target=\"_blank\" rel=\"noopener\">The Atlantic<\/a> publi\u00e9e jeudi. \u00ab\u00a0Tant que Zelensky est pr\u00e9sident, que personne n\u2019esp\u00e8re que nous renoncerons \u00e0 des territoires. Il ne renoncera \u00e0 aucun territoire\u00a0\u00bb, a dit ce proche de Volodymyr Zelensky.<\/p>\n<p>\u00ab\u00a0Tout ce dont nous pouvons parler de mani\u00e8re r\u00e9aliste aujourd\u2019hui, c\u2019est de d\u00e9finir la ligne de contact\u00a0\u00bb entre les deux arm\u00e9es, a ajout\u00e9 Andri\u00ef Iermak. Il a par ailleurs annonc\u00e9 sur Telegram que le \u00ab\u00a0travail conjoint des d\u00e9l\u00e9gations ukrainienne et am\u00e9ricaine\u00a0\u00bb sur le plan se poursuivrait \u00ab\u00a0\u00e0 la fin de cette semaine\u00a0\u00bb.<\/p>\n<p>Vladimir Poutine a r\u00e9p\u00e9t\u00e9 jeudi que le plan am\u00e9ricain pouvait \u00ab\u00a0servir de base \u00e0 de futurs accords\u00a0\u00bb entre Moscou et Kiev. Selon lui, l\u2019un des \u00ab\u00a0points cl\u00e9s\u00a0\u00bb des n\u00e9gociations avec Washington sera la reconnaissance du Donbass &#8211; les r\u00e9gions de Donetsk et Lougansk &#8211; et de la Crim\u00e9e, annex\u00e9e en 2014, comme territoires russes. \u00ab\u00a0Nous avons besoin d\u2019une reconnaissance (internationale), mais pas de la part de l\u2019Ukraine\u00a0\u00bb, a-t-il ajout\u00e9.<\/p>\n<p>Le pr\u00e9sident russe a aussi r\u00e9p\u00e9t\u00e9 que son pays n\u2019avait aucune intention d\u2019attaquer l\u2019Union europ\u00e9enne, mais a menac\u00e9 de \u00ab\u00a0mesures de r\u00e9torsion\u00a0\u00bb \u00e9conomiques en cas de saisie en Europe des avoirs russes gel\u00e9s.<\/p>\n<p>Le ministre italien de la D\u00e9fense, Guido Crosetto, a estim\u00e9 jeudi que les intentions r\u00e9elles du pr\u00e9sident russe dans ces n\u00e9gociations seraient vite claires. \u00ab\u00a0Nous verrons dans les semaines \u00e0 venir\u00a0\u2013\u00a0cela ne prendra pas longtemps pour comprendre\u00a0\u2013\u00a0si Poutine a une r\u00e9elle intention\u00a0\u00bb de faire la paix, a-t-il dit. \u00ab\u00a0Nous esp\u00e9rons que cette fois, la Russie voudra vraiment s\u2019asseoir \u00e0 la table et n\u00e9gocier. Je ne suis pas optimiste\u00a0\u00bb, a-t-il ajout\u00e9, notant que la Russie recrutait encore des troupes et augmentait ses investissements militaires.<\/p>\n","protected":false},"excerpt":{"rendered":"Alors que les pourparlers visant \u00e0 obtenir la paix en Ukraine s\u2019acc\u00e9l\u00e8rent ces derniers jours, Vladimir Poutine pose&hellip;\n","protected":false},"author":2,"featured_media":564168,"comment_status":"","ping_status":"","sticky":false,"template":"","format":"standard","meta":{"footnotes":""},"categories":[1590],"tags":[11,1777,674,12,132,220,135,134],"class_list":{"0":"post-564167","1":"post","2":"type-post","3":"status-publish","4":"format-standard","5":"has-post-thumbnail","7":"category-ukraine","8":"tag-actualites","9":"tag-eu","10":"tag-europe","11":"tag-news","12":"tag-russie","13":"tag-ukraine","14":"tag-vladimir-poutine","15":"tag-volodymyr-zelensky"},"share_on_mastodon":{"url":"https:\/\/pubeurope.com\/@fr\/115626608669075218","error":""},"_links":{"self":[{"href":"https:\/\/www.europesays.com\/fr\/wp-json\/wp\/v2\/posts\/564167","targetHints":{"allow":["GET"]}}],"collection":[{"href":"https:\/\/www.europesays.com\/fr\/wp-json\/wp\/v2\/posts"}],"about":[{"href":"https:\/\/www.europesays.com\/fr\/wp-json\/wp\/v2\/types\/post"}],"author":[{"embeddable":true,"href":"https:\/\/www.europesays.com\/fr\/wp-json\/wp\/v2\/users\/2"}],"replies":[{"embeddable":true,"href":"https:\/\/www.europesays.com\/fr\/wp-json\/wp\/v2\/comments?post=564167"}],"version-history":[{"count":0,"href":"https:\/\/www.europesays.com\/fr\/wp-json\/wp\/v2\/posts\/564167\/revisions"}],"wp:featuredmedia":[{"embeddable":true,"href":"https:\/\/www.europesays.com\/fr\/wp-json\/wp\/v2\/media\/564168"}],"wp:attachment":[{"href":"https:\/\/www.europesays.com\/fr\/wp-json\/wp\/v2\/media?parent=564167"}],"wp:term":[{"taxonomy":"category","embeddable":true,"href":"https:\/\/www.europesays.com\/fr\/wp-json\/wp\/v2\/categories?post=564167"},{"taxonomy":"post_tag","embeddable":true,"href":"https:\/\/www.europesays.com\/fr\/wp-json\/wp\/v2\/tags?post=564167"}],"curies":[{"name":"wp","href":"https:\/\/api.w.org\/{rel}","templated":true}]}}