{"id":564176,"date":"2025-11-28T09:30:18","date_gmt":"2025-11-28T09:30:18","guid":{"rendered":"https:\/\/www.europesays.com\/fr\/564176\/"},"modified":"2025-11-28T09:30:18","modified_gmt":"2025-11-28T09:30:18","slug":"il-ny-a-pas-eu-de-match-le-losc-en-balade-face-au-dinamo-zagreb","status":"publish","type":"post","link":"https:\/\/www.europesays.com\/fr\/564176\/","title":{"rendered":"\u00ab\u00a0Il n&rsquo;y a pas eu de match\u00a0\u00bb, le LOSC en balade face au Dinamo Zagreb"},"content":{"rendered":"<p>Apr\u00e8s deux d\u00e9faites surprenantes contre le PAOK et l\u2019Etoile Rouge, le LOSC a remis les pendules \u00e0 l\u2019heure en s\u2019imposant <a href=\"https:\/\/le11hdf.fr\/un-losc-a-la-fete-etrille-zagreb-trois-points-capitaux\/\" target=\"_blank\" rel=\"noopener\">contre le Dinamo Zagreb (4-0)<\/a>, jeudi \u00e0 l\u2019occasion de la 5e journ\u00e9e de la phase de championnat de la Ligue Europa. Le tout au terme d\u2019un match qui s\u2019est apparent\u00e9 \u00e0 une balade de sant\u00e9 selon Daniel Riolo, qui a livr\u00e9 son analyse dans l\u2019\u00e9mission l\u2019After Foot.<\/p>\n<p>Daniel Riolo a vu un LOSC en ma\u00eetrise<\/p>\n<p>\u00ab\u00a0Il n\u2019y a pas eu de match. Ils ont fait en sorte de tuer tr\u00e8s vite la rencontre, d\u2019\u00e9touffer l\u2019adversaire. Avoir mis une composition assez ambitieuse, c\u2019est bien. J\u2019aime voir Hakon Haraldsson dans cette position. C\u2019est dor\u00e9navant sa position pr\u00e9f\u00e9rentielle. Les deux premiers buts sont bien construits, Lille a tout bien fait contre une \u00e9quipe faible en face. Hamza Igamane, j\u2019aime bien. Il est un peu maladroit, mais c\u2019est la compensation de sa g\u00e9n\u00e9rosit\u00e9. Parfois, il est un peu foufou et ne canalise pas encore bien ce qu\u2019il fait, tout le temps. C\u2019est chouette d\u2019avoir un avant-centre comme \u00e7a dans ton \u00e9quipe, qui est tout le temps dans le sens du jeu. Lui et Haraldsson, sauf quand Giroud est en forme pour d\u00e9marrer, c\u2019est la meilleure formule du LOSC.\u00a0\u00bb<\/p>\n<p>Loading\u2026<\/p>\n<p>Cr\u00e9dits photo : Daniel Derajinski\/<a href=\"http:\/\/iconsport.photo\" target=\"_blank\" rel=\"noopener\">Icon Sport<\/a><\/p>\n","protected":false},"excerpt":{"rendered":"Apr\u00e8s deux d\u00e9faites surprenantes contre le PAOK et l\u2019Etoile Rouge, le LOSC a remis les pendules \u00e0 l\u2019heure&hellip;\n","protected":false},"author":2,"featured_media":564177,"comment_status":"","ping_status":"","sticky":false,"template":"","format":"standard","meta":{"footnotes":""},"categories":[1586],"tags":[11,1777,674,1779,1011,27,12,25,1778,364],"class_list":{"0":"post-564176","1":"post","2":"type-post","3":"status-publish","4":"format-standard","5":"has-post-thumbnail","7":"category-europe","8":"tag-actualites","9":"tag-eu","10":"tag-europe","11":"tag-european-union","12":"tag-fr","13":"tag-france","14":"tag-news","15":"tag-republique-francaise","16":"tag-ue","17":"tag-union-europeenne"},"share_on_mastodon":{"url":"https:\/\/pubeurope.com\/@fr\/115626627754295417","error":""},"_links":{"self":[{"href":"https:\/\/www.europesays.com\/fr\/wp-json\/wp\/v2\/posts\/564176","targetHints":{"allow":["GET"]}}],"collection":[{"href":"https:\/\/www.europesays.com\/fr\/wp-json\/wp\/v2\/posts"}],"about":[{"href":"https:\/\/www.europesays.com\/fr\/wp-json\/wp\/v2\/types\/post"}],"author":[{"embeddable":true,"href":"https:\/\/www.europesays.com\/fr\/wp-json\/wp\/v2\/users\/2"}],"replies":[{"embeddable":true,"href":"https:\/\/www.europesays.com\/fr\/wp-json\/wp\/v2\/comments?post=564176"}],"version-history":[{"count":0,"href":"https:\/\/www.europesays.com\/fr\/wp-json\/wp\/v2\/posts\/564176\/revisions"}],"wp:featuredmedia":[{"embeddable":true,"href":"https:\/\/www.europesays.com\/fr\/wp-json\/wp\/v2\/media\/564177"}],"wp:attachment":[{"href":"https:\/\/www.europesays.com\/fr\/wp-json\/wp\/v2\/media?parent=564176"}],"wp:term":[{"taxonomy":"category","embeddable":true,"href":"https:\/\/www.europesays.com\/fr\/wp-json\/wp\/v2\/categories?post=564176"},{"taxonomy":"post_tag","embeddable":true,"href":"https:\/\/www.europesays.com\/fr\/wp-json\/wp\/v2\/tags?post=564176"}],"curies":[{"name":"wp","href":"https:\/\/api.w.org\/{rel}","templated":true}]}}