{"id":564182,"date":"2025-11-28T09:34:15","date_gmt":"2025-11-28T09:34:15","guid":{"rendered":"https:\/\/www.europesays.com\/fr\/564182\/"},"modified":"2025-11-28T09:34:15","modified_gmt":"2025-11-28T09:34:15","slug":"la-consommation-des-menages-augmente-de-nouveau-en-octobre-a-04-selon-linsee","status":"publish","type":"post","link":"https:\/\/www.europesays.com\/fr\/564182\/","title":{"rendered":"la consommation des m\u00e9nages augmente de nouveau en octobre, \u00e0 +0,4%, selon l&rsquo;Insee"},"content":{"rendered":"<p>Les <a href=\"https:\/\/www.laprovence.com\/article\/economie\/4179623794613414\/france-les-prix-a-la-consommation-en-hausse-de-1-2-sur-un-an-en-septembre-selon-linsee\" target=\"_blank\" rel=\"noopener\">d\u00e9penses de consommation<\/a> des m\u00e9nages fran\u00e7ais en biens ont augment\u00e9 de nouveau en octobre, annonce ce vendredi 28 novembre l&rsquo;Insee, augmentant de 0,4% sur un mois, apr\u00e8s 0,3% en septembre.<\/p>\n<p>En octobre, cette hausse est principalement due \u00e0 une acc\u00e9l\u00e9ration de la consommation d&rsquo;\u00e9nergie (+1,4% apr\u00e8s +0,6%), de la consommation alimentaire aussi (+0,4% apr\u00e8s +0,1%). Celle de biens fabriqu\u00e9s est stable en revanche, apr\u00e8s +0,4% en septembre, pr\u00e9cise l&rsquo;Institut national de la statistique et des \u00e9tudes \u00e9conomiques.<\/p>\n","protected":false},"excerpt":{"rendered":"Les d\u00e9penses de consommation des m\u00e9nages fran\u00e7ais en biens ont augment\u00e9 de nouveau en octobre, annonce ce vendredi&hellip;\n","protected":false},"author":2,"featured_media":564183,"comment_status":"","ping_status":"","sticky":false,"template":"","format":"standard","meta":{"footnotes":""},"categories":[4],"tags":[17,11,19258,130,154,33,1011,27,54775,12,4565,7518,25],"class_list":{"0":"post-564182","1":"post","2":"type-post","3":"status-publish","4":"format-standard","5":"has-post-thumbnail","7":"category-france","8":"tag-17","9":"tag-actualites","10":"tag-augmente","11":"tag-consommation","12":"tag-des","13":"tag-economie","14":"tag-fr","15":"tag-france","16":"tag-menages","17":"tag-news","18":"tag-nouveau","19":"tag-octobre","20":"tag-republique-francaise"},"share_on_mastodon":{"url":"https:\/\/pubeurope.com\/@fr\/115626643482156644","error":""},"_links":{"self":[{"href":"https:\/\/www.europesays.com\/fr\/wp-json\/wp\/v2\/posts\/564182","targetHints":{"allow":["GET"]}}],"collection":[{"href":"https:\/\/www.europesays.com\/fr\/wp-json\/wp\/v2\/posts"}],"about":[{"href":"https:\/\/www.europesays.com\/fr\/wp-json\/wp\/v2\/types\/post"}],"author":[{"embeddable":true,"href":"https:\/\/www.europesays.com\/fr\/wp-json\/wp\/v2\/users\/2"}],"replies":[{"embeddable":true,"href":"https:\/\/www.europesays.com\/fr\/wp-json\/wp\/v2\/comments?post=564182"}],"version-history":[{"count":0,"href":"https:\/\/www.europesays.com\/fr\/wp-json\/wp\/v2\/posts\/564182\/revisions"}],"wp:featuredmedia":[{"embeddable":true,"href":"https:\/\/www.europesays.com\/fr\/wp-json\/wp\/v2\/media\/564183"}],"wp:attachment":[{"href":"https:\/\/www.europesays.com\/fr\/wp-json\/wp\/v2\/media?parent=564182"}],"wp:term":[{"taxonomy":"category","embeddable":true,"href":"https:\/\/www.europesays.com\/fr\/wp-json\/wp\/v2\/categories?post=564182"},{"taxonomy":"post_tag","embeddable":true,"href":"https:\/\/www.europesays.com\/fr\/wp-json\/wp\/v2\/tags?post=564182"}],"curies":[{"name":"wp","href":"https:\/\/api.w.org\/{rel}","templated":true}]}}