{"id":564188,"date":"2025-11-28T09:42:12","date_gmt":"2025-11-28T09:42:12","guid":{"rendered":"https:\/\/www.europesays.com\/fr\/564188\/"},"modified":"2025-11-28T09:42:12","modified_gmt":"2025-11-28T09:42:12","slug":"biniam-girmay-quitte-intermarche-wanty-lequipe","status":"publish","type":"post","link":"https:\/\/www.europesays.com\/fr\/564188\/","title":{"rendered":"Biniam Girmay quitte Intermarch\u00e9-Wanty &#8211; L&#039;\u00c9quipe"},"content":{"rendered":"<ol>\n<li><a href=\"https:\/\/news.google.com\/rss\/articles\/CBMioAFBVV95cUxQSTBtSnVBN1k2YlZsb2pBN1U4blc1TE1RN3ZRRmJ3dE9nQzdMbDYwNUJXcU52OE9YaXNCa1FtYXpMX2s4YUVpeU9aTnN5ZVljRC15MUZJTkJYRDctRmkzdUVuczQzSlJQU2p6cUttdl8xZVVZSlBFeU1DS0psd01jX0lsaG54c05Bb3ZPSnZrWTMxS1hFZ25oN0lHNWc3bUgw?oc=5\" target=\"_blank\" rel=\"noopener\">Biniam Girmay quitte Intermarch\u00e9-Wanty<\/a>&nbsp;&nbsp;L&rsquo;\u00c9quipe<\/li>\n<li><a href=\"https:\/\/news.google.com\/rss\/articles\/CBMi9AFBVV95cUxQMkxyeml1RGlGSnZnQkRDZ29nWVFFTGxMMVV2ZUJDV2JJMHA0bzhBbWU5Y2hGbkwxZHBxVl9JZmRYLWpkeE1DTFM2WUlMR1Rrb3JYLVltSnVvZFFFLXpwckloOG9YdmltVUN5SGt1aEp5d0Y0RVE5SHRkVWJGa2RwOFV0Y09SMVBzT2M4SDVWOXNPOWdyc2NsSE1zcDNVWHUtMWttUExWY1Jsdm44WXlQSGFGaWZFWVRjb01ZaWFoaHhidFZGMlBSTGdVTEt0Yl9VYXZSUjBUZXJJektzVDg5bVdvM2NoTkVTY0t6RjdRMFFLdUtB?oc=5\" target=\"_blank\" rel=\"noopener\">Cyclisme. L\u2019\u00e9quipe Intermarch\u00e9 officialise le d\u00e9part Biniam Girmay<\/a>&nbsp;&nbsp;Ouest-France<\/li>\n<li><a href=\"https:\/\/news.google.com\/rss\/articles\/CBMivwFBVV95cUxQcjlCcnRQS1lURllDR29IeFVmb1hka3dmSWhFX0FKT051VEtoOEdkYlBRc2NXMzVKakx3ekk5QzZ0OW9reHhYZEFOQmt6UjZzdVFFMWFGUVUwcmowLTFwanNxWXhtazdqZ193aDJLckZWSFAyVkRiOGJnbkxlWGFOWHF1RG05OHJXSjZleEFIRGF6ck4yMHFxMXFjS05nUFplMjhwVVFCWU9LaDNCQ3c4RDh4TEJNemJPeGFfQ3czTdIBvwFBVV95cUxPeFFVak9nbzJhNHpmcGVHcmpVUlpydDFfYXh1WElQMjFGV0sydEIyMFY4MldhTklHZ3JOcWdINzNscXhhYS1wYmdKRjZodDM4b0RRRTg2ZVN1QnJmYjhzREpoSU9WT2xLWUJucTFTQ3h5RnBTcVJBUUdGb3h4ZG1raVBaSlMxUDVVZlI5UmI1TVgwVlpMMTRRWUFYYUFFbjJ3aW5DaUZ6VDhHMEowVHQyWGpwSEVIVXNmZC0xV3ZSSQ?oc=5\" target=\"_blank\" rel=\"noopener\">Route: C\u2019est d\u00e9sormais officiel : Biniam Girmay quitte Intermarch\u00e9-Wanty<\/a>&nbsp;&nbsp;Cyclism&rsquo;Actu<\/li>\n<li><a href=\"https:\/\/news.google.com\/rss\/articles\/CBMiuAFBVV95cUxNbV9wT243REZLbk9xWDd5VUJmRWlENVR2ZjVUd1FlRzhfSjBNUDZXMWcwNUlOTFgtbXctV3Bzb3NVZTlWODVYMnJWdVpnMS1qNmtqSnB3TGRWbVVVVU1fTEJUUVdRaVVqcE9Oc0VKTU5iR3RFRlRUVlhONnlnaV9NY09XcWE5UHlSSE1UTzhieHoxVHF6TjNCWGVMOEhUa0kyWDFPZTNrNTE1MVA0djI5QnJ2RTZHeVls?oc=5\" target=\"_blank\" rel=\"noopener\">Cyclisme: Intermarch\u00e9 officialise le d\u00e9part de Biniam Girmay<\/a>&nbsp;&nbsp;Eurosport<\/li>\n<li><a href=\"https:\/\/news.google.com\/rss\/articles\/CBMirAFBVV95cUxNdms0VTVONjZMVTJpVTNmSWUtanpnUW9ncHRWeGRvMEE5TldsVnJOZXgzOC1hTWJQT3lqbXN4UWl5M1FkcVBvVjZuYmtPa0pXUS1fM0ZFSXVxYS1wQWgzS2U1NGoxSkFiM19fV2VvazRMTnk3cmdPOHZHdEs5MWRmTC1wN3UyV2twUTlyOUE5WmJCSWR3TVNIZnJ2ZFdnRGZkSjlCZkI1WENmUDRz?oc=5\" target=\"_blank\" rel=\"noopener\">Une page se tourne : Intermarch\u00e9-Wanty annonce le d\u00e9part de Biniam Girmay<\/a>&nbsp;&nbsp;RTBF<\/li>\n<\/ol>\n","protected":false},"excerpt":{"rendered":"Biniam Girmay quitte Intermarch\u00e9-Wanty&nbsp;&nbsp;L&rsquo;\u00c9quipe Cyclisme. L\u2019\u00e9quipe Intermarch\u00e9 officialise le d\u00e9part Biniam Girmay&nbsp;&nbsp;Ouest-France Route: C\u2019est d\u00e9sormais officiel : Biniam&hellip;\n","protected":false},"author":2,"featured_media":564189,"comment_status":"","ping_status":"","sticky":false,"template":"","format":"standard","meta":{"footnotes":""},"categories":[1411],"tags":[1154,207,1011,27,60],"class_list":{"0":"post-564188","1":"post","2":"type-post","3":"status-publish","4":"format-standard","5":"has-post-thumbnail","7":"category-cyclisme","8":"tag-cycling","9":"tag-cyclisme","10":"tag-fr","11":"tag-france","12":"tag-sports"},"share_on_mastodon":{"url":"https:\/\/pubeurope.com\/@fr\/115626675051707062","error":""},"_links":{"self":[{"href":"https:\/\/www.europesays.com\/fr\/wp-json\/wp\/v2\/posts\/564188","targetHints":{"allow":["GET"]}}],"collection":[{"href":"https:\/\/www.europesays.com\/fr\/wp-json\/wp\/v2\/posts"}],"about":[{"href":"https:\/\/www.europesays.com\/fr\/wp-json\/wp\/v2\/types\/post"}],"author":[{"embeddable":true,"href":"https:\/\/www.europesays.com\/fr\/wp-json\/wp\/v2\/users\/2"}],"replies":[{"embeddable":true,"href":"https:\/\/www.europesays.com\/fr\/wp-json\/wp\/v2\/comments?post=564188"}],"version-history":[{"count":0,"href":"https:\/\/www.europesays.com\/fr\/wp-json\/wp\/v2\/posts\/564188\/revisions"}],"wp:featuredmedia":[{"embeddable":true,"href":"https:\/\/www.europesays.com\/fr\/wp-json\/wp\/v2\/media\/564189"}],"wp:attachment":[{"href":"https:\/\/www.europesays.com\/fr\/wp-json\/wp\/v2\/media?parent=564188"}],"wp:term":[{"taxonomy":"category","embeddable":true,"href":"https:\/\/www.europesays.com\/fr\/wp-json\/wp\/v2\/categories?post=564188"},{"taxonomy":"post_tag","embeddable":true,"href":"https:\/\/www.europesays.com\/fr\/wp-json\/wp\/v2\/tags?post=564188"}],"curies":[{"name":"wp","href":"https:\/\/api.w.org\/{rel}","templated":true}]}}