{"id":564194,"date":"2025-11-28T09:45:36","date_gmt":"2025-11-28T09:45:36","guid":{"rendered":"https:\/\/www.europesays.com\/fr\/564194\/"},"modified":"2025-11-28T09:45:36","modified_gmt":"2025-11-28T09:45:36","slug":"latelier-de-sculpture-maillardmaillard-ouvre-ses-portes","status":"publish","type":"post","link":"https:\/\/www.europesays.com\/fr\/564194\/","title":{"rendered":"l&rsquo;atelier de sculpture Maillard&#038;Maillard ouvre ses portes"},"content":{"rendered":"<p>                    Par<br \/>\n        <strong><br \/>\n            <a href=\"https:\/\/actu.fr\/auteur\/journaliste-pm\" title=\"Consulter tous les articles de R\u00e9daction Saint-Malo\" target=\"_blank\" rel=\"noopener\">R\u00e9daction Saint-Malo<\/a><br \/>\n                    <\/strong><\/p>\n<p>        Publi\u00e9 le<\/p>\n<p>            27 nov. 2025 \u00e0 14h59        <\/p>\n<p>\u00ab La transmission d\u2019un savoir-faire ancestral du tailleur de pierre est primordiale pour la p\u00e9rennit\u00e9 de notre m\u00e9tier \u00bb, d\u00e9fend Lo\u00efc Maillard.<\/p>\n<p class=\" wall-content\">L\u2019entreprise est implant\u00e9e \u00e0 Saint-Pierre-de-Plesguen en <a href=\"https:\/\/actu.fr\/bretagne\/mesnil-roc-h_35308\" target=\"_blank\" rel=\"noopener\">Mesnil-Roc\u2019h<\/a> (Ille-et-Vilaine). Elle \u00e0 son si\u00e8ge social en centre bourg et ses ateliers au lieu-dit La M\u00e9tairie du Rouvre.<\/p>\n<p class=\" wall-content\">Actuellement, Lo\u00efc Maillard travaille sur restauration monumentale d\u2019une r\u00e9plique de Saint fiacre en pierrement de Bri\u00e8re de Th\u00e9nac. De 2,50\u00a0m de haut, cette sculpture est une commande pour l\u2019\u00e9glise de Disons \u00e0 Verviers en <a href=\"https:\/\/actu.fr\/tag\/belgique\" target=\"_blank\" rel=\"noopener\">Belgique<\/a>.<\/p>\n<p>\u00ab\u00a0C\u2019est plus qu\u2019un d\u00e9fi artistique\u00a0\u00bb<\/p>\n<p class=\" wall-content\">Sur le volet historique, \u00ab Saint Fiacre, moine irlandais du XVIIe\u00a0si\u00e8cle, s\u2019est install\u00e9 en Gaule, pr\u00e8s de <a href=\"https:\/\/actu.fr\/ile-de-france\/meaux_77284\" target=\"_blank\" rel=\"noopener\">Meaux<\/a>, o\u00f9 il se mit \u00e0 \u00e9vang\u00e9liser la population et \u00e0 transmettre ses connaissances du travail de la terre \u00bb, rappelle Lo\u00efc Maillard.<\/p>\n<p class=\" wall-content\">Cette restauration, \u00ab c\u2019est plus qu\u2019un d\u00e9fi artistique \u00bb, mentionne-t-il.<\/p>\n<p class=\" wall-content\">Parce qu\u2019il consid\u00e8re que c\u2019est avant tout \u00ab une aventure humaine v\u00e9cue par des passionn\u00e9s de nos dirigeants diff\u00e9rents, unis par la m\u00eame volont\u00e9 de pr\u00e9server, transmettre notre patrimoine \u00bb.<\/p>\n<p>Vid\u00e9os : en ce moment sur Actu<br \/>\n    <img   decoding=\"async\" loading=\"lazy\" class=\"size-large\" src=\"https:\/\/www.europesays.com\/fr\/wp-content\/uploads\/2025\/11\/f4a740b04c196faf740b04c1973684v-768x640.jpg\" alt=\"La scupture monumentale de Saint Fiacre\" width=\"768\" height=\"640\"\/><br \/>\n    La sculpture monumentale de Saint Fiacre \u00a9Le Pays MalouinIls feront d\u00e9couvrir leur passion<\/p>\n<p class=\" wall-content\">Une belle aventure partag\u00e9e et en collaboration avec Madleen, \u00ab une jeune promue dans l\u2019entreprise qui a su apporter dans la sculpture de la gr\u00e2ce et de la finesse \u00bb.<\/p>\n<p>Votre r\u00e9gion, votre actu !<\/p>\n<p>Recevez chaque jour les infos qui comptent pour vous.<\/p>\n<p>\t<a href=\"https:\/\/actu.fr\/newsletter\" class=\"ac-btn ac-btn--corner ac-btn--medium ac-btn--blue800\" target=\"_blank\" rel=\"noopener\">S&rsquo;incrire<\/a><\/p>\n<p class=\" wall-content\">Une sculpture pour laquelle a particip\u00e9 \u00e0 la mod\u00e9lisation \u00e9galement H\u00e9ol Jeffroy, un artiste plasticien de <a href=\"https:\/\/actu.fr\/bretagne\/hede-bazouges_35130\" target=\"_blank\" rel=\"noopener\">H\u00e9de-Bazouges<\/a>, et Johnny, une unit\u00e9 robotique, \u00ab pour son ing\u00e9niosit\u00e9 et sa pr\u00e9cision \u00bb.<\/p>\n<p class=\" wall-content\">\u00ab \u00c0 l\u2019occasion des portes ouvertes, nous prendrons le temps d\u2019\u00e9changer et de vous faire d\u00e9couvrir notre passion \u00bb.<\/p>\n<p>Samedi 29\u00a0novembre de 9 h 12 h et 14 h 17 h. Pour tous passionn\u00e9s ou curieux, l\u2019atelier de sculpture Maillard&amp;Maillard \u00e0 La M\u00e9tairie du Rouvre sera ouvert au public.<\/p>\n<p class=\" wall-content\">Personnalisez votre actualit\u00e9 en ajoutant vos villes et m\u00e9dias en favori avec <a href=\"https:\/\/moncompte.actu.fr\" title=\"D\u00e9couvez Mon Actu\" rel=\"nofollow noopener\" data-trk=\"{&quot;cta&quot;:{&quot;action&quot;:&quot;https:\\\/\\\/moncompte.actu.fr&quot;,&quot;category&quot;:&quot;mon compte&quot;,&quot;from&quot;:&quot;article footer&quot;,&quot;name&quot;:&quot;Mon actu&quot;,&quot;type&quot;:&quot;cta&quot;}}\" target=\"_blank\">Mon Actu<\/a>.<\/p>\n","protected":false},"excerpt":{"rendered":"Par R\u00e9daction Saint-Malo Publi\u00e9 le 27 nov. 2025 \u00e0 14h59 \u00ab La transmission d\u2019un savoir-faire ancestral du tailleur&hellip;\n","protected":false},"author":2,"featured_media":564195,"comment_status":"","ping_status":"","sticky":false,"template":"","format":"standard","meta":{"footnotes":""},"categories":[1358],"tags":[1348,1384,1385,1386,58,59,1011,27,1652,16610],"class_list":{"0":"post-564194","1":"post","2":"type-post","3":"status-publish","4":"format-standard","5":"has-post-thumbnail","7":"category-arts-et-design","8":"tag-arts","9":"tag-arts-and-design","10":"tag-arts-et-design","11":"tag-design","12":"tag-divertissement","13":"tag-entertainment","14":"tag-fr","15":"tag-france","16":"tag-loisirs-culture","17":"tag-sortir-a-saint-malo"},"share_on_mastodon":{"url":"https:\/\/pubeurope.com\/@fr\/115626687313559596","error":""},"_links":{"self":[{"href":"https:\/\/www.europesays.com\/fr\/wp-json\/wp\/v2\/posts\/564194","targetHints":{"allow":["GET"]}}],"collection":[{"href":"https:\/\/www.europesays.com\/fr\/wp-json\/wp\/v2\/posts"}],"about":[{"href":"https:\/\/www.europesays.com\/fr\/wp-json\/wp\/v2\/types\/post"}],"author":[{"embeddable":true,"href":"https:\/\/www.europesays.com\/fr\/wp-json\/wp\/v2\/users\/2"}],"replies":[{"embeddable":true,"href":"https:\/\/www.europesays.com\/fr\/wp-json\/wp\/v2\/comments?post=564194"}],"version-history":[{"count":0,"href":"https:\/\/www.europesays.com\/fr\/wp-json\/wp\/v2\/posts\/564194\/revisions"}],"wp:featuredmedia":[{"embeddable":true,"href":"https:\/\/www.europesays.com\/fr\/wp-json\/wp\/v2\/media\/564195"}],"wp:attachment":[{"href":"https:\/\/www.europesays.com\/fr\/wp-json\/wp\/v2\/media?parent=564194"}],"wp:term":[{"taxonomy":"category","embeddable":true,"href":"https:\/\/www.europesays.com\/fr\/wp-json\/wp\/v2\/categories?post=564194"},{"taxonomy":"post_tag","embeddable":true,"href":"https:\/\/www.europesays.com\/fr\/wp-json\/wp\/v2\/tags?post=564194"}],"curies":[{"name":"wp","href":"https:\/\/api.w.org\/{rel}","templated":true}]}}