{"id":564196,"date":"2025-11-28T09:47:09","date_gmt":"2025-11-28T09:47:09","guid":{"rendered":"https:\/\/www.europesays.com\/fr\/564196\/"},"modified":"2025-11-28T09:47:09","modified_gmt":"2025-11-28T09:47:09","slug":"audiences-20h-le-jt-de-gilles-bouleau-sur-tf1-en-baisse-a-46-millions-de-telespectateurs-face-a-lea-salame-a-36-millions-sur-france-2","status":"publish","type":"post","link":"https:\/\/www.europesays.com\/fr\/564196\/","title":{"rendered":"Audiences 20h: Le JT de Gilles Bouleau sur TF1 en baisse \u00e0 4,6 millions de t\u00e9l\u00e9spectateurs face \u00e0 L\u00e9a Salam\u00e9 \u00e0 3,6 millions sur France 2"},"content":{"rendered":"<p>Hier soir, Gilles Bouleau \u00e9tait aux commandes d&rsquo;une nouvelle \u00e9dition de son 20h sur TF1. Sur France 2, c&rsquo;est L\u00e9a Salam\u00e9 qui pr\u00e9sentait le JT.<\/p>\n<p>Sur France 5, Anne-Elisabeth Lemoine, entour\u00e9e de son \u00e9quipe, proposait un num\u00e9ro de \u00ab\u00a0C \u00e0 vous\u00a0\u00bb. Cette saison, la journaliste sera aux commandes du programme du lundi au jeudi, laissant sa place \u00e0 Mohamed Bouhafsi le vendredi et le samedi.<\/p>\n<p>En face, c&rsquo;est Yann Barth\u00e8s et son \u00e9quipe qui occupaient l&rsquo;access de TMC pour une nouvelle saison de \u00ab\u00a0Quotidien\u00a0\u00bb. Chaque soir, Yann Barth\u00e8s \u00e9voque l\u2019actualit\u00e9 du jour avec ses journalistes, des invit\u00e9s et des reportages pour \u00e9clairer le monde qui nous entoure.<\/p>\n<p>A 18H45 chaque jour, Cyril Hanouna donne rendez-vous \u00e0 ses \u00ab\u00a0fanzouzes\u00a0\u00bb pour son \u00e9mission \u00ab\u00a0Tout beau tout 9\u00a0\u00bb sur W9. L&rsquo;animateur est accompagn\u00e9 de chroniqueurs sur son plateau.\u00a0<\/p>\n<p>\u00a0<\/p>\n<p>        Le JT de 20h &#8211; Gilles Bouleau<br \/>\n        24.2 % de PDA\n        <\/p>\n<p>        4 648 000<\/p>\n<p>        Le JT de 20h &#8211; L\u00e9a Salam\u00e9<br \/>\n        18.9 % de PDA\n        <\/p>\n<p>        3 631 000<\/p>\n<p>        Le 19.45<br \/>\n        11.8 % de PDA\n        <\/p>\n<p>        2 211 000<\/p>\n<p>        Quotidien &#8211; 2e partie<br \/>\n        6.9 % de PDA\n        <\/p>\n<p>        1 336 000<\/p>\n<p>        Tout beau tout 9 &#8211; 2e partie<br \/>\n        6.2 % de PDA\n        <\/p>\n<p>        1 204 000<\/p>\n<p>        Tout le sport<br \/>\n        4.7 % de PDA\n        <\/p>\n<p>        882 000<\/p>\n<p>        C \u00e0 vous, la suite &#8211; 1\u00e8re partie<br \/>\n        4.1 % de PDA\n        <\/p>\n<p>        799 000<\/p>\n<p>        La Bataille : La Mal\u00e9diction de L&rsquo;\u00eele<br \/>\n        1.5 % de PDA\n        <\/p>\n<p>        290 000<\/p>\n<p>  Le Top des parts de march\u00e9<\/p>\n","protected":false},"excerpt":{"rendered":"Hier soir, Gilles Bouleau \u00e9tait aux commandes d&rsquo;une nouvelle \u00e9dition de son 20h sur TF1. Sur France 2,&hellip;\n","protected":false},"author":2,"featured_media":564197,"comment_status":"","ping_status":"","sticky":false,"template":"","format":"standard","meta":{"footnotes":""},"categories":[1356],"tags":[2367,58,59,1011,27,876,594,494,252,199,1364],"class_list":{"0":"post-564196","1":"post","2":"type-post","3":"status-publish","4":"format-standard","5":"has-post-thumbnail","7":"category-television","8":"tag-audiences","9":"tag-divertissement","10":"tag-entertainment","11":"tag-fr","12":"tag-france","13":"tag-france-3","14":"tag-france-2","15":"tag-m6","16":"tag-television","17":"tag-tf1","18":"tag-tv"},"share_on_mastodon":{"url":"https:\/\/pubeurope.com\/@fr\/115626694727934780","error":""},"_links":{"self":[{"href":"https:\/\/www.europesays.com\/fr\/wp-json\/wp\/v2\/posts\/564196","targetHints":{"allow":["GET"]}}],"collection":[{"href":"https:\/\/www.europesays.com\/fr\/wp-json\/wp\/v2\/posts"}],"about":[{"href":"https:\/\/www.europesays.com\/fr\/wp-json\/wp\/v2\/types\/post"}],"author":[{"embeddable":true,"href":"https:\/\/www.europesays.com\/fr\/wp-json\/wp\/v2\/users\/2"}],"replies":[{"embeddable":true,"href":"https:\/\/www.europesays.com\/fr\/wp-json\/wp\/v2\/comments?post=564196"}],"version-history":[{"count":0,"href":"https:\/\/www.europesays.com\/fr\/wp-json\/wp\/v2\/posts\/564196\/revisions"}],"wp:featuredmedia":[{"embeddable":true,"href":"https:\/\/www.europesays.com\/fr\/wp-json\/wp\/v2\/media\/564197"}],"wp:attachment":[{"href":"https:\/\/www.europesays.com\/fr\/wp-json\/wp\/v2\/media?parent=564196"}],"wp:term":[{"taxonomy":"category","embeddable":true,"href":"https:\/\/www.europesays.com\/fr\/wp-json\/wp\/v2\/categories?post=564196"},{"taxonomy":"post_tag","embeddable":true,"href":"https:\/\/www.europesays.com\/fr\/wp-json\/wp\/v2\/tags?post=564196"}],"curies":[{"name":"wp","href":"https:\/\/api.w.org\/{rel}","templated":true}]}}