{"id":564198,"date":"2025-11-28T09:48:12","date_gmt":"2025-11-28T09:48:12","guid":{"rendered":"https:\/\/www.europesays.com\/fr\/564198\/"},"modified":"2025-11-28T09:48:12","modified_gmt":"2025-11-28T09:48:12","slug":"celine-dion-donne-de-ses-nouvelles-en-video-elle-apparait-rayonnante-et-les-internautes-sont-conquis","status":"publish","type":"post","link":"https:\/\/www.europesays.com\/fr\/564198\/","title":{"rendered":"C\u00e9line Dion donne de ses nouvelles en vid\u00e9o, elle appara\u00eet rayonnante et les internautes sont conquis !"},"content":{"rendered":"<p>Depuis plusieurs mois, <strong>chaque apparition de C\u00e9line<br \/>\nDion<\/strong> est scrut\u00e9e et analys\u00e9e. Alors quand la star<br \/>\nqu\u00e9b\u00e9coise a publi\u00e9 une nouvelle vid\u00e9o sur Instagram, ce jeudi 27<br \/>\nnovembre 2025, la r\u00e9action des fans a \u00e9t\u00e9 imm\u00e9diate : soulagement,<br \/>\n\u00e9motion et une avalanche de compliments.<\/p>\n<p>Car l\u2019interpr\u00e8te de My Heart Will Go On, qui a pris<br \/>\n<a href=\"https:\/\/www.closermag.fr\/people\/exclu-celine-dion-cette-decision-radicale-prise-pour-ses-enfants-et-sa-sante-3531333\" target=\"_blank\" rel=\"noopener\"><br \/>\nune grande d\u00e9cision pour ses enfants,<\/a> malgr\u00e9 la maladie,<br \/>\nappara\u00eet lumineuse, sereine, presque apais\u00e9e. Assise face cam\u00e9ra,<br \/>\nle regard franc et le sourire doux, C\u00e9line Dion a voulu adresser<br \/>\n<strong>un message de Thanksgiving<\/strong> \u00e0 ses abonn\u00e9s. Une<br \/>\nprise de parole rare qui tombe au moment o\u00f9 son combat contre le<br \/>\nsyndrome de la personne raide continue d\u2019inqui\u00e9ter.<\/p>\n<p>C\u00e9line Dion appara\u00eet lumineuse pour sa prise de parole sur<br \/>\nInstagram<\/p>\n<p>Pourtant, dans cet extrait, impossible de ne pas remarquer son<br \/>\nteint repos\u00e9, sa voix pos\u00e9e, et cette \u00e9nergie tranquille qui a<br \/>\nimm\u00e9diatement conquis les internautes. \u201cChers amis, aujourd\u2019hui<br \/>\nest <strong>un beau rappel de ralentir<\/strong>, de respirer<br \/>\nprofond\u00e9ment et de rendre gr\u00e2ce\u201d, d\u00e9clare-t-elle d\u2019une voix<br \/>\nclaire. Dans cette courte vid\u00e9o, la chanteuse de 57 ans \u00e9voque<br \/>\nl\u2019importance de se retrouver, physiquement, par t\u00e9l\u00e9phone ou m\u00eame<br \/>\nen pens\u00e9e.<\/p>\n<blockquote class=\"instagram-media\" style=\"background: #ffffff;border: 0;margin: 1px;width: 100%;padding: 0;max-width: 500px;\" data-instgrm-permalink=\"https:\/\/www.instagram.com\/reel\/DRjHYjojo_R\/\" data-instgrm-version=\"14\"\/>\n<p>Une fa\u00e7on simple d\u2019aborder la gratitude, sans pathos, sans<br \/>\nd\u00e9tour. Les fans, eux, y lisent surtout un signe : <a href=\"https:\/\/www.closermag.fr\/people\/celine-dion-au-plus-mal-ce-retour-quelle-prepare-mais-tres-loin-de-la-musique-3578055\" target=\"_blank\" rel=\"noopener\"><br \/>\nC\u00e9line Dion va mieux.<\/a> Et le message continue, toujours empreint<br \/>\nde douceur : \u201cJe suis tellement reconnaissante envers ma<br \/>\nfamille et nos moments pass\u00e9s ensemble, qui comptent \u00e9norm\u00e9ment<br \/>\npour moi\u201d. Elle conclut en souhaitant <strong>\u201cjoie, paix<br \/>\net gratitude\u201d<\/strong> \u00e0 ses abonn\u00e9s, accompagnant sa vid\u00e9o<br \/>\nd\u2019un texte chaleureux.<\/p>\n<p>Les internautes sont tous tr\u00e8s heureux<br \/>\nde la voir en forme<\/p>\n<p>Sur Instagram, les commentaires affluent : \u201cRayonnante\u201d, \u201cTu<br \/>\nes magnifique C\u00e9line\u201d, \u201cTellement heureuse de te voir comme<br \/>\n\u00e7a\u201d. L\u2019\u00e9motion est g\u00e9n\u00e9rale. Cette apparition publique prend<br \/>\nun sens particulier depuis l\u2019annonce <a href=\"https:\/\/www.closermag.fr\/people\/celine-dion-au-plus-mal-elle-apparait-en-video-mais-cest-tout-sauf-rassurant-sur-sa-sante-3545208\" target=\"_blank\" rel=\"noopener\"><br \/>\ndu diagnostic de sa maladie<\/a> en d\u00e9cembre 2022. \u00c0 l\u2019\u00e9poque,<br \/>\nC\u00e9line Dion avait r\u00e9v\u00e9l\u00e9 en larmes souffrir du syndrome de la<br \/>\npersonne raide, une maladie neurologique extr\u00eamement rare qui<br \/>\nprovoque rigidit\u00e9 musculaire et spasmes violents, rendant la sc\u00e8ne<br \/>\nimpossible. <strong>\u201cUn million de personnes\u201d<\/strong><br \/>\nseraient touch\u00e9es dans le monde selon la Cleveland Clinic.<\/p>\n<p>Depuis, la chanteuse a \u00e9t\u00e9 contrainte d\u2019annuler sa tourn\u00e9e, tout<br \/>\nen poursuivant un lourd traitement. En juin 2024, dans une<br \/>\ninterview poignante avec Hoda Kotb, elle d\u00e9crivait la sensation des<br \/>\nspasmes : \u201cC\u2019est comme si quelqu\u2019un vous \u00e9tranglait\u2026 comme si<br \/>\non poussait votre larynx dans une direction\u201d. Une confidence<br \/>\nbouleversante qui avait renforc\u00e9 l\u2019inqui\u00e9tude autour de sa<br \/>\nsant\u00e9.<\/p>\n<p><script async src=\"\/\/www.instagram.com\/embed.js\"><\/script><\/p>\n","protected":false},"excerpt":{"rendered":"Depuis plusieurs mois, chaque apparition de C\u00e9line Dion est scrut\u00e9e et analys\u00e9e. Alors quand la star qu\u00e9b\u00e9coise a&hellip;\n","protected":false},"author":2,"featured_media":564199,"comment_status":"","ping_status":"","sticky":false,"template":"","format":"standard","meta":{"footnotes":""},"categories":[1355],"tags":[7043,58,59,1011,27,1361,873],"class_list":{"0":"post-564198","1":"post","2":"type-post","3":"status-publish","4":"format-standard","5":"has-post-thumbnail","7":"category-musique","8":"tag-celine-dion","9":"tag-divertissement","10":"tag-entertainment","11":"tag-fr","12":"tag-france","13":"tag-music","14":"tag-musique"},"share_on_mastodon":{"url":"https:\/\/pubeurope.com\/@fr\/115626698683399664","error":""},"_links":{"self":[{"href":"https:\/\/www.europesays.com\/fr\/wp-json\/wp\/v2\/posts\/564198","targetHints":{"allow":["GET"]}}],"collection":[{"href":"https:\/\/www.europesays.com\/fr\/wp-json\/wp\/v2\/posts"}],"about":[{"href":"https:\/\/www.europesays.com\/fr\/wp-json\/wp\/v2\/types\/post"}],"author":[{"embeddable":true,"href":"https:\/\/www.europesays.com\/fr\/wp-json\/wp\/v2\/users\/2"}],"replies":[{"embeddable":true,"href":"https:\/\/www.europesays.com\/fr\/wp-json\/wp\/v2\/comments?post=564198"}],"version-history":[{"count":0,"href":"https:\/\/www.europesays.com\/fr\/wp-json\/wp\/v2\/posts\/564198\/revisions"}],"wp:featuredmedia":[{"embeddable":true,"href":"https:\/\/www.europesays.com\/fr\/wp-json\/wp\/v2\/media\/564199"}],"wp:attachment":[{"href":"https:\/\/www.europesays.com\/fr\/wp-json\/wp\/v2\/media?parent=564198"}],"wp:term":[{"taxonomy":"category","embeddable":true,"href":"https:\/\/www.europesays.com\/fr\/wp-json\/wp\/v2\/categories?post=564198"},{"taxonomy":"post_tag","embeddable":true,"href":"https:\/\/www.europesays.com\/fr\/wp-json\/wp\/v2\/tags?post=564198"}],"curies":[{"name":"wp","href":"https:\/\/api.w.org\/{rel}","templated":true}]}}