{"id":564202,"date":"2025-11-28T09:50:13","date_gmt":"2025-11-28T09:50:13","guid":{"rendered":"https:\/\/www.europesays.com\/fr\/564202\/"},"modified":"2025-11-28T09:50:13","modified_gmt":"2025-11-28T09:50:13","slug":"voici-lage-precis-auquel-on-commence-a-vieillir-selon-la-science","status":"publish","type":"post","link":"https:\/\/www.europesays.com\/fr\/564202\/","title":{"rendered":"Voici l&rsquo;\u00e2ge pr\u00e9cis auquel on commence \u00e0 vieillir selon la science"},"content":{"rendered":"<p>\u00c0 quel \u00e2ge commence-t-on \u00e0 vieillir selon la science : la<br \/>\nr\u00e9ponse qui surprend<\/p>\n<p>On a tous entendu cette petite phrase qui rassure lorsqu\u2019on<br \/>\nsouffle une bougie de plus : vieillir, ce serait \u00ab\u00a0dans la t\u00eate\u00a0\u00bb. La<br \/>\nbiologie dit autre chose. Le vieillissement n\u2019est pas une ligne<br \/>\ndroite mais une s\u00e9rie de paliers, avec des acc\u00e9l\u00e9rations mesur\u00e9es<br \/>\ndans le corps. La question reste enti\u00e8re, tr\u00e8s concr\u00e8te : <strong>\u00e0<br \/>\nquel \u00e2ge commence-t-on \u00e0 vieillir selon la science<\/strong> ? 30,<br \/>\n40, 50 ans\u2026 qui dit vrai ?<\/p>\n<p>Des \u00e9quipes ont suivi des adultes pendant des ann\u00e9es, en<br \/>\nanalysant des milliers de mol\u00e9cules, tissus et micro-organismes, et<br \/>\nd\u2019autres ont cartographi\u00e9 les prot\u00e9ines de nos organes. Ces travaux<br \/>\nrep\u00e8rent des fen\u00eatres d\u2019acc\u00e9l\u00e9ration bien r\u00e9elles. Les \u00e2ges pr\u00e9cis<br \/>\nqui ressortent ne sont pas ceux que l\u2019on imagine toujours. La frise<br \/>\ndes chiffres r\u00e9serve une surprise.<\/p>\n<p>44 ans et 60 ans : deux acc\u00e9l\u00e9rations mesur\u00e9es du<br \/>\nvieillissement biologique<\/p>\n<p>Une universit\u00e9 am\u00e9ricaine a suivi des personnes de 25 \u00e0 75 ans<br \/>\nsur plusieurs ann\u00e9es, avec des pr\u00e9l\u00e8vements r\u00e9guliers de sang, de<br \/>\npeau, de muqueuses buccales et nasales, ainsi que des selles. En<br \/>\n\u00e9valuant les r\u00e9sultats, les chercheurs sont parvenus \u00e0 d\u00e9finir deux<br \/>\n\u00e2ges o\u00f9 le corps prend un \u00ab\u00a0coup de vieux\u00a0\u00bb mesurable. Le<br \/>\n<strong>vieillissement biologique s\u2019acc\u00e9l\u00e8re vers 44 ans<\/strong>,<br \/>\npuis de nouveau plus tard.<\/p>\n<p>D\u00e8s <strong>44 ans<\/strong>, les changements concernent surtout<br \/>\nles param\u00e8tres du <strong>m\u00e9tabolisme de la caf\u00e9ine, de l\u2019alcool et<br \/>\ndes graisses<\/strong>. Dans la vraie vie, cela se traduit par une<br \/>\ndigestion plus capricieuse, une tendance au cholest\u00e9rol qui grimpe,<br \/>\nune prise de poids plus facile. \u00c0 cet \u00e2ge, les rides commencent<br \/>\naussi \u00e0 marquer davantage, signe que le tissu conjonctif \u00e9volue<br \/>\nplus vite. Puis, \u00e0 <strong>60 ans<\/strong>, le virage est diff\u00e9rent<br \/>\n: les changements touchent surtout le <strong>syst\u00e8me<br \/>\nimmunitaire<\/strong> et la <strong>fonction r\u00e9nale<\/strong>. Le<br \/>\nrisque d\u2019infections et de cancers augmente, tout comme les<br \/>\nprobl\u00e8mes r\u00e9naux et cardiovasculaires. Les capacit\u00e9s \u00e0 m\u00e9taboliser<br \/>\nles sucres d\u00e9clinent, ce qui pousse le risque de <strong>diab\u00e8te de<br \/>\ntype 2<\/strong> vers le haut.<\/p>\n<p>Autour de 50 ans : une bascule hormonale qui change la<br \/>\ndonne<\/p>\n<p>La biologie ne raconte pas qu\u2019une histoire de quadrag\u00e9naire et<br \/>\nde sexag\u00e9naire. Des chercheurs de l\u2019<strong>Acad\u00e9mie des sciences<br \/>\nde P\u00e9kin<\/strong> ont analys\u00e9 plus de 500 \u00e9chantillons de tissus<br \/>\nhumains \u2013 muscles, vaisseaux sanguins, organes \u2013 provenant de<br \/>\npersonnes d\u00e9c\u00e9d\u00e9es \u00e2g\u00e9es de 14 \u00e0 55 ans, dans une \u00e9tude publi\u00e9e<br \/>\ndans la revue Cell. Leur lecture temporelle met en<br \/>\n\u00e9vidence un tournant net entre <strong>45 et 55 ans<\/strong>, avec<br \/>\nun <strong>\u00e2ge m\u00e9dian autour de 50 ans<\/strong>. Autrement dit, si<br \/>\nl\u2019on cherche un \u00e2ge pivot global, la cinquantaine ressort comme le<br \/>\nmoment o\u00f9 la courbe s\u2019infl\u00e9chit le plus franchement.<\/p>\n<p>Pourquoi ce moment-l\u00e0 ? Parce que l\u2019activit\u00e9 hormonale se<br \/>\nreconfigure. Pas un simple d\u00e9tail\u2009: la production de <strong>47<br \/>\nhormones<\/strong> s\u2019intensifie \u00e0 cette p\u00e9riode, ce qui<br \/>\n<strong>perturbe les tissus<\/strong>, r\u00e9duit leurs capacit\u00e9s de<br \/>\nr\u00e9g\u00e9n\u00e9ration et acc\u00e9l\u00e8re le vieillissement de plusieurs syst\u00e8mes,<br \/>\ndu c\u0153ur \u00e0 la peau. Le message est tr\u00e8sclair. Et il commence m\u00eame<br \/>\nplus t\u00f4t sur certains organes. Les chercheurs pr\u00e9cisent que,<br \/>\ns\u2019agissant des vaisseaux sanguins, les premi\u00e8res transformations<br \/>\napparaissent d\u00e8s <strong>30 ans<\/strong>, notamment dans<br \/>\nl\u2019<strong>aorte<\/strong>. Une prot\u00e9ine intrigue particuli\u00e8rement,<br \/>\nla <strong>GAS6<\/strong> : lors d\u2019essais, son injection a provoqu\u00e9<br \/>\nun vieillissement pr\u00e9matur\u00e9 de plusieurs organes, avec des dommages<br \/>\nvisibles au niveau des vaisseaux. Les vaisseaux joueraient ainsi un<br \/>\nr\u00f4le de vecteurs du vieillissement, en transportant cette<br \/>\nmol\u00e9cule.<\/p>\n<p>30, 44, 50 ou 60 ans : comment se<br \/>\nsituer et quoi faire, concr\u00e8tement ?<\/p>\n<p>Premi\u00e8re boussole : distinguer l\u2019\u00e2ge civil de l\u2019<strong>\u00e2ge<br \/>\nbiologique<\/strong>. Ces fen\u00eatres sont des moyennes, pas des<br \/>\nverdicts individuels. On peut avoir 47 ans et un profil mol\u00e9culaire<br \/>\nproche d\u2019un plus jeune, ou l\u2019inverse. En pratique, comprenez la<br \/>\nlogique des jalons. Vers <strong>44 ans<\/strong>, le corps g\u00e8re<br \/>\ndiff\u00e9remment caf\u00e9ine, alcool et graisses\u2009: certains troubles<br \/>\ndigestifs deviennent plus fr\u00e9quents, le cholest\u00e9rol a tendance \u00e0<br \/>\nmonter, le poids se cale plus haut \u00e0 habitudes identiques. Autour<br \/>\nde la <strong>cinquantaine<\/strong>, la surchauffe hormonale<br \/>\nmultiplie les d\u00e9s\u00e9quilibres, qui s\u2019expriment selon les organes. Et<br \/>\n\u00e0 <strong>60 ans<\/strong>, l\u2019immunit\u00e9 et les reins marquent une<br \/>\n\u00e9tape, avec une tol\u00e9rance au sucre qui baisse.<\/p>\n<p>Que faire \u00e0 ces \u00e2ges cl\u00e9s\u2009? Il n\u2019existe <strong>aucun rem\u00e8de<br \/>\nmiracle<\/strong> pour stopper ou inverser l\u2019\u00e2ge biologique,<br \/>\nrappellent les chercheurs. En revanche, on peut caler ses priorit\u00e9s<br \/>\nsur ce que montrent les donn\u00e9es\u2009: \u00e0 partir de 40 ans, guetter sa<br \/>\ntol\u00e9rance \u00e0 la <strong>caf\u00e9ine<\/strong> et \u00e0<br \/>\nl\u2019<strong>alcool<\/strong>, surveiller les <strong>graisses<\/strong><br \/>\net le <strong>cholest\u00e9rol<\/strong> lorsqu\u2019ils se d\u00e9r\u00e8glent ; autour<br \/>\nde 50 ans, faire le point sur les d\u00e9s\u00e9quilibres qui s\u2019installent et<br \/>\nsur la <strong>peau<\/strong> ou le <strong>c\u0153ur<\/strong> s\u2019ils se<br \/>\nfragilisent ; pass\u00e9 60 ans, pr\u00eater une attention accrue \u00e0<br \/>\nl\u2019<strong>immunit\u00e9<\/strong>, \u00e0 la <strong>fonction r\u00e9nale<\/strong><br \/>\net au <strong>m\u00e9tabolisme des sucres<\/strong>. Les vaisseaux \u00e9tant<br \/>\nsollicit\u00e9s t\u00f4t, prot\u00e9ger sa sant\u00e9 vasculaire d\u00e8s la trentaine a du<br \/>\nsens, l\u2019aorte mettant d\u00e9j\u00e0 le processus en mouvement.<\/p>\n","protected":false},"excerpt":{"rendered":"\u00c0 quel \u00e2ge commence-t-on \u00e0 vieillir selon la science : la r\u00e9ponse qui surprend On a tous entendu&hellip;\n","protected":false},"author":2,"featured_media":564203,"comment_status":"","ping_status":"","sticky":false,"template":"","format":"standard","meta":{"footnotes":""},"categories":[10],"tags":[1011,27,72,71],"class_list":{"0":"post-564202","1":"post","2":"type-post","3":"status-publish","4":"format-standard","5":"has-post-thumbnail","7":"category-sante","8":"tag-fr","9":"tag-france","10":"tag-health","11":"tag-sante"},"share_on_mastodon":{"url":"https:\/\/pubeurope.com\/@fr\/115626706643607255","error":""},"_links":{"self":[{"href":"https:\/\/www.europesays.com\/fr\/wp-json\/wp\/v2\/posts\/564202","targetHints":{"allow":["GET"]}}],"collection":[{"href":"https:\/\/www.europesays.com\/fr\/wp-json\/wp\/v2\/posts"}],"about":[{"href":"https:\/\/www.europesays.com\/fr\/wp-json\/wp\/v2\/types\/post"}],"author":[{"embeddable":true,"href":"https:\/\/www.europesays.com\/fr\/wp-json\/wp\/v2\/users\/2"}],"replies":[{"embeddable":true,"href":"https:\/\/www.europesays.com\/fr\/wp-json\/wp\/v2\/comments?post=564202"}],"version-history":[{"count":0,"href":"https:\/\/www.europesays.com\/fr\/wp-json\/wp\/v2\/posts\/564202\/revisions"}],"wp:featuredmedia":[{"embeddable":true,"href":"https:\/\/www.europesays.com\/fr\/wp-json\/wp\/v2\/media\/564203"}],"wp:attachment":[{"href":"https:\/\/www.europesays.com\/fr\/wp-json\/wp\/v2\/media?parent=564202"}],"wp:term":[{"taxonomy":"category","embeddable":true,"href":"https:\/\/www.europesays.com\/fr\/wp-json\/wp\/v2\/categories?post=564202"},{"taxonomy":"post_tag","embeddable":true,"href":"https:\/\/www.europesays.com\/fr\/wp-json\/wp\/v2\/tags?post=564202"}],"curies":[{"name":"wp","href":"https:\/\/api.w.org\/{rel}","templated":true}]}}