{"id":564210,"date":"2025-11-28T09:54:14","date_gmt":"2025-11-28T09:54:14","guid":{"rendered":"https:\/\/www.europesays.com\/fr\/564210\/"},"modified":"2025-11-28T09:54:14","modified_gmt":"2025-11-28T09:54:14","slug":"fini-le-reve-americain-lelectricien-veut-quitter-les-usa-pour-tout-miser-sur-la-france","status":"publish","type":"post","link":"https:\/\/www.europesays.com\/fr\/564210\/","title":{"rendered":"fini le r\u00eave am\u00e9ricain, l&rsquo;\u00e9lectricien veut quitter les USA pour tout miser sur la France"},"content":{"rendered":"<p>              <img decoding=\"async\" class=\"article-author__picture webp\" src=\"https:\/\/www.europesays.com\/fr\/wp-content\/uploads\/2025\/04\/matias-perea-85px.jpg.webp\" alt=\"Matias Perea\"\/><\/p>\n<p class=\"article-author__info--name\"> Par<br \/>\n                      <a href=\"https:\/\/selectra.info\/equipe\/matias\" target=\"_blank\" rel=\"noopener author\"> Matias Perea <\/a><\/p>\n<p class=\"article-author__info--description\"> Analyste \u00c9nergie <\/p>\n<p>        Publi\u00e9 le<\/p>\n<p>                                28\/11\/2025<\/p>\n<p>            min de lecture\n        <\/p>\n<p>Sauf indication contraire, tous les prix pr\u00e9sent\u00e9s sur cette page sont TTC.<\/p>\n<p class=\"title\">L&rsquo;INFO QUI FAIT BAISSER VOTRE FACTURE<\/p>\n<ul class=\"list--check\">\n<li><strong>Alertes Baisse des Prix<\/strong> en temps r\u00e9el<\/li>\n<li><strong>Nouvelles Aides de l&rsquo;\u00c9tat<\/strong> d\u00e9crypt\u00e9es pour vous<\/li>\n<li><strong>Bons Plans Exclusifs<\/strong> de nos experts<\/li>\n<\/ul>\n<p style=\"margin-top:15px;\">Rejoignez des milliers de Fran\u00e7ais et recevez gratuitement l&rsquo;essentiel de l&rsquo;actu \u00e9nergie sur votre canal pr\u00e9f\u00e9r\u00e9.<\/p>\n<p class=\"intro\">Aujourd&rsquo;hui, 28 novembre 2025, coup de froid sur le portefeuille des automobilistes : les prix des carburants vont augmenter de 4 \u00e0 6 centimes par litre d\u00e8s 2026 en raison du co\u00fbt des certificats d&rsquo;\u00e9conomies d&rsquo;\u00e9nergie. Une hausse qui contraste avec la chute des prix du p\u00e9trole, port\u00e9e par l&rsquo;espoir d&rsquo;un cessez-le-feu en Ukraine. Sur le terrain \u00e9lectrique, EDF envisage de vendre ses activit\u00e9s renouvelables aux \u00c9tats-Unis pour se recentrer sur le nucl\u00e9aire fran\u00e7ais, alors que ses contrats long terme peinent \u00e0 s\u00e9duire les industriels. Selectra d\u00e9crypte une journ\u00e9e o\u00f9 les choix strat\u00e9giques et g\u00e9opolitiques impactent directement la facture.<\/p>\n<p>France : hausse des carburants, assouplissement pour le solaire et fraude aux compteurs<\/p>\n<ul class=\"list--check\">\n<li><strong>Mauvaise nouvelle \u00e0 la pompe : les carburants vont augmenter de 4 \u00e0 6 centimes en 2026<\/strong> : Le renforcement des obligations li\u00e9es aux certificats d&rsquo;\u00e9conomies d&rsquo;\u00e9nergie (CEE) va peser sur les prix. Le co\u00fbt des CEE dans le litre de carburant passera de 11 \u00e0 environ 16 centimes. <a href=\"https:\/\/www.connaissancedesenergies.org\/afp\/les-prix-des-carburants-vont-augmenter-de-4-6-centimes-par-litre-en-2026-en-raison-des-cee-251126\" target=\"_blank\" rel=\"noopener noreferrer\">Plus d&rsquo;infos<\/a><\/li>\n<li><strong>Solaire sur les parkings : les obligations assouplies<\/strong> : La loi de simplification de l&rsquo;urbanisme permet de r\u00e9duire la couverture photovolta\u00efque \u00e0 17,5 % (au lieu de 50 %) gr\u00e2ce \u00e0 des solutions mixtes, et adapte les d\u00e9lais selon les contraintes d&rsquo;approvisionnement. <a href=\"https:\/\/www.legifrance.gouv.fr\/jorf\/id\/JORFTEXT000052857880\" target=\"_blank\" rel=\"noopener noreferrer\">Plus d&rsquo;infos<\/a><\/li>\n<li><strong>Fraude massive aux compteurs Linky : un retrait\u00e9 d&rsquo;Enedis jug\u00e9<\/strong> : \u00c0 Bordeaux, un ancien agent est poursuivi pour avoir trafiqu\u00e9 pr\u00e8s de 600 compteurs, causant un pr\u00e9judice d&rsquo;1,2 million d&rsquo;euros. Il risque deux ans de prison avec sursis. <a href=\"https:\/\/selectra.info\/energie\/actualites\/marche\/arnaque-linky-technicien-enedis-proces-bordeaux\" target=\"_blank\" rel=\"noopener noreferrer\">Plus d&rsquo;infos<\/a><\/li>\n<li><strong>\u00c9olien : le parc fran\u00e7ais atteint 25,9 GW, un nouveau parc en mer op\u00e9rationnel<\/strong> : Au 3\u1d49 trimestre, l&rsquo;\u00e9olien a couvert 10 % de la consommation nationale. Le parc offshore des \u00celes d&rsquo;Yeu et de Noirmoutier (500 MW) est d\u00e9sormais en service. <a href=\"https:\/\/www.statistiques.developpement-durable.gouv.fr\/tableau-de-bord-eolien-troisieme-trimestre-2025-0\" target=\"_blank\" rel=\"noopener noreferrer\">Plus d&rsquo;infos<\/a><\/li>\n<\/ul>\n<p>EDF et march\u00e9s : recentrage strat\u00e9gique et contrats boud\u00e9s<\/p>\n<ul class=\"list--check\">\n<li><strong>EDF envisage de vendre ses activit\u00e9s renouvelables aux \u00c9tats-Unis<\/strong> : Le groupe r\u00e9fl\u00e9chit \u00e0 c\u00e9der tout ou partie de sa filiale am\u00e9ricaine pour financer ses investissements prioritaires dans le nucl\u00e9aire et l&rsquo;hydro\u00e9lectricit\u00e9 en France. <a href=\"https:\/\/www.reuters.com\/sustainability\/climate-energy\/edf-weighs-full-sale-us-renewable-unit-focus-french-nuclear-2025-11-26\/\" target=\"_blank\" rel=\"noopener noreferrer\">Plus d&rsquo;infos<\/a><\/li>\n<li><strong>Les industriels boudent les contrats nucl\u00e9aires d&rsquo;EDF<\/strong> : Avec des prix de march\u00e9 (50-55 \u20ac\/MWh) inf\u00e9rieurs aux tarifs propos\u00e9s par EDF (55-60 \u20ac\/MWh), les contrats \u00e0 long terme peinent \u00e0 trouver preneurs. Seuls 7 contrats ont \u00e9t\u00e9 sign\u00e9s en deux ans. <a href=\"https:\/\/montelnews.com\/fr\/news\/9d59e4c6-9d8b-4855-a393-ec5713f35f6a\/les-prix-bas-limitent-l-attrait-des-contrats-nucleaires-d-edf\" target=\"_blank\" rel=\"noopener noreferrer\">Plus d&rsquo;infos<\/a><\/li>\n<li><strong>Prix n\u00e9gatifs : des progr\u00e8s, mais peut mieux faire<\/strong> : La France a connu plus de 500 heures de prix n\u00e9gatifs en 2025. Si la pilotabilit\u00e9 des EnR et les heures creuses aident, l&rsquo;UFE appelle \u00e0 aller plus loin avec des produits \u00e0 terme et une compensation dynamique. <a href=\"https:\/\/ufe-electricite.fr\/bilan-ufe-prix-negatifs-systeme-electrique\/\" target=\"_blank\" rel=\"noopener noreferrer\">Plus d&rsquo;infos<\/a><\/li>\n<\/ul>\n<p>Europe et Monde : espoir de paix et chute du p\u00e9trole<\/p>\n<ul class=\"list--check\">\n<li><strong>Le p\u00e9trole chute sur fond d&rsquo;espoir de cessez-le-feu en Ukraine<\/strong> : La perspective d&rsquo;une fin du conflit, qui pourrait lever les sanctions sur le p\u00e9trole russe, fait baisser les cours, accentu\u00e9e par une hausse inattendue des stocks am\u00e9ricains. <a href=\"https:\/\/montelnews.com\/news\/746f90fc-0a95-4de1-8b36-0bcd5356c286\/oil-prices-fall-as-ceasefire-expectations-grow\" target=\"_blank\" rel=\"noopener noreferrer\">Plus d&rsquo;infos<\/a><\/li>\n<li><strong>Bruxelles ajuste le tir pour le futur march\u00e9 carbone du transport et du b\u00e2timent<\/strong> : La Commission propose d&rsquo;adapter le m\u00e9canisme de r\u00e9serve de stabilit\u00e9 pour \u00e9viter une flamb\u00e9e des prix des quotas lors du lancement du march\u00e9 ETS2, afin de prot\u00e9ger les investissements. <a href=\"https:\/\/climate.ec.europa.eu\/news-other-reads\/news\/commission-proposes-targeted-adjustments-market-stability-reserve-decision-support-smoother-start-2025-11-27_en\" target=\"_blank\" rel=\"noopener noreferrer\">Plus d&rsquo;infos<\/a><\/li>\n<li><strong>Recyclage des batteries : les producteurs devront payer<\/strong> : Un nouvel arr\u00eat\u00e9 oblige les fabricants de batteries \u00e0 financer la collecte et le recyclage des batteries usag\u00e9es, renfor\u00e7ant la responsabilit\u00e9 \u00e9largie des producteurs. <a href=\"https:\/\/www.legifrance.gouv.fr\/jorf\/id\/JORFTEXT000052869039\" target=\"_blank\" rel=\"noopener noreferrer\">Plus d&rsquo;infos<\/a><\/li>\n<\/ul>\n<p class=\"title\">L&rsquo;INFO QUI FAIT BAISSER VOTRE FACTURE<\/p>\n<ul class=\"list--check\">\n<li><strong>Alertes Baisse des Prix<\/strong> en temps r\u00e9el<\/li>\n<li><strong>Nouvelles Aides de l&rsquo;\u00c9tat<\/strong> d\u00e9crypt\u00e9es pour vous<\/li>\n<li><strong>Bons Plans Exclusifs<\/strong> de nos experts<\/li>\n<\/ul>\n<p style=\"margin-top:15px;\">Rejoignez des milliers de Fran\u00e7ais et recevez gratuitement l&rsquo;essentiel de l&rsquo;actu \u00e9nergie sur votre canal pr\u00e9f\u00e9r\u00e9.<\/p>\n<p>      Avez-vous trouv\u00e9 cet article utile ?<\/p>\n<p>100% des 1 votes trouvent l&rsquo;information utile.<\/p>\n","protected":false},"excerpt":{"rendered":"Par Matias Perea Analyste \u00c9nergie Publi\u00e9 le 28\/11\/2025 min de lecture Sauf indication contraire, tous les prix pr\u00e9sent\u00e9s&hellip;\n","protected":false},"author":2,"featured_media":253666,"comment_status":"","ping_status":"","sticky":false,"template":"","format":"standard","meta":{"footnotes":""},"categories":[6],"tags":[35,33,34,1011,27],"class_list":{"0":"post-564210","1":"post","2":"type-post","3":"status-publish","4":"format-standard","5":"has-post-thumbnail","7":"category-economie","8":"tag-business","9":"tag-economie","10":"tag-economy","11":"tag-fr","12":"tag-france"},"share_on_mastodon":{"url":"https:\/\/pubeurope.com\/@fr\/115626723124893370","error":""},"_links":{"self":[{"href":"https:\/\/www.europesays.com\/fr\/wp-json\/wp\/v2\/posts\/564210","targetHints":{"allow":["GET"]}}],"collection":[{"href":"https:\/\/www.europesays.com\/fr\/wp-json\/wp\/v2\/posts"}],"about":[{"href":"https:\/\/www.europesays.com\/fr\/wp-json\/wp\/v2\/types\/post"}],"author":[{"embeddable":true,"href":"https:\/\/www.europesays.com\/fr\/wp-json\/wp\/v2\/users\/2"}],"replies":[{"embeddable":true,"href":"https:\/\/www.europesays.com\/fr\/wp-json\/wp\/v2\/comments?post=564210"}],"version-history":[{"count":0,"href":"https:\/\/www.europesays.com\/fr\/wp-json\/wp\/v2\/posts\/564210\/revisions"}],"wp:featuredmedia":[{"embeddable":true,"href":"https:\/\/www.europesays.com\/fr\/wp-json\/wp\/v2\/media\/253666"}],"wp:attachment":[{"href":"https:\/\/www.europesays.com\/fr\/wp-json\/wp\/v2\/media?parent=564210"}],"wp:term":[{"taxonomy":"category","embeddable":true,"href":"https:\/\/www.europesays.com\/fr\/wp-json\/wp\/v2\/categories?post=564210"},{"taxonomy":"post_tag","embeddable":true,"href":"https:\/\/www.europesays.com\/fr\/wp-json\/wp\/v2\/tags?post=564210"}],"curies":[{"name":"wp","href":"https:\/\/api.w.org\/{rel}","templated":true}]}}