{"id":564213,"date":"2025-11-28T09:56:11","date_gmt":"2025-11-28T09:56:11","guid":{"rendered":"https:\/\/www.europesays.com\/fr\/564213\/"},"modified":"2025-11-28T09:56:11","modified_gmt":"2025-11-28T09:56:11","slug":"la-france-insoumise-fait-voter-sa-proposition-de-nationalisation-darcelormittal-malgre-lobstruction-du-rn-liberation","status":"publish","type":"post","link":"https:\/\/www.europesays.com\/fr\/564213\/","title":{"rendered":"La France insoumise fait voter sa proposition de nationalisation d\u2019ArcelorMittal malgr\u00e9 l\u2019obstruction du RN \u2013 Lib\u00e9ration"},"content":{"rendered":"<p class=\"sc-cPiKLX AiZTS text-element\">Il fallait faire quelques pas, hors de l\u2019enceinte de l\u2019Assembl\u00e9e nationale, pour comprendre l\u2019importance du texte examin\u00e9, jeudi 27 novembre, dans l\u2019h\u00e9micycle. Alors qu\u2019au palais Bourbon, La France insoumise s\u2019appr\u00eatait \u00e0 faire examiner <a href=\"https:\/\/www.liberation.fr\/politique\/mercosur-arcelormittal-ces-textes-que-la-france-insoumise-veut-porter-pendant-sa-niche-parlementaire-20251127_UACFJNH2WRCVVDFZDJSXLWSBJM\/\" target=\"_blank\" rel=\"noopener\" title=\"https:\/\/www.liberation.fr\/politique\/mercosur-arcelormittal-ces-textes-que-la-france-insoumise-veut-porter-pendant-sa-niche-parlementaire-20251127_UACFJNH2WRCVVDFZDJSXLWSBJM\/\">une proposition de loi pour nationaliser ArcelorMittal<\/a>, devant les Invalides, pr\u00e8s de 400 salari\u00e9s de l\u2019aci\u00e9riste \u00e9taient rassembl\u00e9s pour afficher leur soutien au texte. Et pour appeler les d\u00e9put\u00e9s \u00e0 les sauver : 637 postes sont menac\u00e9s par un plan social qui plane sur huit des quarante sites d\u2019ArcelorMittal France. Ils ont \u00e9t\u00e9 entendus, le texte de LFI a \u00e9t\u00e9 adopt\u00e9 par 127 voix contre 41. Il a re\u00e7u le soutien de la gauche (insoumis, socialistes, \u00e9cologistes et communistes) et le RN s\u2019est abstenu.<\/p>\n<p class=\"sc-cPiKLX AiZTS text-element\">D\u00e8s la fin de la matin\u00e9e, apr\u00e8s avoir r\u00e9ussi \u00e0 <a href=\"https:\/\/www.liberation.fr\/politique\/a-lassemblee-la-france-insoumise-fait-adopter-sa-resolution-contre-le-mercosur-20251127_B7YHZKETAZD7XES2T775EVLMVA\/\" target=\"_blank\" rel=\"noopener\" title=\"https:\/\/www.liberation.fr\/politique\/a-lassemblee-la-france-insoumise-fait-adopter-sa-resolution-contre-le-mercosur-20251127_B7YHZKETAZD7XES2T775EVLMVA\/\">faire adopter les deux premiers textes mis \u00e0 l\u2019ordre du jour<\/a> de leur niche parlementaire &#8211; une proposition de r\u00e9solution contre le Mercosur et une proposition de loi pour \u00e9tablir \u00abl\u2019\u00e9galit\u00e9 d\u2019acc\u00e8s au service postal en outre-mer\u00bb-, les d\u00e9put\u00e9s insoumis sont all\u00e9s rejoindre les ouvriers. Et chercher \u00abde la force\u00bb aupr\u00e8s d\u2019eux, selon l\u2019\u00e9lue de Seine-Saint-Denis Aur\u00e9lie Trouv\u00e9. Pour les m\u00e9lenchonistes, il en fallait effectivement avant de s\u2019attaquer \u00e0 la suite de l\u2019ordre du jour, la nationalisation d\u2019ArcelorMittal.<\/p>\n<p class=\"sc-cPiKLX AiZTS text-element\">D\u00e9j\u00e0, sur le deuxi\u00e8me texte inscrit par les insoumis, <a href=\"https:\/\/www.liberation.fr\/politique\/le-rn-revendique-pourrir-la-niche-parlementaire-de-lfi-et-le-texte-sur-la-nationalisation-darcelormittal-20251125_DUHCVKMQMNESPDGN7GK3WUI4DE\/\" target=\"_blank\" rel=\"noopener\" title=\"https:\/\/www.liberation.fr\/politique\/le-rn-revendique-pourrir-la-niche-parlementaire-de-lfi-et-le-texte-sur-la-nationalisation-darcelormittal-20251125_DUHCVKMQMNESPDGN7GK3WUI4DE\/\">le RN avait jou\u00e9 la carte de l\u2019obstruction<\/a>, laissant \u00e0 peine quelques minutes aux d\u00e9put\u00e9s pour voter avant la lev\u00e9e de s\u00e9ance de 13 heures. Les \u00e9lus lep\u00e9nistes et leurs alli\u00e9s ciottistes de l\u2019UDR ont poursuivi leur travail de sape de la niche LFI et d\u00e9pos\u00e9 plus de 300 amendements sur le texte d\u00e9fendant la nationalisation de l\u2019aci\u00e9riste indien en France. Une strat\u00e9gie qui aura fait tourner les d\u00e9bats \u00e0 un match de ping-pong entre la gauche et l\u2019extr\u00eame droite. Sans filet pour les s\u00e9parer : les bancs du \u00abbloc central\u00bb, au milieu de l\u2019h\u00e9micycle, sont rest\u00e9s vides toute la journ\u00e9e.<\/p>\n<p class=\"sc-cPiKLX AiZTS text-element\">Les lep\u00e9nistes et leurs alli\u00e9s n\u2019ont effectivement pas dig\u00e9r\u00e9 le fait d\u2019avoir \u00e9chou\u00e9 \u00e0 faire adopter les textes que le RN avait mis \u00e0 l\u2019ordre du jour lors de niche, mi-octobre, \u00e0 l\u2019exception d\u2019une r\u00e9solution contre l\u2019accord franco-alg\u00e9rien de 1968. \u0152il pour \u0153il, dent pour dent. \u00abLFI pourrit les niches de l\u2019UDR et du RN\u2026 On pourrit votre niche parlementaire\u00bb, avait assum\u00e9 l\u2019\u00e9lu d\u2019extr\u00eame droite Matthias Renault quelques jours plus t\u00f4t.<\/p>\n<p class=\"sc-cPiKLX AiZTS text-element\">Les \u00e9lus RN ont ainsi \u00e9galement demand\u00e9 des scrutins publics et encha\u00een\u00e9 les rappels au r\u00e8glement pour retarder le vote du texte et emp\u00eacher l\u2019examen des autres propositions mises \u00e0 l\u2019ordre du jour par les insoumis. Quitte \u00e0 rompre avec la pr\u00e9tendue d\u00e9fense des ouvriers port\u00e9e en \u00e9tendard par le parti de Marine Le Pen. \u00abCe qui est pourri ce sont vos man\u0153uvres sur le dos des ouvriers d\u2019Arcelor\u00bb, lui a r\u00e9pondu le d\u00e9put\u00e9 LFI Laurent Alexandre dans l\u2019h\u00e9micycle.<\/p>\n<p class=\"sc-cPiKLX AiZTS text-element\">Comme l\u2019Aveyronnais, le reste des \u00e9lus de gauche n\u2019aura eu de cesse, tout au long de l\u2019examen du texte, de d\u00e9noncer l\u2019hypocrisie du Rassemblement national. Le chef des d\u00e9put\u00e9s communistes St\u00e9phane Peu relevant ainsi une \u00abpitoyable strat\u00e9gie d\u2019obstruction qui ne trompe personne\u00bb, d\u00e9montrant selon lui, que \u00abl\u2019extr\u00eame droite devient le chouchou des multinationales\u00bb. Quelques minutes plus t\u00f4t, l\u2019insoumis Aur\u00e9lien Le Coq avait consid\u00e9r\u00e9 que le RN \u00ab[plantait] un poignard dans le dos des ouvriers\u00bb et lanc\u00e9 : \u00abC\u2019est sous le regard de tous les sid\u00e9rurgistes de France que nous voterons aujourd\u2019hui\u00bb.<\/p>\n<p class=\"sc-cPiKLX AiZTS text-element\">Aux alentours de 19 heures, la m\u00e9taphore est devenue r\u00e9alit\u00e9 quand une petite d\u00e9l\u00e9gation de salari\u00e9s de l\u2019aci\u00e9riste est arriv\u00e9e pour assister aux derni\u00e8res heures du d\u00e9bat. D\u00e9clenchant un violent \u00e9change entre les d\u00e9put\u00e9s LFI et ceux du RN. \u00abRegardez-les dans les yeux, des vies sont en jeu\u00bb, lan\u00e7ait un insoumis aux seconds.<\/p>\n<p class=\"sc-cPiKLX AiZTS text-element\">Et le d\u00e9put\u00e9 du Nord de lister l\u2019ensemble des sites d\u2019ArcelorMittal menac\u00e9s par le plan social et situ\u00e9s dans les circonscriptions d\u00e9tenues par les \u00e9lus lep\u00e9nistes. \u00abEnnemis assur\u00e9s des m\u00e9tallos\u00bb, selon lui. A l\u2019instar de Desvres dans le Pas-de-Calais o\u00f9 est \u00e9lue Christine Engrand, de Montataire dans l\u2019Oise, sur le territoire d\u2019Alexandre Sabatou, et de Fos-sur-Mer dans les Bouches-du-Rh\u00f4ne chez Emmanuel Fouquart. Cit\u00e9 \u00e9galement, le d\u00e9put\u00e9 de Moselle o\u00f9 se trouvent les sites de Gandrange, Florange et Uckange, le porte-parole du RN Laurent Jacobelli.<\/p>\n<p class=\"sc-cPiKLX AiZTS text-element\">Mais ce dernier s\u2019est d\u00e9fendu de faire de l\u2019obstruction et a assur\u00e9 vouloir am\u00e9liorer un texte, selon lui, \u00ab\u00e9crit avec les pieds\u00bb. La d\u00e9put\u00e9e RN de Gironde Edwige Diaz jurant \u00e9galement que sa formation ne faisait que \u00abd\u00e9poser des amendements de bon sens\u00bb. Dans les couloirs de l\u2019Assembl\u00e9e, un cadre du parti \u00e0 la flamme rassurait cependant : \u00absi on voit que le temps manque, on avancera intelligemment\u00bb. Comprendre : en retirant les derniers amendements \u00e0 examiner pour pouvoir proc\u00e9der au vote avant minuit.<\/p>\n<p class=\"sc-cPiKLX AiZTS text-element\">A 22 heures, face au risque de ne pas pouvoir faire voter le texte avant minuit, l\u2019insoumis \u00c9ric Coquerel en a appel\u00e9 \u00ab\u00e0 la responsabilit\u00e9 de tous ceux qui veulent faire en sorte que les salari\u00e9s d\u2019Arcelor pr\u00e9sents dans les tribunes en partent avec un espoir\u00bb. Se voulant ma\u00eetre des horloges, \u00abil y aura un vote mais pour l\u2019instant nous d\u00e9battons\u00bb, lui a r\u00e9pondu le vice-pr\u00e9sident du RN S\u00e9bastien Chenu. Les d\u00e9put\u00e9s ont finalement termin\u00e9 l\u2019examen des amendements, une quarantaine de minutes avant qu\u2019il ne soit trop tard, et pu voter la proposition de loi.<\/p>\n<p class=\"sc-cPiKLX AiZTS text-element\">Les \u00e9lus LFI ont pu laisser exploser leur joie. Elle sera certainement de courte dur\u00e9e : \u00e0 majorit\u00e9 de droite, le S\u00e9nat n\u2019a pas l\u2019intention de mettre ce texte \u00e0 son ordre du jour. Le gouvernement non plus : dans un message poste sur le r\u00e9seau social Bluesky, le ministre de l\u2019Economie et des Finances, Roland Lescure, a d\u00e9nonc\u00e9 \u00ab la pseudo-alliance officieuse, opportuniste et contre-nature de LFI et du RN [qui] ne r\u00e9glera en rien les enjeux de concurrence d\u00e9loyale qui d\u00e9stabilisent l\u2019entreprise \u00bb. \u00ab La France a besoin d\u2019un cap industriel clair, pas d\u2019une pr\u00e9tendue formule magique que serait la nationalisation \u00bb, a-t-il ajout\u00e9, promettant de \u00abcontinuer \u00e0 [s\u2019]opposer \u00e0 la nationalisation d\u2019ArcelorMittal dans la suite du processus l\u00e9gislatif, tout en \u0153uvrant \u00e0 apporter des r\u00e9ponses structurelles \u00e0 cette entreprise et \u00e0 ses salari\u00e9s\u00bb. <\/p>\n<p class=\"sc-cPiKLX AiZTS text-element\">Avant lui, son ministre d\u00e9l\u00e9gu\u00e9 \u00e0 l\u2019Industrie S\u00e9bastien Martin avait d\u00e9clar\u00e9 \u00e0 l\u2019AFP apr\u00e8s le vote jeudi soir que celui-ci \u00ab ne r\u00e9pond[ait] en rien aux v\u00e9ritables difficult\u00e9s de la sid\u00e9rurgie fran\u00e7aise \u00bb et \u00ab cr\u00e9e[rait] \u00bb, selon lui, \u00ab l\u2019illusion d\u2019une protection\u00bb. Vendredi matin sur RTL, le ministre du Travail Jean-Pierre Farandou a, de son c\u00f4t\u00e9, point\u00e9 \u00ab le v\u00e9ritable enjeu \u00bb concernant ArcelorMittal : \u00ab se battre contre les importations massives d\u2019acier chinois, c\u2019est un d\u00e9bat au niveau europ\u00e9en, c\u2019est l\u00e0 o\u00f9 l\u2019on met le poids du corps.\u00bb A condition que celui de la France p\u00e8se davantage.<\/p>\n<p class=\"sc-cPiKLX AiZTS text-element\"><b>Mise \u00e0 jour <\/b>\u00e0 9 h 14 avec les r\u00e9actions de membres du gouvernement.<\/p>\n","protected":false},"excerpt":{"rendered":"Il fallait faire quelques pas, hors de l\u2019enceinte de l\u2019Assembl\u00e9e nationale, pour comprendre l\u2019importance du texte examin\u00e9, jeudi&hellip;\n","protected":false},"author":2,"featured_media":564214,"comment_status":"","ping_status":"","sticky":false,"template":"","format":"standard","meta":{"footnotes":""},"categories":[4],"tags":[11,13620,416,1011,27,780,12,25],"class_list":{"0":"post-564213","1":"post","2":"type-post","3":"status-publish","4":"format-standard","5":"has-post-thumbnail","7":"category-france","8":"tag-actualites","9":"tag-arcelormittal","10":"tag-assemblee-nationale","11":"tag-fr","12":"tag-france","13":"tag-lfi","14":"tag-news","15":"tag-republique-francaise"},"share_on_mastodon":{"url":"","error":""},"_links":{"self":[{"href":"https:\/\/www.europesays.com\/fr\/wp-json\/wp\/v2\/posts\/564213","targetHints":{"allow":["GET"]}}],"collection":[{"href":"https:\/\/www.europesays.com\/fr\/wp-json\/wp\/v2\/posts"}],"about":[{"href":"https:\/\/www.europesays.com\/fr\/wp-json\/wp\/v2\/types\/post"}],"author":[{"embeddable":true,"href":"https:\/\/www.europesays.com\/fr\/wp-json\/wp\/v2\/users\/2"}],"replies":[{"embeddable":true,"href":"https:\/\/www.europesays.com\/fr\/wp-json\/wp\/v2\/comments?post=564213"}],"version-history":[{"count":0,"href":"https:\/\/www.europesays.com\/fr\/wp-json\/wp\/v2\/posts\/564213\/revisions"}],"wp:featuredmedia":[{"embeddable":true,"href":"https:\/\/www.europesays.com\/fr\/wp-json\/wp\/v2\/media\/564214"}],"wp:attachment":[{"href":"https:\/\/www.europesays.com\/fr\/wp-json\/wp\/v2\/media?parent=564213"}],"wp:term":[{"taxonomy":"category","embeddable":true,"href":"https:\/\/www.europesays.com\/fr\/wp-json\/wp\/v2\/categories?post=564213"},{"taxonomy":"post_tag","embeddable":true,"href":"https:\/\/www.europesays.com\/fr\/wp-json\/wp\/v2\/tags?post=564213"}],"curies":[{"name":"wp","href":"https:\/\/api.w.org\/{rel}","templated":true}]}}