{"id":564217,"date":"2025-11-28T09:58:13","date_gmt":"2025-11-28T09:58:13","guid":{"rendered":"https:\/\/www.europesays.com\/fr\/564217\/"},"modified":"2025-11-28T09:58:13","modified_gmt":"2025-11-28T09:58:13","slug":"saint-etienne-un-chauffard-en-mercedes-flashe-a-une-vitesse-hallucinante-pres-de-ce-college","status":"publish","type":"post","link":"https:\/\/www.europesays.com\/fr\/564217\/","title":{"rendered":"Saint-\u00c9tienne. Un chauffard en Mercedes flash\u00e9 \u00e0 une vitesse hallucinante pr\u00e8s de ce coll\u00e8ge"},"content":{"rendered":"<p>                    Par<br \/>\n        <strong><br \/>\n            <a href=\"https:\/\/actu.fr\/auteur\/julien-sournies\" title=\"Consulter tous les articles de Julien Sournies\" target=\"_blank\" rel=\"noopener\">Julien Sournies<\/a><br \/>\n                    <\/strong><\/p>\n<p>        Publi\u00e9 le<\/p>\n<p>            28 nov. 2025 \u00e0 10h39        <\/p>\n<p>Les forces de l\u2019ordre ne lui ont fait aucun cadeau.<\/p>\n<p class=\" wall-content\">Au cours d\u2019une op\u00e9ration de contr\u00f4le routier men\u00e9e par la brigade motocycliste de la police de <a href=\"https:\/\/actu.fr\/saint-etienne\/\" target=\"_blank\" rel=\"noopener\">Saint-\u00c9tienne<\/a> dans le secteur du coll\u00e8ge Marc-Seguin ce jeudi 27\u00a0novembre en fin de matin\u00e9e, un automobiliste circulant au volant d\u2019une Mercedes-Benz a \u00e9t\u00e9 flash\u00e9 \u00e0 une vitesse de<strong> 112\u00a0km\/h<\/strong> dans une zone pourtant limit\u00e9e \u00e0<strong> 50\u00a0km\/h<\/strong>.<\/p>\n<p>Un exc\u00e8s de vitesse de 56\u00a0km\/h<\/p>\n<p class=\" wall-content\">Au final, la vitesse de 106\u00a0km\/h a \u00e9t\u00e9 retenue \u00e0 l\u2019encontre du chauffard, soit un <strong>exc\u00e8s de vitesse de 56\u00a0km\/h<\/strong>.<\/p>\n<p>    <a href=\"https:\/\/www.google.com\/maps\/embed?pb=!1m18!1m12!1m3!1d2839.1774686013764!2d4.405802435374912!3d45.46468314799161!2m3!1f0!2f0!3f0!3m2!1i1024!2i768!4f13.1!3m3!1m2!1s0x47f5ab8ff756c2e5%3A0xf6b75488a81935eb!2sColl%C3%A8ge%20Marc%20Seguin!5e1!3m2!1sfr!2sfr!4v1764322492739!5m2!1sfr!2sfr\" title=\"Ouvrie le lien\" target=\"_blank\" rel=\"noopener\">Cliquez ici pour visualiser le contenu<\/a><\/p>\n<p class=\" wall-content\">En cons\u00e9quence, le chauffard s\u2019est vu retirer son permis de conduire. Son v\u00e9hicule, lui, a \u00e9t\u00e9 imm\u00e9diatement plac\u00e9 en fourri\u00e8re.<\/p>\n<p class=\" wall-content\">Personnalisez votre actualit\u00e9 en ajoutant vos villes et m\u00e9dias en favori avec <a href=\"https:\/\/moncompte.actu.fr\" title=\"D\u00e9couvez Mon Actu\" rel=\"nofollow noopener\" data-trk=\"{&quot;cta&quot;:{&quot;action&quot;:&quot;https:\\\/\\\/moncompte.actu.fr&quot;,&quot;category&quot;:&quot;mon compte&quot;,&quot;from&quot;:&quot;article footer&quot;,&quot;name&quot;:&quot;Mon actu&quot;,&quot;type&quot;:&quot;cta&quot;}}\" target=\"_blank\">Mon Actu<\/a>.<\/p>\n","protected":false},"excerpt":{"rendered":"Par Julien Sournies Publi\u00e9 le 28 nov. 2025 \u00e0 10h39 Les forces de l\u2019ordre ne lui ont fait&hellip;\n","protected":false},"author":2,"featured_media":564218,"comment_status":"","ping_status":"","sticky":false,"template":"","format":"standard","meta":{"footnotes":""},"categories":[9653],"tags":[1111,11,2430,1777,674,5915,118,1011,27,12,1072,25,4001],"class_list":{"0":"post-564217","1":"post","2":"type-post","3":"status-publish","4":"format-standard","5":"has-post-thumbnail","7":"category-saint-etienne","8":"tag-actu","9":"tag-actualites","10":"tag-auvergne-rhone-alpes","11":"tag-eu","12":"tag-europe","13":"tag-exces-de-vitesse","14":"tag-faits-divers","15":"tag-fr","16":"tag-france","17":"tag-news","18":"tag-police","19":"tag-republique-francaise","20":"tag-saint-etienne"},"share_on_mastodon":{"url":"https:\/\/pubeurope.com\/@fr\/115626738356479155","error":""},"_links":{"self":[{"href":"https:\/\/www.europesays.com\/fr\/wp-json\/wp\/v2\/posts\/564217","targetHints":{"allow":["GET"]}}],"collection":[{"href":"https:\/\/www.europesays.com\/fr\/wp-json\/wp\/v2\/posts"}],"about":[{"href":"https:\/\/www.europesays.com\/fr\/wp-json\/wp\/v2\/types\/post"}],"author":[{"embeddable":true,"href":"https:\/\/www.europesays.com\/fr\/wp-json\/wp\/v2\/users\/2"}],"replies":[{"embeddable":true,"href":"https:\/\/www.europesays.com\/fr\/wp-json\/wp\/v2\/comments?post=564217"}],"version-history":[{"count":0,"href":"https:\/\/www.europesays.com\/fr\/wp-json\/wp\/v2\/posts\/564217\/revisions"}],"wp:featuredmedia":[{"embeddable":true,"href":"https:\/\/www.europesays.com\/fr\/wp-json\/wp\/v2\/media\/564218"}],"wp:attachment":[{"href":"https:\/\/www.europesays.com\/fr\/wp-json\/wp\/v2\/media?parent=564217"}],"wp:term":[{"taxonomy":"category","embeddable":true,"href":"https:\/\/www.europesays.com\/fr\/wp-json\/wp\/v2\/categories?post=564217"},{"taxonomy":"post_tag","embeddable":true,"href":"https:\/\/www.europesays.com\/fr\/wp-json\/wp\/v2\/tags?post=564217"}],"curies":[{"name":"wp","href":"https:\/\/api.w.org\/{rel}","templated":true}]}}