{"id":564219,"date":"2025-11-28T09:59:17","date_gmt":"2025-11-28T09:59:17","guid":{"rendered":"https:\/\/www.europesays.com\/fr\/564219\/"},"modified":"2025-11-28T09:59:17","modified_gmt":"2025-11-28T09:59:17","slug":"la-police-fait-place-nette-a-beaubrun-tarentaize","status":"publish","type":"post","link":"https:\/\/www.europesays.com\/fr\/564219\/","title":{"rendered":"la police fait place nette \u00e0 Beaubrun\/Tarentaize"},"content":{"rendered":"<p>Des gyrophares qui \u00e9clairent la nuit glaciale de l\u2019hyper-centre st\u00e9phanois, des agents des administrations fran\u00e7aises \u00e9quip\u00e9s de brassards et de carnets de notes, ainsi que des policiers. Tr\u00e8s nombreux. C\u2019est la sc\u00e8ne \u00e0 laquelle ont pu assister les riverains du palais de justice de Saint-Etienne, ce jeudi en fin de journ\u00e9e.<\/p>\n<p>Un peu avant 18 heures, les mailles du filet se sont referm\u00e9es autour des diff\u00e9rents commerces et bars associatifs des rues Georges-Teissier, Michel-Rondet et Pierre-Lucien-Buisson, dans le quartier de Tarentaize\/Beaubrun.<\/p>\n<p>  Dans la continuit\u00e9 des actions rue Antoine-Durafour<\/p>\n<p>Alors que les \u00e9quipes de la Brigade motoris\u00e9e de Saint-Etienne et de la police municipale barraient l\u2019acc\u00e8s, pr\u00e8s d\u2019une centaine de personnels est mobilis\u00e9e pour une vaste op\u00e9ration de contr\u00f4le plac\u00e9e sous la tutelle de la pr\u00e9f\u00e8te de la Loire, Muriel Nguyen, et de la procureure de la R\u00e9publique de Saint-Etienne, Anne Gaches.<\/p>\n<p>Pr\u00e9sent sur place au soutien des hommes de la CRS 83, sp\u00e9cialiste des violences urbaines, de la section d\u2019intervention, de la Brigade anticriminalit\u00e9 et bien d\u2019autres \u00e9quipages de police, le Directeur interd\u00e9partemental de la police nationale de la Loire, Yves Cellier, a du mal \u00e0 cacher sa satisfaction. \u00ab\u00a0Dans la continuit\u00e9 des actions men\u00e9es rue Antoine-Durafour \u00e0 Saint-Etienne ou dans le centre-ville de Ricamarie, nous menons une op\u00e9ration d\u2019ampleur qui vise \u00e0 apaiser le quartier suite \u00e0 de nombreux signalements r\u00e9alis\u00e9s aupr\u00e8s de nos services\u00a0\u00bb explique-t-il.<\/p>\n<p>  Stationnements anarchiques et divagation cr\u00e9ent de l\u2019ins\u00e9curit\u00e9<\/p>\n<p>Son adjoint, Jonathan Rey, embraye\u00a0: \u00ab\u00a0En pr\u00e9sence des services des imp\u00f4ts, des douanes, de la r\u00e9pression des fraudes, de l\u2019URSSAF et de la Direction d\u00e9partementale de la protection des populations (DDPP), nous r\u00e9alisons des contr\u00f4les dans les diff\u00e9rents commerces et associations communautaires pour mettre \u00e0 jour des infractions li\u00e9es au travail ill\u00e9gal, au trafic de stup\u00e9fiants, de cigarettes, de contrefa\u00e7ons sans oublier le recouvrement de dettes fiscales\u00a0\u00bb.<\/p>\n<p>Et Yves Cellier de reprendre\u00a0: \u00ab\u00a0Bien souvent, on ignore l\u2019objet social de ces \u00e9tablissements autour desquels des stationnements anarchiques et la divagation d\u2019individus troublent l\u2019ordre public, cr\u00e9ant un sentiment d\u2019ins\u00e9curit\u00e9 pour la population\u00a0\u00bb.<\/p>\n<p>Ainsi, pendant de longues minutes, les responsables de restaurants, de bureaux de tabac, de bars associatifs ou de de barber shops sont interrog\u00e9s. Leurs locaux sont pass\u00e9s au peigne fin tandis que les forces de l\u2019ordre quadrillent la zone.<\/p>\n<p>  Un bouclier demand\u00e9 pour enfoncer une porte<\/p>\n<p>Selon nos informations recueillies sur place, des dizaines de cartouche de contrebande sont saisies et au moins une personne est plac\u00e9e en garde \u00e0 vue.<\/p>\n<p>Un peu avant 19 heures, un bouclier est demand\u00e9 pour enfoncer la porte d\u2019une r\u00e9serve qui r\u00e9siste aux policiers. Enfonc\u00e9e en quelques minutes, cette derni\u00e8re donne sur une r\u00e9serve qui va, \u00e0 son tour, \u00eatre fouill\u00e9e minutieusement. Au terme de plusieurs minutes, des fonctionnaires remontent les escaliers les bras charg\u00e9s d\u2019importants sacs en plastique. \u00c0 l\u2019int\u00e9rieur\u00a0: plusieurs dizaines de cartouches de cigarettes qui vont venir compl\u00e9ter les premi\u00e8res saisies.<\/p>\n<p>Un large sourire aux bords des l\u00e8ves, le patron des policiers lig\u00e9riens lancent \u00e0 son auditoire\u00a0: \u00ab\u00a0Notre action permet de faire rayonner la justice autour de son palais\u00a0\u00bb. Un bilan de l\u2019op\u00e9ration complet sera r\u00e9alis\u00e9 prochainement par les services de l\u2019Etat et de la justice.<\/p>\n","protected":false},"excerpt":{"rendered":"Des gyrophares qui \u00e9clairent la nuit glaciale de l\u2019hyper-centre st\u00e9phanois, des agents des administrations fran\u00e7aises \u00e9quip\u00e9s de brassards&hellip;\n","protected":false},"author":2,"featured_media":564220,"comment_status":"","ping_status":"","sticky":false,"template":"","format":"standard","meta":{"footnotes":""},"categories":[9653],"tags":[1111,11,2430,4406,271,272,33,7539,1777,674,274,1011,27,3367,12,25,4001,7538,71,104],"class_list":{"0":"post-564219","1":"post","2":"type-post","3":"status-publish","4":"format-standard","5":"has-post-thumbnail","7":"category-saint-etienne","8":"tag-actu","9":"tag-actualites","10":"tag-auvergne-rhone-alpes","11":"tag-commerce-et-services","12":"tag-crime","13":"tag-delit-et-contravention","14":"tag-economie","15":"tag-edition-loire-sud","16":"tag-eu","17":"tag-europe","18":"tag-faits-divers-justice","19":"tag-fr","20":"tag-france","21":"tag-loire","22":"tag-news","23":"tag-republique-francaise","24":"tag-saint-etienne","25":"tag-saint-etienne-ville","26":"tag-sante","27":"tag-societe"},"share_on_mastodon":{"url":"https:\/\/pubeurope.com\/@fr\/115626742048466229","error":""},"_links":{"self":[{"href":"https:\/\/www.europesays.com\/fr\/wp-json\/wp\/v2\/posts\/564219","targetHints":{"allow":["GET"]}}],"collection":[{"href":"https:\/\/www.europesays.com\/fr\/wp-json\/wp\/v2\/posts"}],"about":[{"href":"https:\/\/www.europesays.com\/fr\/wp-json\/wp\/v2\/types\/post"}],"author":[{"embeddable":true,"href":"https:\/\/www.europesays.com\/fr\/wp-json\/wp\/v2\/users\/2"}],"replies":[{"embeddable":true,"href":"https:\/\/www.europesays.com\/fr\/wp-json\/wp\/v2\/comments?post=564219"}],"version-history":[{"count":0,"href":"https:\/\/www.europesays.com\/fr\/wp-json\/wp\/v2\/posts\/564219\/revisions"}],"wp:featuredmedia":[{"embeddable":true,"href":"https:\/\/www.europesays.com\/fr\/wp-json\/wp\/v2\/media\/564220"}],"wp:attachment":[{"href":"https:\/\/www.europesays.com\/fr\/wp-json\/wp\/v2\/media?parent=564219"}],"wp:term":[{"taxonomy":"category","embeddable":true,"href":"https:\/\/www.europesays.com\/fr\/wp-json\/wp\/v2\/categories?post=564219"},{"taxonomy":"post_tag","embeddable":true,"href":"https:\/\/www.europesays.com\/fr\/wp-json\/wp\/v2\/tags?post=564219"}],"curies":[{"name":"wp","href":"https:\/\/api.w.org\/{rel}","templated":true}]}}