{"id":564235,"date":"2025-11-28T10:08:27","date_gmt":"2025-11-28T10:08:27","guid":{"rendered":"https:\/\/www.europesays.com\/fr\/564235\/"},"modified":"2025-11-28T10:08:27","modified_gmt":"2025-11-28T10:08:27","slug":"big-bang-a-lopera-rouen-fr","status":"publish","type":"post","link":"https:\/\/www.europesays.com\/fr\/564235\/","title":{"rendered":"Big bang \u00e0 l&rsquo;Op\u00e9ra | Rouen.fr"},"content":{"rendered":"\n<p>         Publi\u00e9 le\u00a0:\u00a0       <\/p>\n<p>Vendredi 28 novembre 2025 &#8211; 07h49<\/p>\n<p>         Th\u00e8me d\u2019actualit\u00e9\u00a0:\u00a0       <\/p>\n<p>                            <img loading=\"lazy\" decoding=\"async\" typeof=\"foaf:Image\" src=\"https:\/\/www.europesays.com\/fr\/wp-content\/uploads\/2025\/11\/24cd1201bbf_1437.jpg\" width=\"640\" height=\"427\" alt=\"Photo : Caroline Doutre\"\/>                          <\/p>\n<p>Eclats de rires et musique. C&rsquo;est le programme du Big bang festival qui accueille les familles \u00e0 l&rsquo;Op\u00e9ra en cette toute fin novembre.<br \/>Le v\u00e9n\u00e9rable \u00e9tablissement ouvre ses portes pour proposer animations et spectacles o\u00f9 la musique r\u00e9sonne\u00a0dans tous les coins. Et o\u00f9 la fantaisie r\u00e8gne en ma\u00eetresse ; \u00e0 l&rsquo;image de l&rsquo;orchestre de bassines ou du piano en pi\u00e8ces d\u00e9tach\u00e9es. L&rsquo;occasion de rencontrer la chanteuse Aline Goffin qui chante Kate Bush ou encore le harpiste Ranie Ribeiro&#8230; Au gr\u00e9 des ateliers, il est aussi question de maquillage, de sieste musicale, de fabrication de masque et de photomaton. La f\u00eate, quoi !<\/p>\n<p>Informations pratiques<\/p>\n<p>Big bang festival, les 29 et 30 novembre, th\u00e9\u00e2tre des Arts. Toutes les infos sur\u00a0<a href=\"https:\/\/www.operaorchestrenormandierouen.fr\/big-bang-festival\/\" class=\"elf-external elf-icon\" target=\"_blank\" rel=\"noopener\">big-bang-festival\/<\/a><\/p>\n","protected":false},"excerpt":{"rendered":"Publi\u00e9 le\u00a0:\u00a0 Vendredi 28 novembre 2025 &#8211; 07h49 Th\u00e8me d\u2019actualit\u00e9\u00a0:\u00a0 Eclats de rires et musique. C&rsquo;est le programme&hellip;\n","protected":false},"author":2,"featured_media":564236,"comment_status":"","ping_status":"","sticky":false,"template":"","format":"standard","meta":{"footnotes":""},"categories":[9587],"tags":[1111,11,1777,674,1011,27,12,5161,25,9590],"class_list":{"0":"post-564235","1":"post","2":"type-post","3":"status-publish","4":"format-standard","5":"has-post-thumbnail","7":"category-rouen","8":"tag-actu","9":"tag-actualites","10":"tag-eu","11":"tag-europe","12":"tag-fr","13":"tag-france","14":"tag-news","15":"tag-normandie","16":"tag-republique-francaise","17":"tag-rouen"},"share_on_mastodon":{"url":"https:\/\/pubeurope.com\/@fr\/115626778311271486","error":""},"_links":{"self":[{"href":"https:\/\/www.europesays.com\/fr\/wp-json\/wp\/v2\/posts\/564235","targetHints":{"allow":["GET"]}}],"collection":[{"href":"https:\/\/www.europesays.com\/fr\/wp-json\/wp\/v2\/posts"}],"about":[{"href":"https:\/\/www.europesays.com\/fr\/wp-json\/wp\/v2\/types\/post"}],"author":[{"embeddable":true,"href":"https:\/\/www.europesays.com\/fr\/wp-json\/wp\/v2\/users\/2"}],"replies":[{"embeddable":true,"href":"https:\/\/www.europesays.com\/fr\/wp-json\/wp\/v2\/comments?post=564235"}],"version-history":[{"count":0,"href":"https:\/\/www.europesays.com\/fr\/wp-json\/wp\/v2\/posts\/564235\/revisions"}],"wp:featuredmedia":[{"embeddable":true,"href":"https:\/\/www.europesays.com\/fr\/wp-json\/wp\/v2\/media\/564236"}],"wp:attachment":[{"href":"https:\/\/www.europesays.com\/fr\/wp-json\/wp\/v2\/media?parent=564235"}],"wp:term":[{"taxonomy":"category","embeddable":true,"href":"https:\/\/www.europesays.com\/fr\/wp-json\/wp\/v2\/categories?post=564235"},{"taxonomy":"post_tag","embeddable":true,"href":"https:\/\/www.europesays.com\/fr\/wp-json\/wp\/v2\/tags?post=564235"}],"curies":[{"name":"wp","href":"https:\/\/api.w.org\/{rel}","templated":true}]}}