{"id":564241,"date":"2025-11-28T10:13:41","date_gmt":"2025-11-28T10:13:41","guid":{"rendered":"https:\/\/www.europesays.com\/fr\/564241\/"},"modified":"2025-11-28T10:13:41","modified_gmt":"2025-11-28T10:13:41","slug":"il-est-encore-temps-de-se-faire-vacciner-contre-la-grippe-pour-lars-bretagne","status":"publish","type":"post","link":"https:\/\/www.europesays.com\/fr\/564241\/","title":{"rendered":"\u00ab\u00a0Il est encore temps de se faire vacciner contre la grippe\u00a0\u00bb , pour l&rsquo;ARS Bretagne"},"content":{"rendered":"<p class=\"block date\" id=\"dateEtAuteur\">Publi\u00e9 : 27 novembre 2025 \u00e0 11h21 &#8211; Modifi\u00e9 : 27 novembre 2025 \u00e0 11h27 No\u00eblline  GARON <\/p>\n<p><img decoding=\"async\" class=\"\" style=\"width:100%\" src=\"https:\/\/www.europesays.com\/fr\/wp-content\/uploads\/2025\/11\/VACCIN_GRIPPE_PHARMACIE_VANNES_JANV_20251764238977004.jpg\" alt=\"Vaccination contre la grippe\"\/><\/p>\n<p>Cr\u00e9dit : Yann Launay (archives)<\/p>\n<p>La campagne de vaccination contre la grippe se poursuit jusqu&rsquo;au 31 janvier 2026. Alors que la Bretagne n&rsquo;est pas encore en phase \u00e9pid\u00e9mique, le virus circule de plus en plus. L&rsquo;Agence r\u00e9gionale de sant\u00e9 (ARS) rappelle qu&rsquo;il n&rsquo;est pas trop tard pour se faire vacciner.  <\/p>\n<p>\u00ab\u00a0Il est encore temps de se faire vacciner contre la grippe \u00ab\u00a0, c\u2019est le message martel\u00e9 ce mercredi par l\u2019Agence r\u00e9gionale de Sant\u00e9 de Bretagne. La campagne de vaccination se poursuit jusqu&rsquo;\u00e0 la fin du mois de janvier.\u00a0M\u00eame si pour le moment, on n\u2019est <a href=\"https:\/\/www.sentiweb.fr\/bretagne\/fr\/?\" rel=\"noopener\" target=\"_blank\">pas encore en phase \u00e9pid\u00e9mique<\/a>, le nombre de contaminations augmente.<\/p>\n<p>La campagne de vaccination a plut\u00f4t bien d\u00e9marr\u00e9, \u00ab\u00a0on est au-dessus des taux de vaccination effectu\u00e9s et rembours\u00e9s par rapport \u00e0 la m\u00eame p\u00e9riode de l&rsquo;ann\u00e9e derni\u00e8re. Et par rapport \u00e0 l&rsquo;ensemble de la France, on est \u00e0 pr\u00e8s de 35% de personnes vaccin\u00e9es dans les populations cibl\u00e9es, contre 30% de moyenne nationale\u00a0\u00bb, pr\u00e9cise Chryst\u00e8le Le Bihan, Directrice adjointe coordination r\u00e9gionale de la gestion du risque de l\u2019Assurance maladie.<\/p>\n<p>\u00a0<\/p>\n<p><img loading=\"lazy\" decoding=\"async\" style=\"display: block; margin-left: auto; margin-right: auto;\" src=\"https:\/\/www.europesays.com\/fr\/wp-content\/uploads\/2025\/11\/2JbxroAeQ4.jpeg\" alt=\"\" width=\"500\" height=\"304\"\/><\/p>\n<p style=\"text-align: center;\">L&rsquo;ARS Bretagne a tenu une conf\u00e9rence de presse ce mercredi 26 novembre 2025.<\/p>\n<p style=\"text-align: center;\">\u00a0<\/p>\n<p><strong>On enregistre m\u00eame une hausse de 14% dans le Finist\u00e8re, avec pr\u00e8s de 100 500 vaccins rembours\u00e9s.<\/strong><\/p>\n<p>Chryst\u00e8le Le BihanChryst\u00e8le Le Bihan<\/p>\n<p>Cr\u00e9dit : No\u00eblline Garon<\/p>\n<blockquote><p>\nLa vaccination des professionnels de sant\u00e9 : \u00ab\u00a0peut mieux faire\u00a0\u00bb\n<\/p><\/blockquote>\n<p>\u00a0<\/p>\n<p>Si les personnes fragiles, les plus de 65 ans ou les femmes enceintes ont pour la plupart d\u00e9j\u00e0 r\u00e9alis\u00e9 leurs vaccins, le bilan n&rsquo;est pas aussi positif chez les professionnels de sant\u00e9. \u00ab\u00a0<strong>On constate malgr\u00e9 tout une d\u00e9gradation de la couverture vaccinale des professionnels de sant\u00e9 depuis le Covid. On est \u00e0 un sur cinq.<\/strong> C&rsquo;est vrai que ce n&rsquo;\u00e9tait d\u00e9j\u00e0 pas tr\u00e8s \u00e9lev\u00e9, mais cela a diminu\u00e9 depuis le Covid. Or on le rappelle, c&rsquo;est un enjeu de responsabilit\u00e9 collective et c&rsquo;est l&rsquo;ensemble de la population cible qui doit renforcer sa protection par l&rsquo;acc\u00e8s au vaccin. <\/p>\n<p>Aujourd&rsquo;hui, on a \u00e0 peu pr\u00e8s dans cette population cible pour laquelle il y a une prise en charge \u00e0 100%, une personne sur deux qui se vaccine. Donc il faut qu&rsquo;on fasse monter ce taux de couverture \u00e0 75%. Il reste encore des marges de progression et pas uniquement pour les professionnels de sant\u00e9, mais ils font partie de l&rsquo;entourage des personnes fragiles \u00e0 l&rsquo;h\u00f4pital et dans les structures, d&rsquo;o\u00f9 l&rsquo;enjeu de leur vaccination\u00a0\u00bb, explique Nathalie Le Formal, Directrice de la sant\u00e9 publique \u00e0 l\u2019ARS Bretagne.<\/p>\n<p>Nathalie Le FormalNathalie Le Formal<\/p>\n<p>Cr\u00e9dit : No\u00eblline Garon<\/p>\n<blockquote><p>\nLes \u00e9leveurs de porcs et de volailles incit\u00e9s \u00e0 se faire vacciner\n<\/p><\/blockquote>\n<p>\u00a0<\/p>\n<p>Autre public cible de cette campagne de vaccination contre la grippe : les \u00e9leveurs de porcs et de volailles. Depuis 2022, les autorit\u00e9s sanitaires recommandent vivement \u00e0 ces professionnels, et plus largement \u00e0 toutes les personnes qui travaillent en contact avec ces animaux (v\u00e9t\u00e9rinaires, transporteurs, salari\u00e9s d&rsquo;abattoir&#8230;) de se faire vacciner.<\/p>\n<p><strong>\u00ab\u00a0Le but est de se prot\u00e9ger contre la grippe humaine, soit \u00e0 titre personnel parce qu&rsquo;elles rentrent dans la population cible, mais en tant que professionnels aussi pour \u00e9viter le risque d&rsquo;\u00eatre co-infect\u00e9s \u00e0 la fois par le virus de la grippe humaine et par les virus influenza, porcins ou aviaires. <\/strong>Ce qu&rsquo;on veut c&rsquo;est \u00e9viter la co-infection d&rsquo;un individu avec des virus humains et des virus animaux, aviaires ou porcins, pour que ces virus ne puissent pas se rencontrer et se r\u00e9assortir entre eux. Le risque des virus r\u00e9assortis serait qu&rsquo;il y ait un virus qui \u00e9mergerait, qet ui serait beaucoup mieux adapt\u00e9 \u00e0 l&rsquo;\u00eatre humain et qui pourrait provoquer des \u00e9pisodes de grippe zoonotique plus larges\u00a0\u00bb, argumente Christine F\u00e9breau pharmacienne \u00e0 la direction veille et s\u00e9curit\u00e9 sanitaire \u00e0 l\u2019ARS Bretagne.<\/p>\n<p>\u00a0<\/p>\n<p>Christine F\u00e9breauChristine F\u00e9breau<\/p>\n<p>Cr\u00e9dit : No\u00eblline Garon<\/p>\n<p><img decoding=\"async\" class=\"\" style=\"width:100%\" src=\"https:\/\/www.europesays.com\/fr\/wp-content\/uploads\/2025\/11\/ARS_Bretagne_vaccination_grippe_31764234848687.jpeg\" alt=\"L'ARS Bretagne a tenu une conf\u00e9rence de presse ce mercredi\"\/> <\/p>\n<p>Rappelons qu\u2019un seul cas de grippe zoonotique a \u00e9t\u00e9 d\u00e9cel\u00e9 en France, c\u2019\u00e9tait en 2021, en Bretagne, une transmission \u00e0 l\u2019homme par un porc infect\u00e9.<\/p>\n<p>L\u2019an dernier, on a enregistr\u00e9 en Bretagne 5 000 passages aux urgences \u00e0 cause de la grippe et 11 000 interventions de SOS M\u00e9decins.<\/p>\n","protected":false},"excerpt":{"rendered":"Publi\u00e9 : 27 novembre 2025 \u00e0 11h21 &#8211; Modifi\u00e9 : 27 novembre 2025 \u00e0 11h27 No\u00eblline GARON Cr\u00e9dit&hellip;\n","protected":false},"author":2,"featured_media":564242,"comment_status":"","ping_status":"","sticky":false,"template":"","format":"standard","meta":{"footnotes":""},"categories":[2821],"tags":[1111,11,35712,68011,829,13431,68012,68014,1777,674,1011,27,29786,68017,68018,12,584,25,68013,68016,68015],"class_list":{"0":"post-564241","1":"post","2":"type-post","3":"status-publish","4":"format-standard","5":"has-post-thumbnail","7":"category-rennes","8":"tag-actu","9":"tag-actualites","10":"tag-ars","11":"tag-ars-bretagne","12":"tag-bretagne","13":"tag-cpam","14":"tag-cpam-bretagne","15":"tag-epidemie-grippe-hiver","16":"tag-eu","17":"tag-europe","18":"tag-fr","19":"tag-france","20":"tag-grippe","21":"tag-grippe-zoonotique","22":"tag-influenza","23":"tag-news","24":"tag-rennes","25":"tag-republique-francaise","26":"tag-vaccin-grippe","27":"tag-vaccin-grippe-eleveurs","28":"tag-vaccin-grippe-soignant"},"share_on_mastodon":{"url":"https:\/\/pubeurope.com\/@fr\/115626798511543529","error":""},"_links":{"self":[{"href":"https:\/\/www.europesays.com\/fr\/wp-json\/wp\/v2\/posts\/564241","targetHints":{"allow":["GET"]}}],"collection":[{"href":"https:\/\/www.europesays.com\/fr\/wp-json\/wp\/v2\/posts"}],"about":[{"href":"https:\/\/www.europesays.com\/fr\/wp-json\/wp\/v2\/types\/post"}],"author":[{"embeddable":true,"href":"https:\/\/www.europesays.com\/fr\/wp-json\/wp\/v2\/users\/2"}],"replies":[{"embeddable":true,"href":"https:\/\/www.europesays.com\/fr\/wp-json\/wp\/v2\/comments?post=564241"}],"version-history":[{"count":0,"href":"https:\/\/www.europesays.com\/fr\/wp-json\/wp\/v2\/posts\/564241\/revisions"}],"wp:featuredmedia":[{"embeddable":true,"href":"https:\/\/www.europesays.com\/fr\/wp-json\/wp\/v2\/media\/564242"}],"wp:attachment":[{"href":"https:\/\/www.europesays.com\/fr\/wp-json\/wp\/v2\/media?parent=564241"}],"wp:term":[{"taxonomy":"category","embeddable":true,"href":"https:\/\/www.europesays.com\/fr\/wp-json\/wp\/v2\/categories?post=564241"},{"taxonomy":"post_tag","embeddable":true,"href":"https:\/\/www.europesays.com\/fr\/wp-json\/wp\/v2\/tags?post=564241"}],"curies":[{"name":"wp","href":"https:\/\/api.w.org\/{rel}","templated":true}]}}