{"id":564243,"date":"2025-11-28T10:14:17","date_gmt":"2025-11-28T10:14:17","guid":{"rendered":"https:\/\/www.europesays.com\/fr\/564243\/"},"modified":"2025-11-28T10:14:17","modified_gmt":"2025-11-28T10:14:17","slug":"coup-de-theatre-laurore-vitre-perd-sur-tapis-vert-contre-rennes","status":"publish","type":"post","link":"https:\/\/www.europesays.com\/fr\/564243\/","title":{"rendered":"coup de th\u00e9\u00e2tre, l\u2019Aurore Vitr\u00e9 perd sur tapis vert contre Rennes"},"content":{"rendered":"<p>                    Par<br \/>\n        <strong><br \/>\n            <a href=\"https:\/\/actu.fr\/auteur\/maxime-turberville\" title=\"Consulter tous les articles de Maxime Turberville\" target=\"_blank\" rel=\"noopener\">Maxime Turberville<\/a><br \/>\n                    <\/strong><\/p>\n<p>        Publi\u00e9 le<\/p>\n<p>            28 nov. 2025 \u00e0 10h56        <\/p>\n<p>L\u2019Aurore Vitr\u00e9 (Ille-et-Vilaine) l\u2019a amer. <b>Jeudi 27\u00a0novembre<\/b> 2025, le club a appris la <b>d\u00e9faite sur tapis vert <\/b>de son \u00e9quipe de NM1 apr\u00e8s le match remport\u00e9 82-71\u00a0contre <b>l\u2019Union Rennes Basket<\/b> (URB),<a href=\"https:\/\/actu.fr\/bretagne\/vitre_35360\/basket-n1m-vitre-mate-rennes-grace-a-une-premiere-mi-temps-de-reve_63365704.html\" target=\"_blank\" rel=\"noopener\"> mardi 28\u00a0octobre<\/a>. Pour rappel, la rencontre avait \u00e9t\u00e9 report\u00e9e \u00e0 <b>cause d\u2019un probl\u00e8me technique<\/b>, <a href=\"https:\/\/actu.fr\/bretagne\/vitre_35360\/basket-nm1-match-arrete-entre-vitre-et-rennes-a-cause-dun-probleme-technique_63286991.html\" target=\"_blank\" rel=\"noopener\">vendredi 10\u00a0octobre<\/a>.<\/p>\n<p>\u00ab\u2009L\u2019administratif l\u2019emporte sur le sportif\u2009\u00bb<\/p>\n<p class=\" wall-content\">C\u2019est un arbitrage qui risque de faire causer. La <b>Chambre d\u2019appel de la FFB<\/b> a communiqu\u00e9 une d\u00e9cision qui \u00ab\u2009surprend fortement\u2009\u00bb l\u2019Aurore Vitr\u00e9.<\/p>\n<p class=\" wall-content\">Dans un communiqu\u00e9, le club explique que la Chambre d\u2019Appel a choisi \u00ab\u2009d\u2019annuler le r\u00e9sultat\u2009\u00bb et de prononcer \u00ab\u2009la perte par p\u00e9nalit\u00e9 de la rencontre du 10\u00a0octobre\u2009\u00bb.<\/p>\n<p class=\" wall-content\">Pour le club vitr\u00e9en\u2009: \u00ab\u2009L\u2019administratif l\u2019emporte sur le sportif, alors que le match a bel et bien \u00e9t\u00e9 rejou\u00e9 et gagn\u00e9 sur le terrain\u2009\u00bb. Vendredi 10\u00a0octobre, le match avait \u00e9t\u00e9 arr\u00eat\u00e9 au bout de 10\u00a0minutes alors que l\u2019URB menait 14-19.<\/p>\n<p class=\" wall-content\">La raison\u2009? <b>Une panne de chronom\u00e9trage<\/b>, qui a contraint les arbitres \u00e0 mettre un terme \u00e0 la rencontre.<\/p>\n<p>Vid\u00e9os : en ce moment sur Actu<\/p>\n<p class=\" wall-content\">\u00ab\u2009Le probl\u00e8me de chronom\u00e8tre \u00e0 l\u2019origine de l\u2019arr\u00eat du match \u00e9tait impr\u00e9visible, comme peut l\u2019\u00eatre tout probl\u00e8me technique dans un \u00e9quipement sportif. La d\u00e9cision de stopper la rencontre\u00a0a \u00e9t\u00e9 prise par les arbitres, et non par l\u2019Aurore Vitr\u00e9. Pourtant, c\u2019est bien notre club qui se retrouve p\u00e9nalis\u00e9\u2009\u00bb, poursuit l\u2019Aurore qui s\u2019interroge par ailleurs.<\/p>\n<p>Votre r\u00e9gion, votre actu !<\/p>\n<p>Recevez chaque jour les infos qui comptent pour vous.<\/p>\n<p>\t<a href=\"https:\/\/actu.fr\/newsletter\" class=\"ac-btn ac-btn--corner ac-btn--medium ac-btn--blue800\" target=\"_blank\" rel=\"noopener\">S&rsquo;incrire<\/a><\/p>\n<p class=\" wall-content\">\u00ab\u2009La commission f\u00e9d\u00e9rale avait d\u00e9cid\u00e9 de rejouer le match \u2013 d\u00e9cision contest\u00e9e par l\u2019URB \u2013 mais n\u2019\u00e9tait pas pr\u00e9sente \u00e0 la s\u00e9ance d\u2019appel. Elle n\u2019a donc pas pu intervenir pour rappeler les \u00e9l\u00e9ments ayant motiv\u00e9 sa premi\u00e8re d\u00e9cision.\u2009\u00bb<\/p>\n<p class=\" wall-content\">L\u2019Aurore Vitr\u00e9 estime que la d\u00e9cision constitue \u00ab\u2009une double p\u00e9nalit\u00e9\u2009\u00bb.<\/p>\n<blockquote class=\"ac-article-quote wall-content\">\n<p>Non seulement notre victoire sur le terrain est effac\u00e9e, mais nous perdons deux points au classement quand l\u2019\u00e9quipe adverse en gagne deux. En temps normal, une d\u00e9faite rapporte un point\u2009: ici, nous en perdons deux.<\/p>\n<\/blockquote>\n<p class=\" wall-content\">Le feuilleton n\u2019est pour autant pas termin\u00e9. Les Vitr\u00e9ens annoncent analyser \u00ab\u2009les voies de recours qui s\u2019offrent \u00e0 eux\u2009\u00bb.<\/p>\n<p class=\" wall-content\">Personnalisez votre actualit\u00e9 en ajoutant vos villes et m\u00e9dias en favori avec <a href=\"https:\/\/moncompte.actu.fr\" title=\"D\u00e9couvez Mon Actu\" rel=\"nofollow noopener\" data-trk=\"{&quot;cta&quot;:{&quot;action&quot;:&quot;https:\\\/\\\/moncompte.actu.fr&quot;,&quot;category&quot;:&quot;mon compte&quot;,&quot;from&quot;:&quot;article footer&quot;,&quot;name&quot;:&quot;Mon actu&quot;,&quot;type&quot;:&quot;cta&quot;}}\" target=\"_blank\">Mon Actu<\/a>.<\/p>\n","protected":false},"excerpt":{"rendered":"Par Maxime Turberville Publi\u00e9 le 28 nov. 2025 \u00e0 10h56 L\u2019Aurore Vitr\u00e9 (Ille-et-Vilaine) l\u2019a amer. Jeudi 27\u00a0novembre 2025,&hellip;\n","protected":false},"author":2,"featured_media":564244,"comment_status":"","ping_status":"","sticky":false,"template":"","format":"standard","meta":{"footnotes":""},"categories":[2821],"tags":[1111,11,27426,829,1777,674,1011,27,12,584,25,60],"class_list":{"0":"post-564243","1":"post","2":"type-post","3":"status-publish","4":"format-standard","5":"has-post-thumbnail","7":"category-rennes","8":"tag-actu","9":"tag-actualites","10":"tag-aurore-basket","11":"tag-bretagne","12":"tag-eu","13":"tag-europe","14":"tag-fr","15":"tag-france","16":"tag-news","17":"tag-rennes","18":"tag-republique-francaise","19":"tag-sports"},"share_on_mastodon":{"url":"https:\/\/pubeurope.com\/@fr\/115626800918878323","error":""},"_links":{"self":[{"href":"https:\/\/www.europesays.com\/fr\/wp-json\/wp\/v2\/posts\/564243","targetHints":{"allow":["GET"]}}],"collection":[{"href":"https:\/\/www.europesays.com\/fr\/wp-json\/wp\/v2\/posts"}],"about":[{"href":"https:\/\/www.europesays.com\/fr\/wp-json\/wp\/v2\/types\/post"}],"author":[{"embeddable":true,"href":"https:\/\/www.europesays.com\/fr\/wp-json\/wp\/v2\/users\/2"}],"replies":[{"embeddable":true,"href":"https:\/\/www.europesays.com\/fr\/wp-json\/wp\/v2\/comments?post=564243"}],"version-history":[{"count":0,"href":"https:\/\/www.europesays.com\/fr\/wp-json\/wp\/v2\/posts\/564243\/revisions"}],"wp:featuredmedia":[{"embeddable":true,"href":"https:\/\/www.europesays.com\/fr\/wp-json\/wp\/v2\/media\/564244"}],"wp:attachment":[{"href":"https:\/\/www.europesays.com\/fr\/wp-json\/wp\/v2\/media?parent=564243"}],"wp:term":[{"taxonomy":"category","embeddable":true,"href":"https:\/\/www.europesays.com\/fr\/wp-json\/wp\/v2\/categories?post=564243"},{"taxonomy":"post_tag","embeddable":true,"href":"https:\/\/www.europesays.com\/fr\/wp-json\/wp\/v2\/tags?post=564243"}],"curies":[{"name":"wp","href":"https:\/\/api.w.org\/{rel}","templated":true}]}}