{"id":564245,"date":"2025-11-28T10:15:26","date_gmt":"2025-11-28T10:15:26","guid":{"rendered":"https:\/\/www.europesays.com\/fr\/564245\/"},"modified":"2025-11-28T10:15:26","modified_gmt":"2025-11-28T10:15:26","slug":"lintuition-geniale-de-lalsacien-guillaume-ringele","status":"publish","type":"post","link":"https:\/\/www.europesays.com\/fr\/564245\/","title":{"rendered":"l\u2019intuition g\u00e9niale de l\u2019Alsacien Guillaume Ringele"},"content":{"rendered":"<p>Il est des march\u00e9s de niche qui, parfois, percent pour devenir grand public, faisant ainsi le bonheur des entrepreneurs ayant su saisir avant tout le monde le sens dans lequel soufflerait le vent.<\/p>\n<p>Au d\u00e9but des ann\u00e9es 2010, Guillaume Ringele cr\u00e9e tous azimuts des sites web sur des sujets de niche. Recette de p\u00e2te \u00e0 gaufre, \u00e9ligibilit\u00e9 \u00e0 la fibre optique\u2026 \u00ab\u00a0Je voulais r\u00e9pondre \u00e0 des besoins \u00e9mergents, mais il est difficile de percer face aux mastodontes d\u00e9j\u00e0 install\u00e9s\u00a0\u00bb, raconte l\u2019entrepreneur qui d\u00e9couvre en regardant une s\u00e9rie am\u00e9ricaine \u00e0&#8230;<\/p>\n","protected":false},"excerpt":{"rendered":"Il est des march\u00e9s de niche qui, parfois, percent pour devenir grand public, faisant ainsi le bonheur des&hellip;\n","protected":false},"author":2,"featured_media":564246,"comment_status":"","ping_status":"","sticky":false,"template":"","format":"standard","meta":{"footnotes":""},"categories":[2820],"tags":[1111,11,2389,4406,33,1777,674,107,3183,1011,27,775,12,25,640,216],"class_list":{"0":"post-564245","1":"post","2":"type-post","3":"status-publish","4":"format-standard","5":"has-post-thumbnail","7":"category-strasbourg","8":"tag-actu","9":"tag-actualites","10":"tag-alsace","11":"tag-commerce-et-services","12":"tag-economie","13":"tag-eu","14":"tag-europe","15":"tag-fil-info","16":"tag-finance-et-fiscalite","17":"tag-fr","18":"tag-france","19":"tag-grand-est","20":"tag-news","21":"tag-republique-francaise","22":"tag-strasbourg","23":"tag-vie-des-entreprises"},"share_on_mastodon":{"url":"https:\/\/pubeurope.com\/@fr\/115626804861103891","error":""},"_links":{"self":[{"href":"https:\/\/www.europesays.com\/fr\/wp-json\/wp\/v2\/posts\/564245","targetHints":{"allow":["GET"]}}],"collection":[{"href":"https:\/\/www.europesays.com\/fr\/wp-json\/wp\/v2\/posts"}],"about":[{"href":"https:\/\/www.europesays.com\/fr\/wp-json\/wp\/v2\/types\/post"}],"author":[{"embeddable":true,"href":"https:\/\/www.europesays.com\/fr\/wp-json\/wp\/v2\/users\/2"}],"replies":[{"embeddable":true,"href":"https:\/\/www.europesays.com\/fr\/wp-json\/wp\/v2\/comments?post=564245"}],"version-history":[{"count":0,"href":"https:\/\/www.europesays.com\/fr\/wp-json\/wp\/v2\/posts\/564245\/revisions"}],"wp:featuredmedia":[{"embeddable":true,"href":"https:\/\/www.europesays.com\/fr\/wp-json\/wp\/v2\/media\/564246"}],"wp:attachment":[{"href":"https:\/\/www.europesays.com\/fr\/wp-json\/wp\/v2\/media?parent=564245"}],"wp:term":[{"taxonomy":"category","embeddable":true,"href":"https:\/\/www.europesays.com\/fr\/wp-json\/wp\/v2\/categories?post=564245"},{"taxonomy":"post_tag","embeddable":true,"href":"https:\/\/www.europesays.com\/fr\/wp-json\/wp\/v2\/tags?post=564245"}],"curies":[{"name":"wp","href":"https:\/\/api.w.org\/{rel}","templated":true}]}}