{"id":564251,"date":"2025-11-28T10:18:29","date_gmt":"2025-11-28T10:18:29","guid":{"rendered":"https:\/\/www.europesays.com\/fr\/564251\/"},"modified":"2025-11-28T10:18:29","modified_gmt":"2025-11-28T10:18:29","slug":"les-vraies-raisons-du-non-depart-de-franck-haise","status":"publish","type":"post","link":"https:\/\/www.europesays.com\/fr\/564251\/","title":{"rendered":"les vraies raisons du non-d\u00e9part de Franck Haise"},"content":{"rendered":"<p>Nice a encore montr\u00e9 son sens du timing hier soir. Apr\u00e8s avoir encaiss\u00e9 des buts \u00e0 la 3e minute contre Fenerbah\u00e7e (2-1), et \u00e0 la 2e contre le Celta de Vigo (2-1), les Ni\u00e7ois ont repouss\u00e9 les limites de l\u2019impossible en en prenant un au bout de 18 secondes de jeu <a href=\"https:\/\/www.footmercato.net\/a2122343360469119016-ligue-europa-nice-encore-ridiculise-a-porto-lille-explose-le-dinamo-zagreb\" target=\"_blank\" rel=\"noopener\">sur la pelouse de Porto<\/a> (3-0). Mais le GYM a soigneusement respect\u00e9 le folklore local en encha\u00eenant un 17e match sans victoire en Coupe d\u2019Europe (un record avec Lille pour un club fran\u00e7ais), et une 5e d\u00e9faite en autant de rencontres cette saison.<\/p>\n<p>            La suite apr\u00e8s cette publicit\u00e9<\/p>\n<p>\u00abLa s\u00e9rie est horrible, comme la p\u00e9riode et le d\u00e9but de match des Aiglons (\u2026) Le GYM n\u2019a pas cadr\u00e9 le moindre tir, il \u00e9tait inutile de justifier l\u2019injustifiable et <a href=\"https:\/\/www.footmercato.net\/entraineur\/franck-haise\" target=\"_blank\" rel=\"noopener\">Franck Haise<\/a> ne s\u2019y est pas risqu\u00e9\u00bb, \u00e9crit le journal L\u2019\u00c9quipe. Le ton est le m\u00eame chez Nice Matin : \u00abemp\u00eatr\u00e9 dans une crise de r\u00e9sultats, qui cr\u00e9e aussi des remous en interne, l\u2019OGC Nice a poursuivi son calvaire en Ligue Europa ce jeudi soir \u00e0 Porto, o\u00f9 il a \u00e9t\u00e9 battu 3-0. La journ\u00e9e de mardi a \u00e9t\u00e9 riche en \u00e9changes au centre d\u2019entra\u00eenement de l\u2019OGC Nice. Entre Franck Haise et ses joueurs, qui ne go\u00fbtent pas toujours \u00e0 sa communication. Entre l\u2019entra\u00eeneur et ses cadres. Mais aussi avec ses dirigeants.\u00bb<\/p>\n<p>            La suite apr\u00e8s cette publicit\u00e9<\/p>\n<p>        Bocquet a refus\u00e9 le d\u00e9part de Franck Haise<\/p>\n<p>Malgr\u00e9 une <a href=\"https:\/\/www.footmercato.net\/a654345959986255160-nice-franck-haise-confirme-des-tensions-dans-le-vestiaire\" target=\"_blank\" rel=\"noopener\">fracture manifeste avec une partie de son vestiaire<\/a> &#8211; peu sensible \u00e0 sa communication et \u00e0 ses critiques publiques &#8211; conjugu\u00e9e \u00e0 une crise de r\u00e9sultats in\u00e9dite, Haise est toujours en poste. L\u2019ex-entra\u00eeneur lensois a propos\u00e9 d\u2019\u00eatre \u00ab\u00a0l\u2019\u00e9lectrochoc\u00a0\u00bb apr\u00e8s la gifle subie face \u00e0 l\u2019OM vendredi \u00e0 l\u2019Allianz Riviera (5-1), mais sa direction n\u2019a pas l\u2019intention de s\u2019en s\u00e9parer. <\/p>\n<p>Autrement dit, Haise a demand\u00e9 \u00e0 quitter le club en esp\u00e9rant trouver un accord contractuel, mais son pr\u00e9sident, Fabrice Bocquet, s\u2019y est oppos\u00e9. Ce dernier a \u00e9galement signifi\u00e9 au vestiaire les envies de d\u00e9part de son coach, en insistant sur le fait qu\u2019il \u00e9tait toujours l\u2019homme de la situation \u00e0 ses yeux. De son c\u00f4t\u00e9, Haise n\u2019a pas fait myst\u00e8re de son souhait de partir devant ses joueurs. Ils sont aujourd\u2019hui tous au courant. Une situation qui plonge encore un peu plus le club dans le brouillard, et notamment le pr\u00e9sident Bocquet, dont le choix d\u2019avoir prolong\u00e9 Haise jusqu\u2019en 2029 au mois de septembre pose plus que jamais question\u2026<\/p>\n<p>\n    Pub. le 28\/11\/2025 08:15<br \/>\n            &#8211; MAJ le 28\/11\/2025 11:02\n    <\/p>\n","protected":false},"excerpt":{"rendered":"Nice a encore montr\u00e9 son sens du timing hier soir. Apr\u00e8s avoir encaiss\u00e9 des buts \u00e0 la 3e&hellip;\n","protected":false},"author":2,"featured_media":550621,"comment_status":"","ping_status":"","sticky":false,"template":"","format":"standard","meta":{"footnotes":""},"categories":[2819],"tags":[1111,11,1777,674,1011,27,12,2401,882,25],"class_list":{"0":"post-564251","1":"post","2":"type-post","3":"status-publish","4":"format-standard","5":"has-post-thumbnail","7":"category-nice","8":"tag-actu","9":"tag-actualites","10":"tag-eu","11":"tag-europe","12":"tag-fr","13":"tag-france","14":"tag-news","15":"tag-nice","16":"tag-provence-alpes-cote-dazur","17":"tag-republique-francaise"},"share_on_mastodon":{"url":"https:\/\/pubeurope.com\/@fr\/115626816640632774","error":""},"_links":{"self":[{"href":"https:\/\/www.europesays.com\/fr\/wp-json\/wp\/v2\/posts\/564251","targetHints":{"allow":["GET"]}}],"collection":[{"href":"https:\/\/www.europesays.com\/fr\/wp-json\/wp\/v2\/posts"}],"about":[{"href":"https:\/\/www.europesays.com\/fr\/wp-json\/wp\/v2\/types\/post"}],"author":[{"embeddable":true,"href":"https:\/\/www.europesays.com\/fr\/wp-json\/wp\/v2\/users\/2"}],"replies":[{"embeddable":true,"href":"https:\/\/www.europesays.com\/fr\/wp-json\/wp\/v2\/comments?post=564251"}],"version-history":[{"count":0,"href":"https:\/\/www.europesays.com\/fr\/wp-json\/wp\/v2\/posts\/564251\/revisions"}],"wp:featuredmedia":[{"embeddable":true,"href":"https:\/\/www.europesays.com\/fr\/wp-json\/wp\/v2\/media\/550621"}],"wp:attachment":[{"href":"https:\/\/www.europesays.com\/fr\/wp-json\/wp\/v2\/media?parent=564251"}],"wp:term":[{"taxonomy":"category","embeddable":true,"href":"https:\/\/www.europesays.com\/fr\/wp-json\/wp\/v2\/categories?post=564251"},{"taxonomy":"post_tag","embeddable":true,"href":"https:\/\/www.europesays.com\/fr\/wp-json\/wp\/v2\/tags?post=564251"}],"curies":[{"name":"wp","href":"https:\/\/api.w.org\/{rel}","templated":true}]}}