{"id":564252,"date":"2025-11-28T10:19:13","date_gmt":"2025-11-28T10:19:13","guid":{"rendered":"https:\/\/www.europesays.com\/fr\/564252\/"},"modified":"2025-11-28T10:19:13","modified_gmt":"2025-11-28T10:19:13","slug":"avec-mixt-nantes-brasse-les-arts-du-spectacle","status":"publish","type":"post","link":"https:\/\/www.europesays.com\/fr\/564252\/","title":{"rendered":"Avec Mixt, Nantes brasse les arts du spectacle"},"content":{"rendered":"<p>\u00c0 Nantes, Mixt \u00e9merge apr\u00e8s des ann\u00e9es de travaux pour r\u00e9unir danse, musique, th\u00e9\u00e2tre et bien plus encore. Un \u00e9quipement in\u00e9dit qui ambitionne de retisser le lien entre cr\u00e9ation, territoire et habitants.<\/p>\n<p>                                                <img decoding=\"async\" loading=\"lazy\" src=\"https:\/\/www.europesays.com\/fr\/wp-content\/uploads\/2025\/11\/Mixt-cropee-760x396-c-default.jpeg\"   width=\"760\" height=\"396\" alt=\"Le jardin et le b\u00e2timent de Mixt (ex-Grand T) \u00e0 Nantes\" aria-describedby=\"caption-post-172362\"\/><\/p>\n<p id=\"caption-attachment-172362\" class=\"wp-caption-text\">Mixt, nouveau Grand T, inauguration, week-ends d&rsquo;ouverture Paul Pascal &#8211; D\u00e9partement de Loire-Alantique<\/p>\n<p>Son absence laissait un grand vide dans le paysage culturel nantais. Dans quelques jours, le \u00ab\u00a0nouveau\u00a0\u00bb Grand T sortira\u00a0de sa chrysalide et les Nantais verront appara\u00eetre Mixt. \u00c0 l\u2019heure d\u2019une crise de la fili\u00e8re spectacle, la nouvelle institution culturelle, mariage du Grand T et de Musique et Danse en Loire-Atlantique, marque un changement d\u2019\u00e9poque en faisant le choix de la\u00a0pluridisciplinarit\u00e9 et d\u2019une diversification des activit\u00e9s et des ressources. Danse, musique et th\u00e9\u00e2tre, mais aussi jardin avec belv\u00e9d\u00e8re, bar-restaurant, studios de cr\u00e9ation, offres de fo\u2026<\/p>\n","protected":false},"excerpt":{"rendered":"\u00c0 Nantes, Mixt \u00e9merge apr\u00e8s des ann\u00e9es de travaux pour r\u00e9unir danse, musique, th\u00e9\u00e2tre et bien plus encore.&hellip;\n","protected":false},"author":2,"featured_media":564253,"comment_status":"","ping_status":"","sticky":false,"template":"","format":"standard","meta":{"footnotes":""},"categories":[2818],"tags":[1111,11,1777,674,1011,27,766,12,2636,25],"class_list":{"0":"post-564252","1":"post","2":"type-post","3":"status-publish","4":"format-standard","5":"has-post-thumbnail","7":"category-nantes","8":"tag-actu","9":"tag-actualites","10":"tag-eu","11":"tag-europe","12":"tag-fr","13":"tag-france","14":"tag-nantes","15":"tag-news","16":"tag-pays-de-la-loire","17":"tag-republique-francaise"},"share_on_mastodon":{"url":"https:\/\/pubeurope.com\/@fr\/115626822141352101","error":""},"_links":{"self":[{"href":"https:\/\/www.europesays.com\/fr\/wp-json\/wp\/v2\/posts\/564252","targetHints":{"allow":["GET"]}}],"collection":[{"href":"https:\/\/www.europesays.com\/fr\/wp-json\/wp\/v2\/posts"}],"about":[{"href":"https:\/\/www.europesays.com\/fr\/wp-json\/wp\/v2\/types\/post"}],"author":[{"embeddable":true,"href":"https:\/\/www.europesays.com\/fr\/wp-json\/wp\/v2\/users\/2"}],"replies":[{"embeddable":true,"href":"https:\/\/www.europesays.com\/fr\/wp-json\/wp\/v2\/comments?post=564252"}],"version-history":[{"count":0,"href":"https:\/\/www.europesays.com\/fr\/wp-json\/wp\/v2\/posts\/564252\/revisions"}],"wp:featuredmedia":[{"embeddable":true,"href":"https:\/\/www.europesays.com\/fr\/wp-json\/wp\/v2\/media\/564253"}],"wp:attachment":[{"href":"https:\/\/www.europesays.com\/fr\/wp-json\/wp\/v2\/media?parent=564252"}],"wp:term":[{"taxonomy":"category","embeddable":true,"href":"https:\/\/www.europesays.com\/fr\/wp-json\/wp\/v2\/categories?post=564252"},{"taxonomy":"post_tag","embeddable":true,"href":"https:\/\/www.europesays.com\/fr\/wp-json\/wp\/v2\/tags?post=564252"}],"curies":[{"name":"wp","href":"https:\/\/api.w.org\/{rel}","templated":true}]}}