{"id":564254,"date":"2025-11-28T10:20:21","date_gmt":"2025-11-28T10:20:21","guid":{"rendered":"https:\/\/www.europesays.com\/fr\/564254\/"},"modified":"2025-11-28T10:20:21","modified_gmt":"2025-11-28T10:20:21","slug":"une-expo-entre-archeologie-environnement-et-imaginaires-big-city-nantes","status":"publish","type":"post","link":"https:\/\/www.europesays.com\/fr\/564254\/","title":{"rendered":"Une expo entre arch\u00e9ologie, environnement et imaginaires \u2013 Big City Nantes"},"content":{"rendered":"<p><img loading=\"lazy\" width=\"527\" height=\"264\" src=\"https:\/\/www.europesays.com\/fr\/wp-content\/uploads\/2025\/11\/Marine-Lemaitre-Skincare-1-4-527x264.png\" class=\"attachment-csco-thumbnail-uncropped size-csco-thumbnail-uncropped wp-post-image\" alt=\"Le chronographe\" decoding=\"async\"  \/>\t<img loading=\"lazy\" width=\"1044\" height=\"522\" src=\"https:\/\/www.europesays.com\/fr\/wp-content\/uploads\/2025\/11\/Marine-Lemaitre-Skincare-1-4-1044x522.png\" class=\"attachment-csco-large-uncropped size-csco-large-uncropped wp-post-image\" alt=\"Le chronographe\" decoding=\"async\"  \/>\t<\/p>\n<p>\nCr\u00e9dit : Le chronographe <\/p>\n<p>Du <strong>20 septembre 2025 au 22 f\u00e9vrier 2026<\/strong>, une superbe exposition t\u2019attend ! Le<strong> <a href=\"https:\/\/lechronographe.nantesmetropole.fr\/agenda\/evenements\/\" target=\"_blank\" rel=\"noopener\">Chronographe<\/a> <\/strong>pr\u00e9sente\u00a0<strong>\u00ab Ceci n\u2019est pas qu\u2019un paysage ! \u00bb,<\/strong>\u00a0une exposition<strong> m\u00ealant arch\u00e9ologie, art et sciences naturelles<\/strong> pour explorer l\u2019\u00e9volution des paysages entre Loire, Erdre et S\u00e8vre. Pr\u00e8s de <strong>500 sites \u00e9tudi\u00e9s<\/strong> r\u00e9v\u00e8lent comment les soci\u00e9t\u00e9s ont transform\u00e9 leur environnement. Une approche sensible et transdisciplinaire interroge notre rapport au territoire, entre m\u00e9moire, imaginaire et enjeux \u00e9cologiques. Et dans le cadre de l\u2019exposition, une belle programmation t\u2019attend avec des ateliers, conf\u00e9rences, balades comment\u00e9es et bien d\u2019autres ! Suis le <a href=\"https:\/\/lechronographe.nantesmetropole.fr\/agenda\/evenements\/\" target=\"_blank\" rel=\"noreferrer noopener\">programme complet <\/a>ici \ud83d\ude09 <\/p>\n","protected":false},"excerpt":{"rendered":"Cr\u00e9dit : Le chronographe Du 20 septembre 2025 au 22 f\u00e9vrier 2026, une superbe exposition t\u2019attend ! Le&hellip;\n","protected":false},"author":2,"featured_media":564255,"comment_status":"","ping_status":"","sticky":false,"template":"","format":"standard","meta":{"footnotes":""},"categories":[2818],"tags":[1111,11,1777,674,1011,27,766,12,2636,25],"class_list":{"0":"post-564254","1":"post","2":"type-post","3":"status-publish","4":"format-standard","5":"has-post-thumbnail","7":"category-nantes","8":"tag-actu","9":"tag-actualites","10":"tag-eu","11":"tag-europe","12":"tag-fr","13":"tag-france","14":"tag-nantes","15":"tag-news","16":"tag-pays-de-la-loire","17":"tag-republique-francaise"},"share_on_mastodon":{"url":"https:\/\/pubeurope.com\/@fr\/115626825997715246","error":""},"_links":{"self":[{"href":"https:\/\/www.europesays.com\/fr\/wp-json\/wp\/v2\/posts\/564254","targetHints":{"allow":["GET"]}}],"collection":[{"href":"https:\/\/www.europesays.com\/fr\/wp-json\/wp\/v2\/posts"}],"about":[{"href":"https:\/\/www.europesays.com\/fr\/wp-json\/wp\/v2\/types\/post"}],"author":[{"embeddable":true,"href":"https:\/\/www.europesays.com\/fr\/wp-json\/wp\/v2\/users\/2"}],"replies":[{"embeddable":true,"href":"https:\/\/www.europesays.com\/fr\/wp-json\/wp\/v2\/comments?post=564254"}],"version-history":[{"count":0,"href":"https:\/\/www.europesays.com\/fr\/wp-json\/wp\/v2\/posts\/564254\/revisions"}],"wp:featuredmedia":[{"embeddable":true,"href":"https:\/\/www.europesays.com\/fr\/wp-json\/wp\/v2\/media\/564255"}],"wp:attachment":[{"href":"https:\/\/www.europesays.com\/fr\/wp-json\/wp\/v2\/media?parent=564254"}],"wp:term":[{"taxonomy":"category","embeddable":true,"href":"https:\/\/www.europesays.com\/fr\/wp-json\/wp\/v2\/categories?post=564254"},{"taxonomy":"post_tag","embeddable":true,"href":"https:\/\/www.europesays.com\/fr\/wp-json\/wp\/v2\/tags?post=564254"}],"curies":[{"name":"wp","href":"https:\/\/api.w.org\/{rel}","templated":true}]}}