{"id":564256,"date":"2025-11-28T10:22:27","date_gmt":"2025-11-28T10:22:27","guid":{"rendered":"https:\/\/www.europesays.com\/fr\/564256\/"},"modified":"2025-11-28T10:22:27","modified_gmt":"2025-11-28T10:22:27","slug":"pres-de-bordeaux-un-village-double-sa-population-et-se-densifie","status":"publish","type":"post","link":"https:\/\/www.europesays.com\/fr\/564256\/","title":{"rendered":"Pr\u00e8s de Bordeaux, un village double sa population et se densifie"},"content":{"rendered":"<p>Si tu passes aujourd\u2019hui par Saint-Vincent-de-Paul, \u00e0 l\u2019est de la presqu\u2019\u00eele d\u2019Amb\u00e8s, tu ne reconna\u00eetras peut-\u00eatre plus le village que certains habitants d\u00e9crivaient encore comme discret et paisible. Avec plus de 200 logements en chantier et la promesse d\u2019accueillir 600 habitants suppl\u00e9mentaires d\u2019ici 2030, le centre-bourg est en pleine m\u00e9tamorphose. La population va presque doubler, et avec elle, la vie du village.<\/p>\n<p>Depuis 2014, <strong><a href=\"https:\/\/www.bordeaux-metropole.fr\/\" target=\"_blank\" rel=\"noreferrer noopener\">Bordeaux M\u00e9tropole<\/a><\/strong> et les \u00e9lus locaux planchent sur un projet urbain ambitieux. Au programme : <strong>r\u00e9am\u00e9nagement de l\u2019avenue Gustave-Eiffel<\/strong>, <strong>enfouissement des r\u00e9seaux<\/strong>, <strong>cr\u00e9ation d\u2019une voie verte<\/strong>, <strong>agrandissement de l\u2019\u00e9cole<\/strong> et <strong>am\u00e9nagements publics financ\u00e9s par la taxe d\u2019am\u00e9nagement<\/strong>. Les premiers chantiers ont d\u00e9j\u00e0 livr\u00e9 32 maisons individuelles, 33 appartements en accession \u00e0 la propri\u00e9t\u00e9 et une cr\u00e8che de cinq berceaux. Une r\u00e9sidence interg\u00e9n\u00e9rationnelle de 35 logements ouvrira ses portes d\u00e9but 2026.<\/p>\n<p><img fetchpriority=\"high\" decoding=\"async\" width=\"600\" height=\"338\" src=\"https:\/\/www.europesays.com\/fr\/wp-content\/uploads\/2025\/11\/1764325343_791_image-254.png\" alt=\"\" class=\"wp-image-87033\" style=\"width:572px;height:auto\"  \/>Depuis 2014, Bordeaux M\u00e9tropole r\u00e9am\u00e9nage Saint-Vincent-de-Paul avec logements, \u00e9cole, voie verte et infrastructures. \u00a9Mairie de Saint-Vincent-de-Paul<\/p>\n<p>Derri\u00e8re l\u2019avenue Eiffel, d\u2019autres projets se concr\u00e9tisent : <strong>56 appartements par Icade<\/strong>, <strong>40 logements Nexity<\/strong> et <strong>21 logements sociaux Domofrance<\/strong>, avec commerces et espaces publics repens\u00e9s. Les habitants auront ainsi un centre-bourg plus dense, mais aussi plus vivant et fonctionnel.<\/p>\n<p>L\u2019arriv\u00e9e de <strong>l\u2019atelier Herm\u00e8s<\/strong> en 2021, employant <strong>250 artisans<\/strong>, a acc\u00e9l\u00e9r\u00e9 cette dynamique. Si certains habitants s\u2019inqui\u00e8tent de la circulation et des nuisances, d\u2019autres voient l\u2019opportunit\u00e9 de renforcer le dynamisme \u00e9conomique et commercial d\u00e9j\u00e0 pr\u00e9sent. <\/p>\n<p><img loading=\"lazy\" decoding=\"async\" width=\"1024\" height=\"580\" src=\"https:\/\/www.europesays.com\/fr\/wp-content\/uploads\/2025\/11\/image-255.png\" alt=\"\" class=\"wp-image-87034\" style=\"width:608px;height:auto\"  \/>L\u2019arriv\u00e9e d\u2019Herm\u00e8s en 2021 booste l\u2019\u00e9conomie locale, malgr\u00e9 inqui\u00e9tudes sur circulation et nuisances. \u00a9France Bleu <\/p>\n<p>Saint-Vincent-de-Paul se pr\u00e9pare donc \u00e0 une nouvelle \u00e8re : plus peupl\u00e9e, plus active et connect\u00e9e, mais avec l\u2019enjeu de conserver un \u00e9quilibre entre expansion et qualit\u00e9 de vie. Si tu y habites ou comptes t\u2019y installer, pr\u00e9pare-toi \u00e0 voir ton village se transformer sous tes yeux, tout en gardant un pied dans son histoire.<\/p>\n<p>\u00c0 lire aussi : <a href=\"https:\/\/www.bougerabordeaux.com\/actu\/nouvelle-liaison-tgv-bordeaux-lyon-un-trajet-de-5-heures-des-2027\/\" target=\"_blank\" rel=\"noreferrer noopener\">Nouvelle liaison TGV Bordeaux\u2013Lyon : un trajet de 5 heures d\u00e8s 2027<\/a><\/p>\n","protected":false},"excerpt":{"rendered":"Si tu passes aujourd\u2019hui par Saint-Vincent-de-Paul, \u00e0 l\u2019est de la presqu\u2019\u00eele d\u2019Amb\u00e8s, tu ne reconna\u00eetras peut-\u00eatre plus le&hellip;\n","protected":false},"author":2,"featured_media":564257,"comment_status":"","ping_status":"","sticky":false,"template":"","format":"standard","meta":{"footnotes":""},"categories":[2817],"tags":[1111,11,1997,1777,674,1011,27,12,2219,25],"class_list":{"0":"post-564256","1":"post","2":"type-post","3":"status-publish","4":"format-standard","5":"has-post-thumbnail","7":"category-bordeaux","8":"tag-actu","9":"tag-actualites","10":"tag-bordeaux","11":"tag-eu","12":"tag-europe","13":"tag-fr","14":"tag-france","15":"tag-news","16":"tag-nouvelle-aquitaine","17":"tag-republique-francaise"},"share_on_mastodon":{"url":"https:\/\/pubeurope.com\/@fr\/115626834493973993","error":""},"_links":{"self":[{"href":"https:\/\/www.europesays.com\/fr\/wp-json\/wp\/v2\/posts\/564256","targetHints":{"allow":["GET"]}}],"collection":[{"href":"https:\/\/www.europesays.com\/fr\/wp-json\/wp\/v2\/posts"}],"about":[{"href":"https:\/\/www.europesays.com\/fr\/wp-json\/wp\/v2\/types\/post"}],"author":[{"embeddable":true,"href":"https:\/\/www.europesays.com\/fr\/wp-json\/wp\/v2\/users\/2"}],"replies":[{"embeddable":true,"href":"https:\/\/www.europesays.com\/fr\/wp-json\/wp\/v2\/comments?post=564256"}],"version-history":[{"count":0,"href":"https:\/\/www.europesays.com\/fr\/wp-json\/wp\/v2\/posts\/564256\/revisions"}],"wp:featuredmedia":[{"embeddable":true,"href":"https:\/\/www.europesays.com\/fr\/wp-json\/wp\/v2\/media\/564257"}],"wp:attachment":[{"href":"https:\/\/www.europesays.com\/fr\/wp-json\/wp\/v2\/media?parent=564256"}],"wp:term":[{"taxonomy":"category","embeddable":true,"href":"https:\/\/www.europesays.com\/fr\/wp-json\/wp\/v2\/categories?post=564256"},{"taxonomy":"post_tag","embeddable":true,"href":"https:\/\/www.europesays.com\/fr\/wp-json\/wp\/v2\/tags?post=564256"}],"curies":[{"name":"wp","href":"https:\/\/api.w.org\/{rel}","templated":true}]}}