{"id":564264,"date":"2025-11-28T10:29:12","date_gmt":"2025-11-28T10:29:12","guid":{"rendered":"https:\/\/www.europesays.com\/fr\/564264\/"},"modified":"2025-11-28T10:29:12","modified_gmt":"2025-11-28T10:29:12","slug":"m-pokora-revient-en-force-au-zenith-de-lille-deuxieme-date-exceptionnelle-ce-dimanche-30-novembre","status":"publish","type":"post","link":"https:\/\/www.europesays.com\/fr\/564264\/","title":{"rendered":"M. Pokora revient en force au Z\u00e9nith de Lille\u00a0: deuxi\u00e8me date exceptionnelle ce dimanche 30 novembre"},"content":{"rendered":"<p>Lille n\u2019a clairement pas fini de frissonner. Apr\u00e8s un premier concert explosif le samedi 22 novembre, M. Pokora fait son grand retour ce dimanche 30 novembre au Z\u00e9nith de Lille pour offrir aux fans nordistes une deuxi\u00e8me dose d\u2019adr\u00e9naline.\n<\/p>\n<p><strong>Un show monumental, digne des plus grandes sc\u00e8nes internationales<\/strong><\/p>\n<p>Depuis le lancement de cette nouvelle tourn\u00e9e, une chose est s\u00fbre\u00a0:\u00a0<a target=\"_blank\" rel=\"nofollow noopener noreferrer\" class=\"IciLink ici-link IciArticleLink g-ici-body-regular-1 underline brand svelte-1chfe2s\" href=\"https:\/\/www.adrenalinetour.fr\/\">M. Pokora<\/a>\u00a0a d\u00e9cid\u00e9 de repousser les limites.<br \/><strong>La mise en sc\u00e8ne, enti\u00e8rement repens\u00e9e, est annonc\u00e9e comme l\u2019une des plus impressionnantes jamais pr\u00e9sent\u00e9es en France<\/strong>\u00a0:<\/p>\n<ul>\n<li>sc\u00e9nographie immersive,<\/li>\n<li>jeu de lumi\u00e8res millim\u00e9tr\u00e9,<\/li>\n<li>effets visuels XXL,<\/li>\n<li>chor\u00e9graphies d\u2019une pr\u00e9cision chirurgicale,<\/li>\n<li>et un M. Pokora plus en forme que jamais.<\/li>\n<\/ul>\n<p>Le public lillois en a d\u00e9j\u00e0 eu un avant-go\u00fbt la semaine derni\u00e8re\u00a0: <strong>un spectacle \u00e9nergique, puissant, calibr\u00e9 comme un v\u00e9ritable blockbuster musical<\/strong>.<\/p>\n<p><strong>Lille, un public \u00e0 part pour M. Pokora<\/strong><\/p>\n<p>Le chanteur l\u2019a r\u00e9p\u00e9t\u00e9\u00a0: le Nord fait partie de ces r\u00e9gions o\u00f9 l\u2019\u00e9nergie du public porte litt\u00e9ralement le spectacle.<br \/>La demande ayant \u00e9t\u00e9 tr\u00e8s forte, cette deuxi\u00e8me date permet de satisfaire les nombreux fans qui n\u2019avaient pas pu assister au premier show complet.<\/p>\n<p><strong>Un rendez-vous incontournable ce dimanche<\/strong><\/p>\n<p>Le\u00a0<a target=\"_blank\" rel=\"nofollow noopener noreferrer\" class=\"IciLink ici-link IciArticleLink g-ici-body-regular-1 underline brand svelte-1chfe2s\" href=\"https:\/\/www.zenithdelille.com\/\">Z\u00e9nith<\/a>\u00a0s\u2019appr\u00eate donc \u00e0 redevenir une salle sous haute tension\u00a0: deux heures de tubes, de danse, d\u2019interactions et de performances calibr\u00e9es au millim\u00e8tre\u2026<br \/>Bref, <strong>un moment \u00e0 vivre et \u00e0 sentir dans tout son corps<\/strong>, parce que l\u2019Adr\u00e9naline Tour ne se regarde pas seulement\u00a0: il se ressent.<\/p>\n","protected":false},"excerpt":{"rendered":"Lille n\u2019a clairement pas fini de frissonner. Apr\u00e8s un premier concert explosif le samedi 22 novembre, M. Pokora&hellip;\n","protected":false},"author":2,"featured_media":564265,"comment_status":"","ping_status":"","sticky":false,"template":"","format":"standard","meta":{"footnotes":""},"categories":[2815],"tags":[1111,11,1777,674,1011,27,811,1307,12,25],"class_list":{"0":"post-564264","1":"post","2":"type-post","3":"status-publish","4":"format-standard","5":"has-post-thumbnail","7":"category-lille","8":"tag-actu","9":"tag-actualites","10":"tag-eu","11":"tag-europe","12":"tag-fr","13":"tag-france","14":"tag-hauts-de-france","15":"tag-lille","16":"tag-news","17":"tag-republique-francaise"},"share_on_mastodon":{"url":"https:\/\/pubeurope.com\/@fr\/115626859898717407","error":""},"_links":{"self":[{"href":"https:\/\/www.europesays.com\/fr\/wp-json\/wp\/v2\/posts\/564264","targetHints":{"allow":["GET"]}}],"collection":[{"href":"https:\/\/www.europesays.com\/fr\/wp-json\/wp\/v2\/posts"}],"about":[{"href":"https:\/\/www.europesays.com\/fr\/wp-json\/wp\/v2\/types\/post"}],"author":[{"embeddable":true,"href":"https:\/\/www.europesays.com\/fr\/wp-json\/wp\/v2\/users\/2"}],"replies":[{"embeddable":true,"href":"https:\/\/www.europesays.com\/fr\/wp-json\/wp\/v2\/comments?post=564264"}],"version-history":[{"count":0,"href":"https:\/\/www.europesays.com\/fr\/wp-json\/wp\/v2\/posts\/564264\/revisions"}],"wp:featuredmedia":[{"embeddable":true,"href":"https:\/\/www.europesays.com\/fr\/wp-json\/wp\/v2\/media\/564265"}],"wp:attachment":[{"href":"https:\/\/www.europesays.com\/fr\/wp-json\/wp\/v2\/media?parent=564264"}],"wp:term":[{"taxonomy":"category","embeddable":true,"href":"https:\/\/www.europesays.com\/fr\/wp-json\/wp\/v2\/categories?post=564264"},{"taxonomy":"post_tag","embeddable":true,"href":"https:\/\/www.europesays.com\/fr\/wp-json\/wp\/v2\/tags?post=564264"}],"curies":[{"name":"wp","href":"https:\/\/api.w.org\/{rel}","templated":true}]}}