{"id":56427,"date":"2025-04-27T08:50:09","date_gmt":"2025-04-27T08:50:09","guid":{"rendered":"https:\/\/www.europesays.com\/fr\/56427\/"},"modified":"2025-04-27T08:50:09","modified_gmt":"2025-04-27T08:50:09","slug":"tribune-libre-jeanick-brisswalter-universite-cote-dazur-solidaire-des-chercheurs-americains-menaces","status":"publish","type":"post","link":"https:\/\/www.europesays.com\/fr\/56427\/","title":{"rendered":"Tribune libre. Jeanick Brisswalter: \u00ab\u00a0Universit\u00e9 C\u00f4te d\u2019Azur, solidaire des chercheurs am\u00e9ricains menac\u00e9s\u00a0\u00bb"},"content":{"rendered":"<p>Face aux atteintes sans pr\u00e9c\u00e9dent port\u00e9es \u00e0 la science outre-Atlantique, Universit\u00e9 C\u00f4te d\u2019Azur affirme avec force sa solidarit\u00e9 et son soutien aux chercheurs et chercheuses am\u00e9ricains.<\/p>\n<p>Fid\u00e8le \u00e0 ses valeurs fondatrices d\u2019ouverture, de libert\u00e9 acad\u00e9mique et de responsabilit\u00e9 sociale, notre universit\u00e9 se mobilise pour soutenir celles et ceux que les r\u00e9centes d\u00e9cisions du gouvernement am\u00e9ricain ont plac\u00e9 dans une situation critique et aider \u00e0 la continuit\u00e9 des recherches dans les domaines cibl\u00e9s par le gouvernement am\u00e9ricain notamment avec nos partenaires privil\u00e9gi\u00e9s aux Etats-Unis<\/p>\n<p>Les coupes budg\u00e9taires brutales dans la recherche, les fermetures d\u2019agences f\u00e9d\u00e9rales et d\u2019acc\u00e8s aux banques de donn\u00e9es, la remise en cause des programmes sur le climat, la sant\u00e9 publique ou encore en Sciences humaines et sociales traduisent une volont\u00e9 inqui\u00e9tante de contr\u00f4ler la science et le fait scientifique. Ces mesures affectent d\u00e8s \u00e0 pr\u00e9sent l\u2019avenir de la recherche scientifique, non seulement aux \u00c9tats-Unis, mais aussi sur la sc\u00e8ne mondiale.<\/p>\n<p>La science ne conna\u00eet pas de fronti\u00e8res<\/p>\n<p>\u00c0 Universit\u00e9 C\u00f4te d\u2019Azur, nous refusons cette logique de repli. Nous croyons que la science ne conna\u00eet pas de fronti\u00e8res. Et nous agissons. Plusieurs dispositifs sont aujourd\u2019hui d\u00e9ploy\u00e9s pour supporter intellectuellement et institutionnellement les scientifiques et les th\u00e9matiques emp\u00each\u00e9s. Notre Initiative d\u2019Excellence ouvre un parcours d\u00e9di\u00e9 dans son programme de recherches avanc\u00e9es, pour des s\u00e9jours de 6 \u00e0 24 mois. Le Cluster 3IA C\u00f4te d\u2019Azur 2030 colorera ses chaires internationales pour les int\u00e9grer. L\u2019Institute of Advanced Studies que nous lan\u00e7ons cette ann\u00e9e pr\u00e9voit des contrats accompagn\u00e9s de packages de d\u00e9marrage. Nous sommes \u00e9galement en mesure d\u2019h\u00e9berger jusqu\u2019\u00e0 huit scientifiques, tout en stabilisant leurs collaborations.<\/p>\n<p>Pour les jeunes chercheurs et chercheuses, le Programme d\u2019Excellence Jeunes Chercheurs propose des financements de deux ans renouvelables, leur permettant d\u2019int\u00e9grer durablement une \u00e9quipe de notre site.<\/p>\n<p>Au-del\u00e0 de l\u2019accueil, c\u2019est un engagement plus large que nous assumons. Nous renforcerons nos partenariats avec les universit\u00e9s am\u00e9ricaines, y compris en adaptant nos r\u00e8gles de cofinancement pour faire face \u00e0 l\u2019urgence, notamment dans les domaines du changement climatique, des risques environnementaux, des arts et des sciences humaines et sociales.<br \/>&#13;<br \/>\nNous appelons les institutions europ\u00e9ennes et fran\u00e7aises \u00e0 se joindre \u00e0 cet effort. Car aujourd\u2019hui, soutenir ces scientifiques, c\u2019est d\u00e9fendre une certaine id\u00e9e de la recherche: critique, rigoureuse, humaniste.<\/p>\n<p><strong>&gt; Les propos, remarques et commentaires exprim\u00e9s, publi\u00e9s dans les \u00ab\u2005Tribunes libres\u2005\u00bb n\u2019engagent que leurs auteurs.<\/strong><\/p>\n<p>              <img ci-src=\"https:\/\/www.nicematin.com\/opinion\/DELIGNE+UNIVERSITE+USA-i7YZ5GKu.jpg?vh=7be02e&amp;ci_seal=86645f7fec\" alt=\"\"\/><br \/>\n         <strong>Deligne.<\/strong> <\/p>\n","protected":false},"excerpt":{"rendered":"Face aux atteintes sans pr\u00e9c\u00e9dent port\u00e9es \u00e0 la science outre-Atlantique, Universit\u00e9 C\u00f4te d\u2019Azur affirme avec force sa solidarit\u00e9&hellip;\n","protected":false},"author":2,"featured_media":56428,"comment_status":"","ping_status":"","sticky":false,"template":"","format":"standard","meta":{"footnotes":""},"categories":[2819],"tags":[1111,11,1777,674,1011,27,12,2401,4536,882,25],"class_list":{"0":"post-56427","1":"post","2":"type-post","3":"status-publish","4":"format-standard","5":"has-post-thumbnail","7":"category-nice","8":"tag-actu","9":"tag-actualites","10":"tag-eu","11":"tag-europe","12":"tag-fr","13":"tag-france","14":"tag-news","15":"tag-nice","16":"tag-opinion","17":"tag-provence-alpes-cote-dazur","18":"tag-republique-francaise"},"share_on_mastodon":{"url":"https:\/\/pubeurope.com\/@fr\/114409073814200613","error":""},"_links":{"self":[{"href":"https:\/\/www.europesays.com\/fr\/wp-json\/wp\/v2\/posts\/56427","targetHints":{"allow":["GET"]}}],"collection":[{"href":"https:\/\/www.europesays.com\/fr\/wp-json\/wp\/v2\/posts"}],"about":[{"href":"https:\/\/www.europesays.com\/fr\/wp-json\/wp\/v2\/types\/post"}],"author":[{"embeddable":true,"href":"https:\/\/www.europesays.com\/fr\/wp-json\/wp\/v2\/users\/2"}],"replies":[{"embeddable":true,"href":"https:\/\/www.europesays.com\/fr\/wp-json\/wp\/v2\/comments?post=56427"}],"version-history":[{"count":0,"href":"https:\/\/www.europesays.com\/fr\/wp-json\/wp\/v2\/posts\/56427\/revisions"}],"wp:featuredmedia":[{"embeddable":true,"href":"https:\/\/www.europesays.com\/fr\/wp-json\/wp\/v2\/media\/56428"}],"wp:attachment":[{"href":"https:\/\/www.europesays.com\/fr\/wp-json\/wp\/v2\/media?parent=56427"}],"wp:term":[{"taxonomy":"category","embeddable":true,"href":"https:\/\/www.europesays.com\/fr\/wp-json\/wp\/v2\/categories?post=56427"},{"taxonomy":"post_tag","embeddable":true,"href":"https:\/\/www.europesays.com\/fr\/wp-json\/wp\/v2\/tags?post=56427"}],"curies":[{"name":"wp","href":"https:\/\/api.w.org\/{rel}","templated":true}]}}