{"id":564270,"date":"2025-11-28T10:33:11","date_gmt":"2025-11-28T10:33:11","guid":{"rendered":"https:\/\/www.europesays.com\/fr\/564270\/"},"modified":"2025-11-28T10:33:11","modified_gmt":"2025-11-28T10:33:11","slug":"il-venait-de-se-trancher-la-gorge","status":"publish","type":"post","link":"https:\/\/www.europesays.com\/fr\/564270\/","title":{"rendered":"il venait de se trancher la gorge"},"content":{"rendered":"<p itemprop=\"description\"><strong>La police caladoise a \u00e9t\u00e9 efficace ce mardi.<\/strong><\/p>\n<p>Dans la journ\u00e9e, les proches d&rsquo;un homme ont signal\u00e9 sa disparition inqui\u00e9tante. Il avait coup\u00e9 son t\u00e9l\u00e9phone et s&rsquo;\u00e9tait volatilis\u00e9. Mais le soir, sa piste a \u00e9t\u00e9 retrouv\u00e9e par les forces de l&rsquo;ordre. Elle menait \u00e0 un h\u00f4tel situ\u00e9 boulevard Louis-Blanc \u00e0 Villefranche-sur-Sa\u00f4ne.<\/p>\n<p>En arrivant sur place, les fonctionnaires ont eu le sentiment d&rsquo;avoir eu la bonne intuition, au bon moment. Car l&rsquo;homme disparu avait pris une chambre puis s&rsquo;\u00e9tait tranch\u00e9 la gorge avec un cutter dans la baignoire. Des faits qui venaient de se produire.<\/p>\n<p>Imm\u00e9diatement, les policiers ont improvis\u00e9 une compresse plaqu\u00e9e sur la gorge de la victime et ont pr\u00e9venu les pompiers qui ont pris le relais.<\/p>\n<p>Le quinquag\u00e9naire suicidaire a ainsi pu \u00eatre sauv\u00e9. L&rsquo;origine de son geste d\u00e9sesp\u00e9r\u00e9 n&rsquo;est pas connue.<\/p>\n","protected":false},"excerpt":{"rendered":"La police caladoise a \u00e9t\u00e9 efficace ce mardi. Dans la journ\u00e9e, les proches d&rsquo;un homme ont signal\u00e9 sa&hellip;\n","protected":false},"author":2,"featured_media":564271,"comment_status":"","ping_status":"","sticky":false,"template":"","format":"standard","meta":{"footnotes":""},"categories":[1889],"tags":[1111,11,2813,2190,2430,1109,251,1112,2811,1777,674,118,1011,27,1922,1110,1114,2428,2810,12,241,316,25,2812,517,800],"class_list":{"0":"post-564270","1":"post","2":"type-post","3":"status-publish","4":"format-standard","5":"has-post-thumbnail","7":"category-lyon","8":"tag-actu","9":"tag-actualites","10":"tag-article","11":"tag-asvel","12":"tag-auvergne-rhone-alpes","13":"tag-breves","14":"tag-culture","15":"tag-depeches","16":"tag-economique","17":"tag-eu","18":"tag-europe","19":"tag-faits-divers","20":"tag-fr","21":"tag-france","22":"tag-info","23":"tag-informations","24":"tag-infos","25":"tag-lyon","26":"tag-lyonmag","27":"tag-news","28":"tag-ol","29":"tag-politique","30":"tag-republique-francaise","31":"tag-sociale","32":"tag-sport","33":"tag-transports"},"share_on_mastodon":{"url":"https:\/\/pubeurope.com\/@fr\/115626875770188571","error":""},"_links":{"self":[{"href":"https:\/\/www.europesays.com\/fr\/wp-json\/wp\/v2\/posts\/564270","targetHints":{"allow":["GET"]}}],"collection":[{"href":"https:\/\/www.europesays.com\/fr\/wp-json\/wp\/v2\/posts"}],"about":[{"href":"https:\/\/www.europesays.com\/fr\/wp-json\/wp\/v2\/types\/post"}],"author":[{"embeddable":true,"href":"https:\/\/www.europesays.com\/fr\/wp-json\/wp\/v2\/users\/2"}],"replies":[{"embeddable":true,"href":"https:\/\/www.europesays.com\/fr\/wp-json\/wp\/v2\/comments?post=564270"}],"version-history":[{"count":0,"href":"https:\/\/www.europesays.com\/fr\/wp-json\/wp\/v2\/posts\/564270\/revisions"}],"wp:featuredmedia":[{"embeddable":true,"href":"https:\/\/www.europesays.com\/fr\/wp-json\/wp\/v2\/media\/564271"}],"wp:attachment":[{"href":"https:\/\/www.europesays.com\/fr\/wp-json\/wp\/v2\/media?parent=564270"}],"wp:term":[{"taxonomy":"category","embeddable":true,"href":"https:\/\/www.europesays.com\/fr\/wp-json\/wp\/v2\/categories?post=564270"},{"taxonomy":"post_tag","embeddable":true,"href":"https:\/\/www.europesays.com\/fr\/wp-json\/wp\/v2\/tags?post=564270"}],"curies":[{"name":"wp","href":"https:\/\/api.w.org\/{rel}","templated":true}]}}